{"id":1446,"date":"2023-12-27T14:37:42","date_gmt":"2023-12-27T13:37:42","guid":{"rendered":"https:\/\/istanbulsmiskou.sk\/?p=1446"},"modified":"2025-12-15T10:22:46","modified_gmt":"2025-12-15T09:22:46","slug":"nardugan-staroveky-predchodca-vianocnych-tradicii","status":"publish","type":"post","link":"https:\/\/istanbulsmiskou.sk\/?p=1446","title":{"rendered":"Nardugan &#8211; starovek\u00fd predchodca Viano\u010dn\u00fdch trad\u00edci\u00ed?"},"content":{"rendered":"\t\t<div data-elementor-type=\"wp-post\" data-elementor-id=\"1446\" class=\"elementor elementor-1446\">\n\t\t\t\t\t\t<section class=\"elementor-section elementor-top-section elementor-element elementor-element-827ef3d elementor-section-boxed elementor-section-height-default elementor-section-height-default\" data-id=\"827ef3d\" data-element_type=\"section\" data-e-type=\"section\">\n\t\t\t\t\t\t<div class=\"elementor-container elementor-column-gap-default\">\n\t\t\t\t\t<div class=\"elementor-column elementor-col-100 elementor-top-column elementor-element elementor-element-c7d328c\" data-id=\"c7d328c\" data-element_type=\"column\" data-e-type=\"column\">\n\t\t\t<div class=\"elementor-widget-wrap elementor-element-populated\">\n\t\t\t\t\t\t<div class=\"elementor-element elementor-element-6098214 elementor-widget elementor-widget-text-editor\" data-id=\"6098214\" data-element_type=\"widget\" data-e-type=\"widget\" data-widget_type=\"text-editor.default\">\n\t\t\t\t<div class=\"elementor-widget-container\">\n\t\t\t\t\t\t\t\t\t<p>V hist\u00f3rii \u013eudstva <b>existuje mnoho tradi\u010dn\u00fdch sviatkov, ktor\u00e9 odr\u00e1\u017eaj\u00fa bohat\u00fa kult\u00faru a n\u00e1bo\u017eensk\u00e9 presved\u010denia r\u00f4znych civiliz\u00e1ci\u00ed.<\/b>\u00a0Jedn\u00fdm z nich je pr\u00e1ve <b>Nardugan<\/b>, ktor\u00fd m\u00e1 <b>hlbok\u00e9 korene v r\u00f4znych \u010dastiach sveta <\/b>a<b>\u00a0<\/b>pon\u00faka poh\u013ead na <b>starovek\u00e9 oslavy spojen\u00e9 s pr\u00edrodou, plodnos\u0165ou a obnovou \u017eivota.<\/b><\/p><p><b>Pr\u00e1ve Nardugan je pre mnoh\u00fdch starovek\u00fd predchodca Viano\u010dn\u00fdch trad\u00edci\u00ed, ktor\u00e9 si dnes cenn\u00edme.\u00a0<\/b>V tomto\u00a0\u010dl\u00e1nku sa pozrieme<b> bli\u017e\u0161ie na hist\u00f3riou, jeho symbolikou a r\u00f4znymi formami, ak\u00fdmi bol oslavovan\u00fd.<\/b><\/p>\t\t\t\t\t\t\t\t<\/div>\n\t\t\t\t<\/div>\n\t\t\t\t\t<\/div>\n\t\t<\/div>\n\t\t\t\t\t<\/div>\n\t\t<\/section>\n\t\t\t\t<section class=\"elementor-section elementor-top-section elementor-element elementor-element-38516c5 elementor-section-boxed elementor-section-height-default elementor-section-height-default\" data-id=\"38516c5\" data-element_type=\"section\" data-e-type=\"section\">\n\t\t\t\t\t\t<div class=\"elementor-container elementor-column-gap-default\">\n\t\t\t\t\t<div class=\"elementor-column elementor-col-50 elementor-top-column elementor-element elementor-element-8fa6c53\" data-id=\"8fa6c53\" data-element_type=\"column\" data-e-type=\"column\">\n\t\t\t<div class=\"elementor-widget-wrap elementor-element-populated\">\n\t\t\t\t\t\t<div class=\"elementor-element elementor-element-73147ae elementor-widget elementor-widget-image\" data-id=\"73147ae\" data-element_type=\"widget\" data-e-type=\"widget\" data-widget_type=\"image.default\">\n\t\t\t\t<div class=\"elementor-widget-container\">\n\t\t\t\t\t\t\t\t\t\t\t\t<figure class=\"wp-caption\">\n\t\t\t\t\t\t\t\t\t\t\t<a href=\"https:\/\/herohero.co\/istanbulsmiskou\/subscribe\">\n\t\t\t\t\t\t\t<img fetchpriority=\"high\" decoding=\"async\" width=\"790\" height=\"996\" src=\"https:\/\/i0.wp.com\/istanbulsmiskou.sk\/wp-content\/uploads\/2024\/12\/Velka-Mapa-Istanbulu-1.jpg?fit=790%2C996&amp;ssl=1\" class=\"attachment-large size-large wp-image-2290\" alt=\"\" srcset=\"https:\/\/i0.wp.com\/istanbulsmiskou.sk\/wp-content\/uploads\/2024\/12\/Velka-Mapa-Istanbulu-1.jpg?w=1179&amp;ssl=1 1179w, https:\/\/i0.wp.com\/istanbulsmiskou.sk\/wp-content\/uploads\/2024\/12\/Velka-Mapa-Istanbulu-1.jpg?resize=238%2C300&amp;ssl=1 238w, https:\/\/i0.wp.com\/istanbulsmiskou.sk\/wp-content\/uploads\/2024\/12\/Velka-Mapa-Istanbulu-1.jpg?resize=812%2C1024&amp;ssl=1 812w, https:\/\/i0.wp.com\/istanbulsmiskou.sk\/wp-content\/uploads\/2024\/12\/Velka-Mapa-Istanbulu-1.jpg?resize=768%2C968&amp;ssl=1 768w, https:\/\/i0.wp.com\/istanbulsmiskou.sk\/wp-content\/uploads\/2024\/12\/Velka-Mapa-Istanbulu-1.jpg?resize=48%2C60&amp;ssl=1 48w\" sizes=\"(max-width: 790px) 100vw, 790px\" \/>\t\t\t\t\t\t\t\t<\/a>\n\t\t\t\t\t\t\t\t\t\t\t<figcaption class=\"widget-image-caption wp-caption-text\">klikni pre ve\u013ek\u00fa mapu Istanbulu<\/figcaption>\n\t\t\t\t\t\t\t\t\t\t<\/figure>\n\t\t\t\t\t\t\t\t\t<\/div>\n\t\t\t\t<\/div>\n\t\t\t\t\t<\/div>\n\t\t<\/div>\n\t\t\t\t<div class=\"elementor-column elementor-col-50 elementor-top-column elementor-element elementor-element-7033d71\" data-id=\"7033d71\" data-element_type=\"column\" data-e-type=\"column\">\n\t\t\t<div class=\"elementor-widget-wrap elementor-element-populated\">\n\t\t\t\t\t\t<div class=\"elementor-element elementor-element-0e2c309 elementor-widget elementor-widget-image\" data-id=\"0e2c309\" data-element_type=\"widget\" data-e-type=\"widget\" data-widget_type=\"image.default\">\n\t\t\t\t<div class=\"elementor-widget-container\">\n\t\t\t\t\t\t\t\t\t\t\t\t<figure class=\"wp-caption\">\n\t\t\t\t\t\t\t\t\t\t\t<a href=\"https:\/\/herohero.co\/istanbulsmiskou\/subscribe\">\n\t\t\t\t\t\t\t<img decoding=\"async\" width=\"724\" height=\"1024\" src=\"https:\/\/i0.wp.com\/istanbulsmiskou.sk\/wp-content\/uploads\/2024\/04\/Gray-Simple-Company-Profile-Flyer-7.png?fit=724%2C1024&amp;ssl=1\" class=\"attachment-large size-large wp-image-2302\" alt=\"\" srcset=\"https:\/\/i0.wp.com\/istanbulsmiskou.sk\/wp-content\/uploads\/2024\/04\/Gray-Simple-Company-Profile-Flyer-7.png?w=1414&amp;ssl=1 1414w, https:\/\/i0.wp.com\/istanbulsmiskou.sk\/wp-content\/uploads\/2024\/04\/Gray-Simple-Company-Profile-Flyer-7.png?resize=212%2C300&amp;ssl=1 212w, https:\/\/i0.wp.com\/istanbulsmiskou.sk\/wp-content\/uploads\/2024\/04\/Gray-Simple-Company-Profile-Flyer-7.png?resize=724%2C1024&amp;ssl=1 724w, https:\/\/i0.wp.com\/istanbulsmiskou.sk\/wp-content\/uploads\/2024\/04\/Gray-Simple-Company-Profile-Flyer-7.png?resize=768%2C1086&amp;ssl=1 768w, https:\/\/i0.wp.com\/istanbulsmiskou.sk\/wp-content\/uploads\/2024\/04\/Gray-Simple-Company-Profile-Flyer-7.png?resize=1086%2C1536&amp;ssl=1 1086w, https:\/\/i0.wp.com\/istanbulsmiskou.sk\/wp-content\/uploads\/2024\/04\/Gray-Simple-Company-Profile-Flyer-7.png?resize=42%2C60&amp;ssl=1 42w\" sizes=\"(max-width: 724px) 100vw, 724px\" \/>\t\t\t\t\t\t\t\t<\/a>\n\t\t\t\t\t\t\t\t\t\t\t<figcaption class=\"widget-image-caption wp-caption-text\">klikni pre ve\u013ek\u00fa mapu Istanbulu<\/figcaption>\n\t\t\t\t\t\t\t\t\t\t<\/figure>\n\t\t\t\t\t\t\t\t\t<\/div>\n\t\t\t\t<\/div>\n\t\t\t\t\t<\/div>\n\t\t<\/div>\n\t\t\t\t\t<\/div>\n\t\t<\/section>\n\t\t\t\t<section class=\"elementor-section elementor-top-section elementor-element elementor-element-b7b5241 elementor-section-boxed elementor-section-height-default elementor-section-height-default\" data-id=\"b7b5241\" data-element_type=\"section\" data-e-type=\"section\">\n\t\t\t\t\t\t<div class=\"elementor-container elementor-column-gap-default\">\n\t\t\t\t\t<div class=\"elementor-column elementor-col-100 elementor-top-column elementor-element elementor-element-7006d09\" data-id=\"7006d09\" data-element_type=\"column\" data-e-type=\"column\">\n\t\t\t<div class=\"elementor-widget-wrap elementor-element-populated\">\n\t\t\t\t\t\t<div class=\"elementor-element elementor-element-801eb25 elementor-widget elementor-widget-image\" data-id=\"801eb25\" data-element_type=\"widget\" data-e-type=\"widget\" data-widget_type=\"image.default\">\n\t\t\t\t<div class=\"elementor-widget-container\">\n\t\t\t\t\t\t\t\t\t\t\t\t<figure class=\"wp-caption\">\n\t\t\t\t\t\t\t\t\t\t<img decoding=\"async\" width=\"790\" height=\"785\" src=\"https:\/\/i0.wp.com\/istanbulsmiskou.sk\/wp-content\/uploads\/2023\/12\/Nardufgan-2.jpg?fit=790%2C785&amp;ssl=1\" class=\"attachment-large size-large wp-image-1450\" alt=\"\" srcset=\"https:\/\/i0.wp.com\/istanbulsmiskou.sk\/wp-content\/uploads\/2023\/12\/Nardufgan-2.jpg?w=1500&amp;ssl=1 1500w, https:\/\/i0.wp.com\/istanbulsmiskou.sk\/wp-content\/uploads\/2023\/12\/Nardufgan-2.jpg?resize=300%2C298&amp;ssl=1 300w, https:\/\/i0.wp.com\/istanbulsmiskou.sk\/wp-content\/uploads\/2023\/12\/Nardufgan-2.jpg?resize=1024%2C1017&amp;ssl=1 1024w, https:\/\/i0.wp.com\/istanbulsmiskou.sk\/wp-content\/uploads\/2023\/12\/Nardufgan-2.jpg?resize=150%2C150&amp;ssl=1 150w, https:\/\/i0.wp.com\/istanbulsmiskou.sk\/wp-content\/uploads\/2023\/12\/Nardufgan-2.jpg?resize=768%2C763&amp;ssl=1 768w, https:\/\/i0.wp.com\/istanbulsmiskou.sk\/wp-content\/uploads\/2023\/12\/Nardufgan-2.jpg?resize=60%2C60&amp;ssl=1 60w\" sizes=\"(max-width: 790px) 100vw, 790px\" \/>\t\t\t\t\t\t\t\t\t\t\t<figcaption class=\"widget-image-caption wp-caption-text\">jeden z hlavny\u0107h symbolov festivalu Nardugan - Strom \u017divota<\/figcaption>\n\t\t\t\t\t\t\t\t\t\t<\/figure>\n\t\t\t\t\t\t\t\t\t<\/div>\n\t\t\t\t<\/div>\n\t\t\t\t\t<\/div>\n\t\t<\/div>\n\t\t\t\t\t<\/div>\n\t\t<\/section>\n\t\t\t\t<section class=\"elementor-section elementor-top-section elementor-element elementor-element-62b72be elementor-section-boxed elementor-section-height-default elementor-section-height-default\" data-id=\"62b72be\" data-element_type=\"section\" data-e-type=\"section\">\n\t\t\t\t\t\t<div class=\"elementor-container elementor-column-gap-default\">\n\t\t\t\t\t<div class=\"elementor-column elementor-col-100 elementor-top-column elementor-element elementor-element-1411b02\" data-id=\"1411b02\" data-element_type=\"column\" data-e-type=\"column\">\n\t\t\t<div class=\"elementor-widget-wrap elementor-element-populated\">\n\t\t\t\t\t\t<div class=\"elementor-element elementor-element-6fe8413 elementor-widget elementor-widget-heading\" data-id=\"6fe8413\" data-element_type=\"widget\" data-e-type=\"widget\" data-widget_type=\"heading.default\">\n\t\t\t\t<div class=\"elementor-widget-container\">\n\t\t\t\t\t<div id=\"ez-toc-container\" class=\"ez-toc-v2_0_82_2 ez-toc-wrap-left-text counter-hierarchy ez-toc-counter ez-toc-custom ez-toc-container-direction\">\n<div class=\"ez-toc-title-container\">\n<p class=\"ez-toc-title\" style=\"cursor:inherit\">Obsah \u010dl\u00e1nku<\/p>\n<span class=\"ez-toc-title-toggle\"><a href=\"#\" class=\"ez-toc-pull-right ez-toc-btn ez-toc-btn-xs ez-toc-btn-default ez-toc-toggle\" aria-label=\"Toggle Table of Content\"><span class=\"ez-toc-js-icon-con\"><span class=\"\"><span class=\"eztoc-hide\" style=\"display:none;\">Toggle<\/span><span class=\"ez-toc-icon-toggle-span\"><svg style=\"fill: #000000;color:#000000\" xmlns=\"http:\/\/www.w3.org\/2000\/svg\" class=\"list-377408\" width=\"20px\" height=\"20px\" viewBox=\"0 0 24 24\" fill=\"none\"><path d=\"M6 6H4v2h2V6zm14 0H8v2h12V6zM4 11h2v2H4v-2zm16 0H8v2h12v-2zM4 16h2v2H4v-2zm16 0H8v2h12v-2z\" fill=\"currentColor\"><\/path><\/svg><svg style=\"fill: #000000;color:#000000\" class=\"arrow-unsorted-368013\" xmlns=\"http:\/\/www.w3.org\/2000\/svg\" width=\"10px\" height=\"10px\" viewBox=\"0 0 24 24\" version=\"1.2\" baseProfile=\"tiny\"><path d=\"M18.2 9.3l-6.2-6.3-6.2 6.3c-.2.2-.3.4-.3.7s.1.5.3.7c.2.2.4.3.7.3h11c.3 0 .5-.1.7-.3.2-.2.3-.5.3-.7s-.1-.5-.3-.7zM5.8 14.7l6.2 6.3 6.2-6.3c.2-.2.3-.5.3-.7s-.1-.5-.3-.7c-.2-.2-.4-.3-.7-.3h-11c-.3 0-.5.1-.7.3-.2.2-.3.5-.3.7s.1.5.3.7z\"\/><\/svg><\/span><\/span><\/span><\/a><\/span><\/div>\n<nav><ul class='ez-toc-list ez-toc-list-level-1 ' ><li class='ez-toc-page-1 ez-toc-heading-level-3'><a class=\"ez-toc-link ez-toc-heading-1\" href=\"https:\/\/istanbulsmiskou.sk\/?p=1446\/#Historia_Narduganu\" >Hist\u00f3ria Narduganu<\/a><\/li><li class='ez-toc-page-1 ez-toc-heading-level-3'><a class=\"ez-toc-link ez-toc-heading-2\" href=\"https:\/\/istanbulsmiskou.sk\/?p=1446\/#Staroveky_predchodca_vianocnych_tradicii\" >Starovek\u00fd predchodca viano\u010dn\u00fdch trad\u00edci\u00ed<\/a><\/li><li class='ez-toc-page-1 ez-toc-heading-level-3'><a class=\"ez-toc-link ez-toc-heading-3\" href=\"https:\/\/istanbulsmiskou.sk\/?p=1446\/#Ako_sa_v_Turecku_oslavuje_Nardugan\" >Ako sa v Turecku oslavuje Nardugan?<\/a><\/li><\/ul><\/nav><\/div>\n<h3 class=\"elementor-heading-title elementor-size-default\"><span class=\"ez-toc-section\" id=\"Historia_Narduganu\"><\/span>Hist\u00f3ria Narduganu<span class=\"ez-toc-section-end\"><\/span><\/h3>\t\t\t\t<\/div>\n\t\t\t\t<\/div>\n\t\t\t\t\t<\/div>\n\t\t<\/div>\n\t\t\t\t\t<\/div>\n\t\t<\/section>\n\t\t\t\t<section class=\"elementor-section elementor-top-section elementor-element elementor-element-ba1ec4c elementor-section-boxed elementor-section-height-default elementor-section-height-default\" data-id=\"ba1ec4c\" data-element_type=\"section\" data-e-type=\"section\">\n\t\t\t\t\t\t<div class=\"elementor-container elementor-column-gap-default\">\n\t\t\t\t\t<div class=\"elementor-column elementor-col-100 elementor-top-column elementor-element elementor-element-62687fc\" data-id=\"62687fc\" data-element_type=\"column\" data-e-type=\"column\">\n\t\t\t<div class=\"elementor-widget-wrap elementor-element-populated\">\n\t\t\t\t\t\t<div class=\"elementor-element elementor-element-c7716ae elementor-widget elementor-widget-text-editor\" data-id=\"c7716ae\" data-element_type=\"widget\" data-e-type=\"widget\" data-widget_type=\"text-editor.default\">\n\t\t\t\t<div class=\"elementor-widget-container\">\n\t\t\t\t\t\t\t\t\t<p>Nardugan je <b>jedn\u00fdm zo sviatkov<\/b>, ktor\u00e9 <b>sl\u00e1vili turkick\u00e9 n\u00e1rody a Sumeri<\/b> po viac ako 3200 rokov. <b>P\u00f4vod slova &#8222;Nardugan&#8220;<\/b> nie je celkom zn\u00e1my, ale <b>predpoklad\u00e1 sa<\/b>, \u017ee je odvoden\u00fd <b>z mongolsk\u00e9ho slova &#8222;nar&#8220; (slnko) a &#8222;dugan&#8220; (zrodenie)<\/b> a teda to m\u00f4\u017eeme <b>vo\u013ene prelo\u017ei\u0165 ako &#8222;Zrodenie slnka&#8220;<\/b>. V niektor\u00fdch zdrojoch sa to tie\u017e vo\u013ene preklad\u00e1 ako &#8222;Zrodenie Nov\u00e9ho Roku&#8220;.&nbsp;<\/p>\n<p>Nardugan sa <b>oslavuje ka\u017ed\u00fd rok po\u010das prv\u00e9ho splnu mesiaca po 22 Decembri.<\/b> <b>21 Decembra bol zimn\u00fd slnovrat, najdlh\u0161ia noc, <\/b>a potom sa <b>dni za\u010d\u00ednaj\u00fa postupne predl\u017eova\u0165.<\/b> Pre\u010do je teda <b>22 December pre turkick\u00e9 kme\u0148e tak\u00fd d\u00f4le\u017eit\u00fd?&nbsp;<\/b><\/p>\n<p>Pod\u013ea <b>mytol\u00f3gie starovek\u00fdch turkick\u00fdch kme\u0148ov boli De\u0148 a Noc v nekone\u010dnej vojne.<\/b> A teda <b>po \u010fal\u0161ej takejto vojne 21 Decembra, De\u0148 zv\u00fd\u0165azil nad Nocou a zrodilo sa nov\u00e9 mocn\u00e9 slnko.<\/b> V mytol\u00f3gii sa <b>takzie\u017e spom\u00edna boh \u00dclgen, ktor\u00fd \u017eije na vrchole \u0161peci\u00e1lneho stromu <\/b>(breza), ktor\u00fd sa t\u00fd\u010di <b>zo zeme a\u017e do neba<\/b>. Jeho rola <b>spo\u010d\u00edvala pr\u00e1ve v organizovan\u00ed pr\u00edchodu dn\u00ed a noc\u00ed<\/b>.&nbsp;<\/p>\n<p><b><i>Pre\u010do sa teda vedci nevedia dohodn\u00fa\u0165, \u010di Nardugan je alebo nie je starovek\u00fd predchodca viano\u010dn\u00fdch trad\u00edci\u00ed?<\/i><\/b><\/p>\t\t\t\t\t\t\t\t<\/div>\n\t\t\t\t<\/div>\n\t\t\t\t\t<\/div>\n\t\t<\/div>\n\t\t\t\t\t<\/div>\n\t\t<\/section>\n\t\t\t\t<section class=\"elementor-section elementor-top-section elementor-element elementor-element-fd17422 elementor-section-boxed elementor-section-height-default elementor-section-height-default\" data-id=\"fd17422\" data-element_type=\"section\" data-e-type=\"section\">\n\t\t\t\t\t\t<div class=\"elementor-container elementor-column-gap-default\">\n\t\t\t\t\t<div class=\"elementor-column elementor-col-100 elementor-top-column elementor-element elementor-element-f8ad002\" data-id=\"f8ad002\" data-element_type=\"column\" data-e-type=\"column\">\n\t\t\t<div class=\"elementor-widget-wrap elementor-element-populated\">\n\t\t\t\t\t\t<div class=\"elementor-element elementor-element-e738b4e elementor-widget elementor-widget-image\" data-id=\"e738b4e\" data-element_type=\"widget\" data-e-type=\"widget\" data-widget_type=\"image.default\">\n\t\t\t\t<div class=\"elementor-widget-container\">\n\t\t\t\t\t\t\t\t\t\t\t\t<figure class=\"wp-caption\">\n\t\t\t\t\t\t\t\t\t\t<img loading=\"lazy\" decoding=\"async\" width=\"790\" height=\"417\" src=\"https:\/\/i0.wp.com\/istanbulsmiskou.sk\/wp-content\/uploads\/2023\/12\/Nardugan-3.jpg?fit=790%2C417&amp;ssl=1\" class=\"attachment-large size-large wp-image-1451\" alt=\"\" srcset=\"https:\/\/i0.wp.com\/istanbulsmiskou.sk\/wp-content\/uploads\/2023\/12\/Nardugan-3.jpg?w=1200&amp;ssl=1 1200w, https:\/\/i0.wp.com\/istanbulsmiskou.sk\/wp-content\/uploads\/2023\/12\/Nardugan-3.jpg?resize=300%2C158&amp;ssl=1 300w, https:\/\/i0.wp.com\/istanbulsmiskou.sk\/wp-content\/uploads\/2023\/12\/Nardugan-3.jpg?resize=1024%2C540&amp;ssl=1 1024w, https:\/\/i0.wp.com\/istanbulsmiskou.sk\/wp-content\/uploads\/2023\/12\/Nardugan-3.jpg?resize=768%2C405&amp;ssl=1 768w, https:\/\/i0.wp.com\/istanbulsmiskou.sk\/wp-content\/uploads\/2023\/12\/Nardugan-3.jpg?resize=114%2C60&amp;ssl=1 114w\" sizes=\"(max-width: 790px) 100vw, 790px\" \/>\t\t\t\t\t\t\t\t\t\t\t<figcaption class=\"widget-image-caption wp-caption-text\">Ashurnasirpal II, jeden z najsl\u00e1vnej\u0161\u00edch a naj\u00faspe\u0161nej\u0161\u00edch as\u00fdrsk\u00fdch panovn\u00edkov (vl\u00e1dol v rokoch 884-858 p.n.l)  vykon\u00e1va n\u00e1bo\u017eensk\u00e9 ritu\u00e1ly pred posv\u00e4tn\u00fdm stromom. Z Nimrudu v Iraku. 865-860 pred Kristom<\/figcaption>\n\t\t\t\t\t\t\t\t\t\t<\/figure>\n\t\t\t\t\t\t\t\t\t<\/div>\n\t\t\t\t<\/div>\n\t\t\t\t\t<\/div>\n\t\t<\/div>\n\t\t\t\t\t<\/div>\n\t\t<\/section>\n\t\t\t\t<section class=\"elementor-section elementor-top-section elementor-element elementor-element-50326c6 elementor-section-boxed elementor-section-height-default elementor-section-height-default\" data-id=\"50326c6\" data-element_type=\"section\" data-e-type=\"section\">\n\t\t\t\t\t\t<div class=\"elementor-container elementor-column-gap-default\">\n\t\t\t\t\t<div class=\"elementor-column elementor-col-100 elementor-top-column elementor-element elementor-element-1f2b796\" data-id=\"1f2b796\" data-element_type=\"column\" data-e-type=\"column\">\n\t\t\t<div class=\"elementor-widget-wrap elementor-element-populated\">\n\t\t\t\t\t\t<div class=\"elementor-element elementor-element-4f5b211 elementor-widget elementor-widget-heading\" data-id=\"4f5b211\" data-element_type=\"widget\" data-e-type=\"widget\" data-widget_type=\"heading.default\">\n\t\t\t\t<div class=\"elementor-widget-container\">\n\t\t\t\t\t<h3 class=\"elementor-heading-title elementor-size-default\"><span class=\"ez-toc-section\" id=\"Staroveky_predchodca_vianocnych_tradicii\"><\/span>Starovek\u00fd predchodca viano\u010dn\u00fdch trad\u00edci\u00ed<span class=\"ez-toc-section-end\"><\/span><\/h3>\t\t\t\t<\/div>\n\t\t\t\t<\/div>\n\t\t\t\t\t<\/div>\n\t\t<\/div>\n\t\t\t\t\t<\/div>\n\t\t<\/section>\n\t\t\t\t<section class=\"elementor-section elementor-top-section elementor-element elementor-element-8eadbfe elementor-section-boxed elementor-section-height-default elementor-section-height-default\" data-id=\"8eadbfe\" data-element_type=\"section\" data-e-type=\"section\">\n\t\t\t\t\t\t<div class=\"elementor-container elementor-column-gap-default\">\n\t\t\t\t\t<div class=\"elementor-column elementor-col-100 elementor-top-column elementor-element elementor-element-5e4db39\" data-id=\"5e4db39\" data-element_type=\"column\" data-e-type=\"column\">\n\t\t\t<div class=\"elementor-widget-wrap elementor-element-populated\">\n\t\t\t\t\t\t<div class=\"elementor-element elementor-element-061bb97 elementor-widget elementor-widget-text-editor\" data-id=\"061bb97\" data-element_type=\"widget\" data-e-type=\"widget\" data-widget_type=\"text-editor.default\">\n\t\t\t\t<div class=\"elementor-widget-container\">\n\t\t\t\t\t\t\t\t\t<p>Turkick\u00e9 n\u00e1rody pou\u017e\u00edvali <b>lun\u00e1rny kalend\u00e1r <\/b>a preto niektor\u00ed vedci argumentuj\u00fa, \u017ee <b>Nardugan bol pr\u00e1ve za\u010diatok Nov\u00e9ho Roka. <\/b>Po <b>v\u00fd\u0165azstve D\u0148a nad Nocou sa konala oslava<\/b>, ktorej hlavn\u00e1 \u010das\u0165 bolo <b>zdobenie stromu, ktor\u00fd mal symbolizova\u0165 nesmrte\u013enos\u0165.<\/b>\u00a0<\/p><p>Predt\u00fdm ako turkick\u00e9 n\u00e1rody prijali monoteistick\u00e9 n\u00e1bo\u017eenstv\u00e1, sa <b>pod\u013ea ich mytol\u00f3gie v strede zeme nach\u00e1dzala biela borovica<\/b><b>, <\/b>ktor\u00fa ozna\u010dovali<b>\u00a0<\/b>ako\u00a0<span style=\"font-weight: bold;\">Strom \u017divota<\/span>. Dokonca, pod\u013ea viery turkickej etnickej skupiny Altai (p\u00f4vodn\u00fd obyvatelia Sib\u00edru) s\u00fa \u013eudia potromkovia stromov.<\/p><p>Aby si uctili svoje presved\u010denie, <b>po\u010das osl\u00e1v Narduganu sa vybral najkraj\u0161\u00ed strom\u010dek<\/b>, ktor\u00fd sa <b>ozdoboval \u010derven\u00fdmi stu\u017ekami,<\/b> a <b>pod strom d\u00e1vali obety (dar\u010deky) bohu \u00dclgen<\/b> a <b>vyslovovali svoje priania na \u010fal\u0161\u00ed rok<\/b>. Po\u010das t\u00fdchto osl\u00e1v sa <b>obliekali do svojich najkraj\u0161\u00edch odevov<\/b>, <b>okolo stromu spievali pesni\u010dky a tancovali.<\/b> <b>Rodiny a zn\u00e1my sa stret\u00e1vali a\u00a0 chodili na n\u00e1v\u0161tevy k svojim star\u0161\u00edm<\/b>.\u00a0<\/p><p>Predpoklad\u00e1 sa, \u017ee pr\u00e1ve <b>t\u00e1to trad\u00edcia zdobenia stromov poskytovala spojenie medzi \u013eu\u010fmi a Bohom<\/b>, preto\u017ee verili, \u017ee <b>kde je postaven\u00fd strom, tam ich boh \u00dclgen m\u00f4\u017ee pr\u00edst nav\u0161t\u00edvi\u0165.<\/b> Tieto stromy pova\u017eovali za posv\u00e4tn\u00e9 a po\u010das osl\u00e1v boli pova\u017eovan\u00e9 za <b>najdole\u017eitej\u0161\u00ed bod, kde \u013eudia zdie\u013eali svoje \u0161tastie a rados\u0165 s Bohom<\/b>.<\/p><p>\u00a0<\/p>\t\t\t\t\t\t\t\t<\/div>\n\t\t\t\t<\/div>\n\t\t\t\t\t<\/div>\n\t\t<\/div>\n\t\t\t\t\t<\/div>\n\t\t<\/section>\n\t\t\t\t<section class=\"elementor-section elementor-top-section elementor-element elementor-element-8ef91c7 elementor-section-boxed elementor-section-height-default elementor-section-height-default\" data-id=\"8ef91c7\" data-element_type=\"section\" data-e-type=\"section\">\n\t\t\t\t\t\t<div class=\"elementor-container elementor-column-gap-default\">\n\t\t\t\t\t<div class=\"elementor-column elementor-col-100 elementor-top-column elementor-element elementor-element-f4af74f\" data-id=\"f4af74f\" data-element_type=\"column\" data-e-type=\"column\">\n\t\t\t<div class=\"elementor-widget-wrap elementor-element-populated\">\n\t\t\t\t\t\t<div class=\"elementor-element elementor-element-715a137 elementor-widget elementor-widget-image\" data-id=\"715a137\" data-element_type=\"widget\" data-e-type=\"widget\" data-widget_type=\"image.default\">\n\t\t\t\t<div class=\"elementor-widget-container\">\n\t\t\t\t\t\t\t\t\t\t\t\t<figure class=\"wp-caption\">\n\t\t\t\t\t\t\t\t\t\t<img loading=\"lazy\" decoding=\"async\" width=\"790\" height=\"339\" src=\"https:\/\/i0.wp.com\/istanbulsmiskou.sk\/wp-content\/uploads\/2023\/12\/nardugan-4.jpg?fit=790%2C339&amp;ssl=1\" class=\"attachment-large size-large wp-image-1452\" alt=\"\" srcset=\"https:\/\/i0.wp.com\/istanbulsmiskou.sk\/wp-content\/uploads\/2023\/12\/nardugan-4.jpg?w=1024&amp;ssl=1 1024w, https:\/\/i0.wp.com\/istanbulsmiskou.sk\/wp-content\/uploads\/2023\/12\/nardugan-4.jpg?resize=300%2C129&amp;ssl=1 300w, https:\/\/i0.wp.com\/istanbulsmiskou.sk\/wp-content\/uploads\/2023\/12\/nardugan-4.jpg?resize=768%2C329&amp;ssl=1 768w, https:\/\/i0.wp.com\/istanbulsmiskou.sk\/wp-content\/uploads\/2023\/12\/nardugan-4.jpg?resize=140%2C60&amp;ssl=1 140w\" sizes=\"(max-width: 790px) 100vw, 790px\" \/>\t\t\t\t\t\t\t\t\t\t\t<figcaption class=\"widget-image-caption wp-caption-text\">r\u00f4zne vyobrazenia Stromu \u017eivota (obr\u00e1zok 1 a 2 s\u00fa mot\u00edvy na turkick\u00fdch kobercoch, 3 je ilustr\u00e1cia)<\/figcaption>\n\t\t\t\t\t\t\t\t\t\t<\/figure>\n\t\t\t\t\t\t\t\t\t<\/div>\n\t\t\t\t<\/div>\n\t\t\t\t\t<\/div>\n\t\t<\/div>\n\t\t\t\t\t<\/div>\n\t\t<\/section>\n\t\t\t\t<section class=\"elementor-section elementor-top-section elementor-element elementor-element-09b6236 elementor-section-boxed elementor-section-height-default elementor-section-height-default\" data-id=\"09b6236\" data-element_type=\"section\" data-e-type=\"section\">\n\t\t\t\t\t\t<div class=\"elementor-container elementor-column-gap-default\">\n\t\t\t\t\t<div class=\"elementor-column elementor-col-100 elementor-top-column elementor-element elementor-element-d64f5b0\" data-id=\"d64f5b0\" data-element_type=\"column\" data-e-type=\"column\">\n\t\t\t<div class=\"elementor-widget-wrap elementor-element-populated\">\n\t\t\t\t\t\t<div class=\"elementor-element elementor-element-bf532df elementor-widget elementor-widget-text-editor\" data-id=\"bf532df\" data-element_type=\"widget\" data-e-type=\"widget\" data-widget_type=\"text-editor.default\">\n\t\t\t\t<div class=\"elementor-widget-container\">\n\t\t\t\t\t\t\t\t\t<p>Jednou z <b>\u010fal\u0161\u00edch podobnost\u00ed<\/b> je postava <b>Ayaz Ata &#8211; Boh zimy v Tengrizme<\/b>. <b>Tengrizmus je \u0161amansk\u00e9 domorodsk\u00e9 n\u00e1bo\u017eenstvo mongolsk\u00fdch a turkick\u00fdch n\u00e1rodov, ktor\u00e9ho centrom je Boh Tengri.<\/b>\u00a0Tengri nikdy nebol zobrazovan\u00fd a preto t<b>urkick\u00e9 n\u00e1rody personifikovali tohto boha<\/b> cez u\u017e spom\u00ednan\u00e9ho boha <b>\u00dclgen.\u00a0<\/b><\/p><p><b>Ayaz Ata <\/b>predstavuje<b> fikt\u00edvnu postavu <\/b>v kult\u00fare turkick\u00fdch n\u00e1rodov a hr\u00e1 podobn\u00fa \u00falohu <b>ako Dedo Mr\u00e1z. <\/b>Spolu s Ayaz Ata sa v mytol\u00f3gii objavuje aj <b>jeho pomocn\u00ed\u010dka &#8222;Kar k\u0131z&#8220; <\/b>alebo v preklade<b> &#8222;snehov\u00e9 diev\u010da&#8220; Ayaz Ata\u00a0<\/b>sa pod\u013ea legendy <b>zjavuje v chladnom zimnom po\u010das\u00ed<\/b> a <b>pom\u00e1ha hladn\u00fdm, chudobn\u00fdm a osamel\u00fdm \u013eu\u010fom<\/b>. Pod\u013ea legiend sa ver\u00ed, \u017ee Ay Ata, alebo <b>Boh Mesiaca poslal, Ayaz Ata<\/b>, aby <b>ochr\u00e1nil <\/b>turkick\u00e9 n\u00e1rody<b> pred chladn\u00fdm po\u010das\u00edm<\/b>.<\/p>\t\t\t\t\t\t\t\t<\/div>\n\t\t\t\t<\/div>\n\t\t\t\t\t<\/div>\n\t\t<\/div>\n\t\t\t\t\t<\/div>\n\t\t<\/section>\n\t\t\t\t<section class=\"elementor-section elementor-top-section elementor-element elementor-element-eb1089e elementor-section-boxed elementor-section-height-default elementor-section-height-default\" data-id=\"eb1089e\" data-element_type=\"section\" data-e-type=\"section\">\n\t\t\t\t\t\t<div class=\"elementor-container elementor-column-gap-default\">\n\t\t\t\t\t<div class=\"elementor-column elementor-col-100 elementor-top-column elementor-element elementor-element-fdb007e\" data-id=\"fdb007e\" data-element_type=\"column\" data-e-type=\"column\">\n\t\t\t<div class=\"elementor-widget-wrap elementor-element-populated\">\n\t\t\t\t\t\t<div class=\"elementor-element elementor-element-14339a9 elementor-widget elementor-widget-image\" data-id=\"14339a9\" data-element_type=\"widget\" data-e-type=\"widget\" data-widget_type=\"image.default\">\n\t\t\t\t<div class=\"elementor-widget-container\">\n\t\t\t\t\t\t\t\t\t\t\t\t<figure class=\"wp-caption\">\n\t\t\t\t\t\t\t\t\t\t<img loading=\"lazy\" decoding=\"async\" width=\"640\" height=\"480\" src=\"https:\/\/i0.wp.com\/istanbulsmiskou.sk\/wp-content\/uploads\/2023\/12\/Nardugan-5.jpg?fit=640%2C480&amp;ssl=1\" class=\"attachment-large size-large wp-image-1453\" alt=\"\" srcset=\"https:\/\/i0.wp.com\/istanbulsmiskou.sk\/wp-content\/uploads\/2023\/12\/Nardugan-5.jpg?w=640&amp;ssl=1 640w, https:\/\/i0.wp.com\/istanbulsmiskou.sk\/wp-content\/uploads\/2023\/12\/Nardugan-5.jpg?resize=300%2C225&amp;ssl=1 300w, https:\/\/i0.wp.com\/istanbulsmiskou.sk\/wp-content\/uploads\/2023\/12\/Nardugan-5.jpg?resize=80%2C60&amp;ssl=1 80w\" sizes=\"(max-width: 640px) 100vw, 640px\" \/>\t\t\t\t\t\t\t\t\t\t\t<figcaption class=\"widget-image-caption wp-caption-text\">modern\u00e9 vyobrazenie Ayaz Ata<\/figcaption>\n\t\t\t\t\t\t\t\t\t\t<\/figure>\n\t\t\t\t\t\t\t\t\t<\/div>\n\t\t\t\t<\/div>\n\t\t\t\t\t<\/div>\n\t\t<\/div>\n\t\t\t\t\t<\/div>\n\t\t<\/section>\n\t\t\t\t<section class=\"elementor-section elementor-top-section elementor-element elementor-element-877543e elementor-section-boxed elementor-section-height-default elementor-section-height-default\" data-id=\"877543e\" data-element_type=\"section\" data-e-type=\"section\">\n\t\t\t\t\t\t<div class=\"elementor-container elementor-column-gap-default\">\n\t\t\t\t\t<div class=\"elementor-column elementor-col-100 elementor-top-column elementor-element elementor-element-ebcdd8e\" data-id=\"ebcdd8e\" data-element_type=\"column\" data-e-type=\"column\">\n\t\t\t<div class=\"elementor-widget-wrap elementor-element-populated\">\n\t\t\t\t\t\t<div class=\"elementor-element elementor-element-b3bc72f elementor-widget elementor-widget-heading\" data-id=\"b3bc72f\" data-element_type=\"widget\" data-e-type=\"widget\" data-widget_type=\"heading.default\">\n\t\t\t\t<div class=\"elementor-widget-container\">\n\t\t\t\t\t<h3 class=\"elementor-heading-title elementor-size-default\"><span class=\"ez-toc-section\" id=\"Ako_sa_v_Turecku_oslavuje_Nardugan\"><\/span>Ako sa v Turecku oslavuje Nardugan?<span class=\"ez-toc-section-end\"><\/span><\/h3>\t\t\t\t<\/div>\n\t\t\t\t<\/div>\n\t\t\t\t\t<\/div>\n\t\t<\/div>\n\t\t\t\t\t<\/div>\n\t\t<\/section>\n\t\t\t\t<section class=\"elementor-section elementor-top-section elementor-element elementor-element-8831049 elementor-section-boxed elementor-section-height-default elementor-section-height-default\" data-id=\"8831049\" data-element_type=\"section\" data-e-type=\"section\">\n\t\t\t\t\t\t<div class=\"elementor-container elementor-column-gap-default\">\n\t\t\t\t\t<div class=\"elementor-column elementor-col-100 elementor-top-column elementor-element elementor-element-5d80eef\" data-id=\"5d80eef\" data-element_type=\"column\" data-e-type=\"column\">\n\t\t\t<div class=\"elementor-widget-wrap elementor-element-populated\">\n\t\t\t\t\t\t<div class=\"elementor-element elementor-element-46f1973 elementor-widget elementor-widget-text-editor\" data-id=\"46f1973\" data-element_type=\"widget\" data-e-type=\"widget\" data-widget_type=\"text-editor.default\">\n\t\t\t\t<div class=\"elementor-widget-container\">\n\t\t\t\t\t\t\t\t\t<p>V Turecku sa ofici\u00e1lne oslavy tohto historick\u00e9ho festivalu nerobia. Ale ak by som si mohla dovoli\u0165 poveda\u0165,<b> \u010dasti tejto jedine\u010dnej trad\u00edcie sa v Turecku prejavuj\u00fa st\u00e1le<\/b>, ale nie 21 Decembra, ale <b>na Nov\u00fd Rok &#8211; 31 Decembra<\/b>.<\/p>\n<p>Medzi tradi\u010dn\u00e9 oslavy Nov\u00e9ho Roku v Turecku je<b> stavanie pr\u00e1ve &#8222;na\u0161eho&#8220; viano\u010dn\u00e9ho strom\u010deku<\/b> a jeho ozdobovanie. Turci Vianoce ako ich oslavujeme my v\u00f4bec neoslavuj\u00fa, ale <b>pod strom\u010dek si d\u00e1vaj\u00fa si dar\u010deky na Nov\u00fd Rok.<\/b><\/p><p>Jednou z najzauj\u00edmavej\u0161\u00edch trad\u00edci\u00ed okolo Nov\u00e9ho roku v Turecku je v\u0161ak <b>rozb\u00edjanie gran\u00e1tov\u00e9ho jablka pred dverami pre \u0161\u0165astie v bud\u00facom roku<\/b>. \u010co je ve\u013emi zauj\u00edmav\u00e9, je ale to, \u017ee <b>po turecky sa gran\u00e1tov\u00e9 jablko povie &#8222;nar&#8220;<\/b>. Vid\u00edte t\u00fa spojitos\u0165? \ud83d\ude42<br><\/p>\t\t\t\t\t\t\t\t<\/div>\n\t\t\t\t<\/div>\n\t\t\t\t\t<\/div>\n\t\t<\/div>\n\t\t\t\t\t<\/div>\n\t\t<\/section>\n\t\t\t\t<section class=\"elementor-section elementor-top-section elementor-element elementor-element-0254d4d elementor-section-boxed elementor-section-height-default elementor-section-height-default\" data-id=\"0254d4d\" data-element_type=\"section\" data-e-type=\"section\">\n\t\t\t\t\t\t<div class=\"elementor-container elementor-column-gap-default\">\n\t\t\t\t\t<div class=\"elementor-column elementor-col-100 elementor-top-column elementor-element elementor-element-f6c2d4f\" data-id=\"f6c2d4f\" data-element_type=\"column\" data-e-type=\"column\">\n\t\t\t<div class=\"elementor-widget-wrap elementor-element-populated\">\n\t\t\t\t\t\t<div class=\"elementor-element elementor-element-5a856b4 elementor-widget elementor-widget-image\" data-id=\"5a856b4\" data-element_type=\"widget\" data-e-type=\"widget\" data-widget_type=\"image.default\">\n\t\t\t\t<div class=\"elementor-widget-container\">\n\t\t\t\t\t\t\t\t\t\t\t\t\t\t\t<img loading=\"lazy\" decoding=\"async\" width=\"556\" height=\"360\" src=\"https:\/\/i0.wp.com\/istanbulsmiskou.sk\/wp-content\/uploads\/2023\/12\/Nardugan-4-1.jpg?fit=556%2C360&amp;ssl=1\" class=\"attachment-large size-large wp-image-1460\" alt=\"\" srcset=\"https:\/\/i0.wp.com\/istanbulsmiskou.sk\/wp-content\/uploads\/2023\/12\/Nardugan-4-1.jpg?w=556&amp;ssl=1 556w, https:\/\/i0.wp.com\/istanbulsmiskou.sk\/wp-content\/uploads\/2023\/12\/Nardugan-4-1.jpg?resize=300%2C194&amp;ssl=1 300w, https:\/\/i0.wp.com\/istanbulsmiskou.sk\/wp-content\/uploads\/2023\/12\/Nardugan-4-1.jpg?resize=93%2C60&amp;ssl=1 93w\" sizes=\"(max-width: 556px) 100vw, 556px\" \/>\t\t\t\t\t\t\t\t\t\t\t\t\t\t\t<\/div>\n\t\t\t\t<\/div>\n\t\t\t\t\t<\/div>\n\t\t<\/div>\n\t\t\t\t\t<\/div>\n\t\t<\/section>\n\t\t\t\t<section class=\"elementor-section elementor-top-section elementor-element elementor-element-8967926 elementor-section-boxed elementor-section-height-default elementor-section-height-default\" data-id=\"8967926\" data-element_type=\"section\" data-e-type=\"section\">\n\t\t\t\t\t\t<div class=\"elementor-container elementor-column-gap-default\">\n\t\t\t\t\t<div class=\"elementor-column elementor-col-100 elementor-top-column elementor-element elementor-element-3142e8e\" data-id=\"3142e8e\" data-element_type=\"column\" data-e-type=\"column\">\n\t\t\t<div class=\"elementor-widget-wrap elementor-element-populated\">\n\t\t\t\t\t\t<div class=\"elementor-element elementor-element-77f5a68 elementor-widget elementor-widget-text-editor\" data-id=\"77f5a68\" data-element_type=\"widget\" data-e-type=\"widget\" data-widget_type=\"text-editor.default\">\n\t\t\t\t<div class=\"elementor-widget-container\">\n\t\t\t\t\t\t\t\t\t<p><b>Starovek\u00fd Nardugan a aj &#8222;na\u0161e&#8220; Vianoce s ich jedine\u010dnou atmosf\u00e9rou a trad\u00edciami, n\u00e1m pripom\u00ednaj\u00fa d\u00f4le\u017eitos\u0165 rodiny, pokoja a zdie\u013eania radosti.<\/b> Je to \u010das, kedy sa stret\u00e1vame s bl\u00edzkymi a prejavujeme im l\u00e1sku a v\u010fa\u010dnos\u0165. V tomto obdob\u00ed sa <b>s\u00fastre\u010fme hlavne na to, \u010do je skuto\u010dne d\u00f4le\u017eit\u00e9 \u2013 spolo\u010dn\u00e9 chv\u00edle s rodinou a priate\u013emi.<\/b> Nech Vianoce pre v\u00e1s znamenaj\u00fa <b>pokoj, l\u00e1sku a n\u00e1dej do nov\u00e9ho roka.<\/b><\/p>\t\t\t\t\t\t\t\t<\/div>\n\t\t\t\t<\/div>\n\t\t\t\t\t<\/div>\n\t\t<\/div>\n\t\t\t\t\t<\/div>\n\t\t<\/section>\n\t\t\t\t<\/div>\n\t\t","protected":false},"excerpt":{"rendered":"<p>V hist\u00f3rii \u013eudstva existuje mnoho tradi\u010dn\u00fdch sviatkov, ktor\u00e9 odr\u00e1\u017eaj\u00fa bohat\u00fa kult\u00faru a n\u00e1bo\u017eensk\u00e9 presved\u010denia r\u00f4znych civiliz\u00e1ci\u00ed.\u00a0Jedn\u00fdm z nich je pr\u00e1ve Nardugan, ktor\u00fd m\u00e1 hlbok\u00e9 korene v r\u00f4znych \u010dastiach sveta a\u00a0pon\u00faka poh\u013ead na starovek\u00e9 oslavy spojen\u00e9 s pr\u00edrodou, plodnos\u0165ou a obnovou \u017eivota. Pr\u00e1ve Nardugan je pre &hellip; <\/p>\n","protected":false},"author":1,"featured_media":1449,"comment_status":"open","ping_status":"open","sticky":false,"template":"","format":"standard","meta":{"_eb_attr":"","_monsterinsights_skip_tracking":false,"_monsterinsights_sitenote_active":false,"_monsterinsights_sitenote_note":"","_monsterinsights_sitenote_category":0,"_jetpack_memberships_contains_paid_content":false,"footnotes":"","jetpack_publicize_message":"","jetpack_publicize_feature_enabled":true,"jetpack_social_post_already_shared":true,"jetpack_social_options":{"image_generator_settings":{"template":"highway","default_image_id":0,"font":"","enabled":false},"version":2}},"categories":[12,7],"tags":[],"class_list":["post-1446","post","type-post","status-publish","format-standard","has-post-thumbnail","hentry","category-historia","category-turecko","latest_post"],"yoast_head":"<!-- This site is optimized with the Yoast SEO plugin v27.4 - https:\/\/yoast.com\/product\/yoast-seo-wordpress\/ -->\n<title>Nardugan - starovek\u00fd predchodca Viano\u010dn\u00fdch trad\u00edci\u00ed? - Istanbul s Mi\u0161kou<\/title>\n<meta name=\"robots\" content=\"index, follow, max-snippet:-1, max-image-preview:large, max-video-preview:-1\" \/>\n<link rel=\"canonical\" href=\"https:\/\/istanbulsmiskou.sk\/?p=1446\" \/>\n<meta property=\"og:locale\" content=\"sk_SK\" \/>\n<meta property=\"og:type\" content=\"article\" \/>\n<meta property=\"og:title\" content=\"Nardugan - starovek\u00fd predchodca Viano\u010dn\u00fdch trad\u00edci\u00ed? - Istanbul s Mi\u0161kou\" \/>\n<meta property=\"og:description\" content=\"V hist\u00f3rii \u013eudstva existuje mnoho tradi\u010dn\u00fdch sviatkov, ktor\u00e9 odr\u00e1\u017eaj\u00fa bohat\u00fa kult\u00faru a n\u00e1bo\u017eensk\u00e9 presved\u010denia r\u00f4znych civiliz\u00e1ci\u00ed.\u00a0Jedn\u00fdm z nich je pr\u00e1ve Nardugan, ktor\u00fd m\u00e1 hlbok\u00e9 korene v r\u00f4znych \u010dastiach sveta a\u00a0pon\u00faka poh\u013ead na starovek\u00e9 oslavy spojen\u00e9 s pr\u00edrodou, plodnos\u0165ou a obnovou \u017eivota. Pr\u00e1ve Nardugan je pre &hellip;\" \/>\n<meta property=\"og:url\" content=\"https:\/\/istanbulsmiskou.sk\/?p=1446\" \/>\n<meta property=\"og:site_name\" content=\"Istanbul s Mi\u0161kou\" \/>\n<meta property=\"article:published_time\" content=\"2023-12-27T13:37:42+00:00\" \/>\n<meta property=\"article:modified_time\" content=\"2025-12-15T09:22:46+00:00\" \/>\n<meta property=\"og:image\" content=\"http:\/\/istanbulsmiskou.sk\/wp-content\/uploads\/2023\/12\/Nardufgan-1.webp\" \/>\n\t<meta property=\"og:image:width\" content=\"1200\" \/>\n\t<meta property=\"og:image:height\" content=\"800\" \/>\n\t<meta property=\"og:image:type\" content=\"image\/webp\" \/>\n<meta name=\"author\" content=\"Istanbul_s_miskou\" \/>\n<meta name=\"twitter:card\" content=\"summary_large_image\" \/>\n<meta name=\"twitter:label1\" content=\"Autor\" \/>\n\t<meta name=\"twitter:data1\" content=\"Istanbul_s_miskou\" \/>\n\t<meta name=\"twitter:label2\" content=\"Predpokladan\u00fd \u010das \u010d\u00edtania\" \/>\n\t<meta name=\"twitter:data2\" content=\"6 min\u00fat\" \/>\n<script type=\"application\/ld+json\" class=\"yoast-schema-graph\">{\"@context\":\"https:\\\/\\\/schema.org\",\"@graph\":[{\"@type\":\"Article\",\"@id\":\"https:\\\/\\\/istanbulsmiskou.sk\\\/?p=1446#article\",\"isPartOf\":{\"@id\":\"https:\\\/\\\/istanbulsmiskou.sk\\\/?p=1446\"},\"author\":{\"name\":\"Istanbul_s_miskou\",\"@id\":\"https:\\\/\\\/istanbulsmiskou.sk\\\/#\\\/schema\\\/person\\\/bc7275970398e2a92dfc4822e6caf7a5\"},\"headline\":\"Nardugan &#8211; starovek\u00fd predchodca Viano\u010dn\u00fdch trad\u00edci\u00ed?\",\"datePublished\":\"2023-12-27T13:37:42+00:00\",\"dateModified\":\"2025-12-15T09:22:46+00:00\",\"mainEntityOfPage\":{\"@id\":\"https:\\\/\\\/istanbulsmiskou.sk\\\/?p=1446\"},\"wordCount\":1032,\"commentCount\":0,\"publisher\":{\"@id\":\"https:\\\/\\\/istanbulsmiskou.sk\\\/#\\\/schema\\\/person\\\/bc7275970398e2a92dfc4822e6caf7a5\"},\"image\":{\"@id\":\"https:\\\/\\\/istanbulsmiskou.sk\\\/?p=1446#primaryimage\"},\"thumbnailUrl\":\"https:\\\/\\\/i0.wp.com\\\/istanbulsmiskou.sk\\\/wp-content\\\/uploads\\\/2023\\\/12\\\/Nardufgan-1.webp?fit=1200%2C800&ssl=1\",\"articleSection\":[\"Hist\u00f3ria\",\"Turecko\"],\"inLanguage\":\"sk-SK\",\"potentialAction\":[{\"@type\":\"CommentAction\",\"name\":\"Comment\",\"target\":[\"https:\\\/\\\/istanbulsmiskou.sk\\\/?p=1446#respond\"]}]},{\"@type\":\"WebPage\",\"@id\":\"https:\\\/\\\/istanbulsmiskou.sk\\\/?p=1446\",\"url\":\"https:\\\/\\\/istanbulsmiskou.sk\\\/?p=1446\",\"name\":\"Nardugan - starovek\u00fd predchodca Viano\u010dn\u00fdch trad\u00edci\u00ed? - Istanbul s Mi\u0161kou\",\"isPartOf\":{\"@id\":\"https:\\\/\\\/istanbulsmiskou.sk\\\/#website\"},\"primaryImageOfPage\":{\"@id\":\"https:\\\/\\\/istanbulsmiskou.sk\\\/?p=1446#primaryimage\"},\"image\":{\"@id\":\"https:\\\/\\\/istanbulsmiskou.sk\\\/?p=1446#primaryimage\"},\"thumbnailUrl\":\"https:\\\/\\\/i0.wp.com\\\/istanbulsmiskou.sk\\\/wp-content\\\/uploads\\\/2023\\\/12\\\/Nardufgan-1.webp?fit=1200%2C800&ssl=1\",\"datePublished\":\"2023-12-27T13:37:42+00:00\",\"dateModified\":\"2025-12-15T09:22:46+00:00\",\"breadcrumb\":{\"@id\":\"https:\\\/\\\/istanbulsmiskou.sk\\\/?p=1446#breadcrumb\"},\"inLanguage\":\"sk-SK\",\"potentialAction\":[{\"@type\":\"ReadAction\",\"target\":[\"https:\\\/\\\/istanbulsmiskou.sk\\\/?p=1446\"]}]},{\"@type\":\"ImageObject\",\"inLanguage\":\"sk-SK\",\"@id\":\"https:\\\/\\\/istanbulsmiskou.sk\\\/?p=1446#primaryimage\",\"url\":\"https:\\\/\\\/i0.wp.com\\\/istanbulsmiskou.sk\\\/wp-content\\\/uploads\\\/2023\\\/12\\\/Nardufgan-1.webp?fit=1200%2C800&ssl=1\",\"contentUrl\":\"https:\\\/\\\/i0.wp.com\\\/istanbulsmiskou.sk\\\/wp-content\\\/uploads\\\/2023\\\/12\\\/Nardufgan-1.webp?fit=1200%2C800&ssl=1\",\"width\":1200,\"height\":800},{\"@type\":\"BreadcrumbList\",\"@id\":\"https:\\\/\\\/istanbulsmiskou.sk\\\/?p=1446#breadcrumb\",\"itemListElement\":[{\"@type\":\"ListItem\",\"position\":1,\"name\":\"Domov\",\"item\":\"https:\\\/\\\/istanbulsmiskou.sk\\\/\"},{\"@type\":\"ListItem\",\"position\":2,\"name\":\"Nardugan &#8211; starovek\u00fd predchodca Viano\u010dn\u00fdch trad\u00edci\u00ed?\"}]},{\"@type\":\"WebSite\",\"@id\":\"https:\\\/\\\/istanbulsmiskou.sk\\\/#website\",\"url\":\"https:\\\/\\\/istanbulsmiskou.sk\\\/\",\"name\":\"Istanbul s Mi\u0161kou\",\"description\":\"Istanbul ako ho (ne)pozn\u00e1te\",\"publisher\":{\"@id\":\"https:\\\/\\\/istanbulsmiskou.sk\\\/#\\\/schema\\\/person\\\/bc7275970398e2a92dfc4822e6caf7a5\"},\"potentialAction\":[{\"@type\":\"SearchAction\",\"target\":{\"@type\":\"EntryPoint\",\"urlTemplate\":\"https:\\\/\\\/istanbulsmiskou.sk\\\/?s={search_term_string}\"},\"query-input\":{\"@type\":\"PropertyValueSpecification\",\"valueRequired\":true,\"valueName\":\"search_term_string\"}}],\"inLanguage\":\"sk-SK\"},{\"@type\":[\"Person\",\"Organization\"],\"@id\":\"https:\\\/\\\/istanbulsmiskou.sk\\\/#\\\/schema\\\/person\\\/bc7275970398e2a92dfc4822e6caf7a5\",\"name\":\"Istanbul_s_miskou\",\"image\":{\"@type\":\"ImageObject\",\"inLanguage\":\"sk-SK\",\"@id\":\"https:\\\/\\\/istanbulsmiskou.sk\\\/wp-content\\\/uploads\\\/2024\\\/12\\\/Handdrawn-Circle-Logo-1-1024x1024.png\",\"url\":\"https:\\\/\\\/istanbulsmiskou.sk\\\/wp-content\\\/uploads\\\/2024\\\/12\\\/Handdrawn-Circle-Logo-1-1024x1024.png\",\"contentUrl\":\"https:\\\/\\\/istanbulsmiskou.sk\\\/wp-content\\\/uploads\\\/2024\\\/12\\\/Handdrawn-Circle-Logo-1-1024x1024.png\",\"width\":1024,\"height\":1024,\"caption\":\"Istanbul_s_miskou\"},\"logo\":{\"@id\":\"https:\\\/\\\/istanbulsmiskou.sk\\\/wp-content\\\/uploads\\\/2024\\\/12\\\/Handdrawn-Circle-Logo-1-1024x1024.png\"},\"sameAs\":[\"http:\\\/\\\/istanbulsmiskou.sk\"],\"url\":\"https:\\\/\\\/istanbulsmiskou.sk\\\/?author=1\"}]}<\/script>\n<!-- \/ Yoast SEO plugin. -->","yoast_head_json":{"title":"Nardugan - starovek\u00fd predchodca Viano\u010dn\u00fdch trad\u00edci\u00ed? - Istanbul s Mi\u0161kou","robots":{"index":"index","follow":"follow","max-snippet":"max-snippet:-1","max-image-preview":"max-image-preview:large","max-video-preview":"max-video-preview:-1"},"canonical":"https:\/\/istanbulsmiskou.sk\/?p=1446","og_locale":"sk_SK","og_type":"article","og_title":"Nardugan - starovek\u00fd predchodca Viano\u010dn\u00fdch trad\u00edci\u00ed? - Istanbul s Mi\u0161kou","og_description":"V hist\u00f3rii \u013eudstva existuje mnoho tradi\u010dn\u00fdch sviatkov, ktor\u00e9 odr\u00e1\u017eaj\u00fa bohat\u00fa kult\u00faru a n\u00e1bo\u017eensk\u00e9 presved\u010denia r\u00f4znych civiliz\u00e1ci\u00ed.\u00a0Jedn\u00fdm z nich je pr\u00e1ve Nardugan, ktor\u00fd m\u00e1 hlbok\u00e9 korene v r\u00f4znych \u010dastiach sveta a\u00a0pon\u00faka poh\u013ead na starovek\u00e9 oslavy spojen\u00e9 s pr\u00edrodou, plodnos\u0165ou a obnovou \u017eivota. Pr\u00e1ve Nardugan je pre &hellip;","og_url":"https:\/\/istanbulsmiskou.sk\/?p=1446","og_site_name":"Istanbul s Mi\u0161kou","article_published_time":"2023-12-27T13:37:42+00:00","article_modified_time":"2025-12-15T09:22:46+00:00","og_image":[{"width":1200,"height":800,"url":"http:\/\/istanbulsmiskou.sk\/wp-content\/uploads\/2023\/12\/Nardufgan-1.webp","type":"image\/webp"}],"author":"Istanbul_s_miskou","twitter_card":"summary_large_image","twitter_misc":{"Autor":"Istanbul_s_miskou","Predpokladan\u00fd \u010das \u010d\u00edtania":"6 min\u00fat"},"schema":{"@context":"https:\/\/schema.org","@graph":[{"@type":"Article","@id":"https:\/\/istanbulsmiskou.sk\/?p=1446#article","isPartOf":{"@id":"https:\/\/istanbulsmiskou.sk\/?p=1446"},"author":{"name":"Istanbul_s_miskou","@id":"https:\/\/istanbulsmiskou.sk\/#\/schema\/person\/bc7275970398e2a92dfc4822e6caf7a5"},"headline":"Nardugan &#8211; starovek\u00fd predchodca Viano\u010dn\u00fdch trad\u00edci\u00ed?","datePublished":"2023-12-27T13:37:42+00:00","dateModified":"2025-12-15T09:22:46+00:00","mainEntityOfPage":{"@id":"https:\/\/istanbulsmiskou.sk\/?p=1446"},"wordCount":1032,"commentCount":0,"publisher":{"@id":"https:\/\/istanbulsmiskou.sk\/#\/schema\/person\/bc7275970398e2a92dfc4822e6caf7a5"},"image":{"@id":"https:\/\/istanbulsmiskou.sk\/?p=1446#primaryimage"},"thumbnailUrl":"https:\/\/i0.wp.com\/istanbulsmiskou.sk\/wp-content\/uploads\/2023\/12\/Nardufgan-1.webp?fit=1200%2C800&ssl=1","articleSection":["Hist\u00f3ria","Turecko"],"inLanguage":"sk-SK","potentialAction":[{"@type":"CommentAction","name":"Comment","target":["https:\/\/istanbulsmiskou.sk\/?p=1446#respond"]}]},{"@type":"WebPage","@id":"https:\/\/istanbulsmiskou.sk\/?p=1446","url":"https:\/\/istanbulsmiskou.sk\/?p=1446","name":"Nardugan - starovek\u00fd predchodca Viano\u010dn\u00fdch trad\u00edci\u00ed? - Istanbul s Mi\u0161kou","isPartOf":{"@id":"https:\/\/istanbulsmiskou.sk\/#website"},"primaryImageOfPage":{"@id":"https:\/\/istanbulsmiskou.sk\/?p=1446#primaryimage"},"image":{"@id":"https:\/\/istanbulsmiskou.sk\/?p=1446#primaryimage"},"thumbnailUrl":"https:\/\/i0.wp.com\/istanbulsmiskou.sk\/wp-content\/uploads\/2023\/12\/Nardufgan-1.webp?fit=1200%2C800&ssl=1","datePublished":"2023-12-27T13:37:42+00:00","dateModified":"2025-12-15T09:22:46+00:00","breadcrumb":{"@id":"https:\/\/istanbulsmiskou.sk\/?p=1446#breadcrumb"},"inLanguage":"sk-SK","potentialAction":[{"@type":"ReadAction","target":["https:\/\/istanbulsmiskou.sk\/?p=1446"]}]},{"@type":"ImageObject","inLanguage":"sk-SK","@id":"https:\/\/istanbulsmiskou.sk\/?p=1446#primaryimage","url":"https:\/\/i0.wp.com\/istanbulsmiskou.sk\/wp-content\/uploads\/2023\/12\/Nardufgan-1.webp?fit=1200%2C800&ssl=1","contentUrl":"https:\/\/i0.wp.com\/istanbulsmiskou.sk\/wp-content\/uploads\/2023\/12\/Nardufgan-1.webp?fit=1200%2C800&ssl=1","width":1200,"height":800},{"@type":"BreadcrumbList","@id":"https:\/\/istanbulsmiskou.sk\/?p=1446#breadcrumb","itemListElement":[{"@type":"ListItem","position":1,"name":"Domov","item":"https:\/\/istanbulsmiskou.sk\/"},{"@type":"ListItem","position":2,"name":"Nardugan &#8211; starovek\u00fd predchodca Viano\u010dn\u00fdch trad\u00edci\u00ed?"}]},{"@type":"WebSite","@id":"https:\/\/istanbulsmiskou.sk\/#website","url":"https:\/\/istanbulsmiskou.sk\/","name":"Istanbul s Mi\u0161kou","description":"Istanbul ako ho (ne)pozn\u00e1te","publisher":{"@id":"https:\/\/istanbulsmiskou.sk\/#\/schema\/person\/bc7275970398e2a92dfc4822e6caf7a5"},"potentialAction":[{"@type":"SearchAction","target":{"@type":"EntryPoint","urlTemplate":"https:\/\/istanbulsmiskou.sk\/?s={search_term_string}"},"query-input":{"@type":"PropertyValueSpecification","valueRequired":true,"valueName":"search_term_string"}}],"inLanguage":"sk-SK"},{"@type":["Person","Organization"],"@id":"https:\/\/istanbulsmiskou.sk\/#\/schema\/person\/bc7275970398e2a92dfc4822e6caf7a5","name":"Istanbul_s_miskou","image":{"@type":"ImageObject","inLanguage":"sk-SK","@id":"https:\/\/istanbulsmiskou.sk\/wp-content\/uploads\/2024\/12\/Handdrawn-Circle-Logo-1-1024x1024.png","url":"https:\/\/istanbulsmiskou.sk\/wp-content\/uploads\/2024\/12\/Handdrawn-Circle-Logo-1-1024x1024.png","contentUrl":"https:\/\/istanbulsmiskou.sk\/wp-content\/uploads\/2024\/12\/Handdrawn-Circle-Logo-1-1024x1024.png","width":1024,"height":1024,"caption":"Istanbul_s_miskou"},"logo":{"@id":"https:\/\/istanbulsmiskou.sk\/wp-content\/uploads\/2024\/12\/Handdrawn-Circle-Logo-1-1024x1024.png"},"sameAs":["http:\/\/istanbulsmiskou.sk"],"url":"https:\/\/istanbulsmiskou.sk\/?author=1"}]}},"jetpack_publicize_connections":[],"jetpack_featured_media_url":"https:\/\/i0.wp.com\/istanbulsmiskou.sk\/wp-content\/uploads\/2023\/12\/Nardufgan-1.webp?fit=1200%2C800&ssl=1","jetpack_sharing_enabled":true,"_links":{"self":[{"href":"https:\/\/istanbulsmiskou.sk\/index.php?rest_route=\/wp\/v2\/posts\/1446","targetHints":{"allow":["GET"]}}],"collection":[{"href":"https:\/\/istanbulsmiskou.sk\/index.php?rest_route=\/wp\/v2\/posts"}],"about":[{"href":"https:\/\/istanbulsmiskou.sk\/index.php?rest_route=\/wp\/v2\/types\/post"}],"author":[{"embeddable":true,"href":"https:\/\/istanbulsmiskou.sk\/index.php?rest_route=\/wp\/v2\/users\/1"}],"replies":[{"embeddable":true,"href":"https:\/\/istanbulsmiskou.sk\/index.php?rest_route=%2Fwp%2Fv2%2Fcomments&post=1446"}],"version-history":[{"count":13,"href":"https:\/\/istanbulsmiskou.sk\/index.php?rest_route=\/wp\/v2\/posts\/1446\/revisions"}],"predecessor-version":[{"id":2446,"href":"https:\/\/istanbulsmiskou.sk\/index.php?rest_route=\/wp\/v2\/posts\/1446\/revisions\/2446"}],"wp:featuredmedia":[{"embeddable":true,"href":"https:\/\/istanbulsmiskou.sk\/index.php?rest_route=\/wp\/v2\/media\/1449"}],"wp:attachment":[{"href":"https:\/\/istanbulsmiskou.sk\/index.php?rest_route=%2Fwp%2Fv2%2Fmedia&parent=1446"}],"wp:term":[{"taxonomy":"category","embeddable":true,"href":"https:\/\/istanbulsmiskou.sk\/index.php?rest_route=%2Fwp%2Fv2%2Fcategories&post=1446"},{"taxonomy":"post_tag","embeddable":true,"href":"https:\/\/istanbulsmiskou.sk\/index.php?rest_route=%2Fwp%2Fv2%2Ftags&post=1446"}],"curies":[{"name":"wp","href":"https:\/\/api.w.org\/{rel}","templated":true}]}}