{"id":1969,"date":"2025-01-01T18:56:01","date_gmt":"2025-01-01T17:56:01","guid":{"rendered":"https:\/\/istanbulsmiskou.sk\/?p=1969"},"modified":"2025-01-01T19:22:28","modified_gmt":"2025-01-01T18:22:28","slug":"osman-gazi-zakladatel-osmanskej-rise","status":"publish","type":"post","link":"https:\/\/istanbulsmiskou.sk\/?p=1969","title":{"rendered":"Osman G\u00e1zi &#8211; zakladate\u013e Osmanskej r\u00ed\u0161e"},"content":{"rendered":"\t\t<div data-elementor-type=\"wp-post\" data-elementor-id=\"1969\" class=\"elementor elementor-1969\">\n\t\t\t\t\t\t<section class=\"elementor-section elementor-top-section elementor-element elementor-element-03dc4bd elementor-section-boxed elementor-section-height-default elementor-section-height-default\" data-id=\"03dc4bd\" data-element_type=\"section\" data-e-type=\"section\">\n\t\t\t\t\t\t<div class=\"elementor-container elementor-column-gap-default\">\n\t\t\t\t\t<div class=\"elementor-column elementor-col-100 elementor-top-column elementor-element elementor-element-8734b4c\" data-id=\"8734b4c\" data-element_type=\"column\" data-e-type=\"column\">\n\t\t\t<div class=\"elementor-widget-wrap elementor-element-populated\">\n\t\t\t\t\t\t<div class=\"elementor-element elementor-element-95f59b8 elementor-widget elementor-widget-text-editor\" data-id=\"95f59b8\" data-element_type=\"widget\" data-e-type=\"widget\" data-widget_type=\"text-editor.default\">\n\t\t\t\t<div class=\"elementor-widget-container\">\n\t\t\t\t\t\t\t\t\t<p>Osmansk\u00e1 r\u00ed\u0161a bola jednou z <b>najv\u00fdznamnej\u0161\u00edch r\u00ed\u0161 v dejin\u00e1ch<\/b>, zasahuj\u00faca do troch kontinentov a trvaj\u00faca <b>viac ne\u017e 600 rokov. <\/b>Ako <b>prv\u00fd, <\/b>na\u00a0jej \u010dele st\u00e1l <b>Osman I. alebo Osman G\u00e1zi<\/b>, ktor\u00fd polo\u017eil <b>z\u00e1klady svojho imp\u00e9ria<\/b> v turbulentnom obdob\u00ed Malej \u00c1zie <b>na prelome 13. a 14. storo\u010dia.<\/b> Osmanova schopnos\u0165 vies\u0165, strategicky pl\u00e1nova\u0165 a rozv\u00edja\u0165 svoje \u00fazemie predstavuje jedno z najv\u00fdraznej\u0161\u00edch dielo stredovekej hist\u00f3rie a je to d\u00f4vod, pre\u010do cel\u00e1 r\u00ed\u0161a dostala meno pr\u00e1ve po \u0148om.\u00a0<\/p>\t\t\t\t\t\t\t\t<\/div>\n\t\t\t\t<\/div>\n\t\t\t\t\t<\/div>\n\t\t<\/div>\n\t\t\t\t\t<\/div>\n\t\t<\/section>\n\t\t\t\t<section class=\"elementor-section elementor-top-section elementor-element elementor-element-65c9a7f elementor-section-boxed elementor-section-height-default elementor-section-height-default\" data-id=\"65c9a7f\" data-element_type=\"section\" data-e-type=\"section\">\n\t\t\t\t\t\t<div class=\"elementor-container elementor-column-gap-default\">\n\t\t\t\t\t<div class=\"elementor-column elementor-col-100 elementor-top-column elementor-element elementor-element-0a66de3\" data-id=\"0a66de3\" data-element_type=\"column\" data-e-type=\"column\">\n\t\t\t<div class=\"elementor-widget-wrap elementor-element-populated\">\n\t\t\t\t\t\t<div class=\"elementor-element elementor-element-c0b0efb elementor-widget elementor-widget-image\" data-id=\"c0b0efb\" data-element_type=\"widget\" data-e-type=\"widget\" data-widget_type=\"image.default\">\n\t\t\t\t<div class=\"elementor-widget-container\">\n\t\t\t\t\t\t\t\t\t\t\t\t<figure class=\"wp-caption\">\n\t\t\t\t\t\t\t\t\t\t<img fetchpriority=\"high\" decoding=\"async\" width=\"713\" height=\"841\" src=\"https:\/\/i0.wp.com\/istanbulsmiskou.sk\/wp-content\/uploads\/2024\/12\/osman-.jpg?fit=713%2C841&amp;ssl=1\" class=\"attachment-large size-large wp-image-1974\" alt=\"\" srcset=\"https:\/\/i0.wp.com\/istanbulsmiskou.sk\/wp-content\/uploads\/2024\/12\/osman-.jpg?w=713&amp;ssl=1 713w, https:\/\/i0.wp.com\/istanbulsmiskou.sk\/wp-content\/uploads\/2024\/12\/osman-.jpg?resize=254%2C300&amp;ssl=1 254w, https:\/\/i0.wp.com\/istanbulsmiskou.sk\/wp-content\/uploads\/2024\/12\/osman-.jpg?resize=51%2C60&amp;ssl=1 51w\" sizes=\"(max-width: 713px) 100vw, 713px\" \/>\t\t\t\t\t\t\t\t\t\t\t<figcaption class=\"widget-image-caption wp-caption-text\">Osman I. pod\u013ea ma\u013eby talianskeho maliara Paola Veroneseho zo 16. storo\u010dia<\/figcaption>\n\t\t\t\t\t\t\t\t\t\t<\/figure>\n\t\t\t\t\t\t\t\t\t<\/div>\n\t\t\t\t<\/div>\n\t\t\t\t\t<\/div>\n\t\t<\/div>\n\t\t\t\t\t<\/div>\n\t\t<\/section>\n\t\t\t\t<section class=\"elementor-section elementor-top-section elementor-element elementor-element-a9fa10c elementor-section-boxed elementor-section-height-default elementor-section-height-default\" data-id=\"a9fa10c\" data-element_type=\"section\" data-e-type=\"section\">\n\t\t\t\t\t\t<div class=\"elementor-container elementor-column-gap-default\">\n\t\t\t\t\t<div class=\"elementor-column elementor-col-100 elementor-top-column elementor-element elementor-element-d2a313c\" data-id=\"d2a313c\" data-element_type=\"column\" data-e-type=\"column\">\n\t\t\t<div class=\"elementor-widget-wrap elementor-element-populated\">\n\t\t\t\t\t\t<div class=\"elementor-element elementor-element-b98d158 elementor-alert-success elementor-widget elementor-widget-alert\" data-id=\"b98d158\" data-element_type=\"widget\" data-e-type=\"widget\" data-widget_type=\"alert.default\">\n\t\t\t\t<div class=\"elementor-widget-container\">\n\t\t\t\t\t\t\t<div class=\"elementor-alert\" role=\"alert\">\n\n\t\t\t\n\t\t\t\t\t\t<span class=\"elementor-alert-description\">E\u0161te predt\u00fdm, ako sa bli\u017e\u0161ie pozrieme na to, kto vlastne Osman I. bol, mus\u00edm poveda\u0165, \u017ee z jeho \u010dasov sa bohu\u017eial nezachovalo ve\u013ea ofici\u00e1lnych zdrojov, dokonca sa nezachoval \u017eiadny priamy tureck\u00fd zdroj o Osmanovom \u017eivote a preto je aj pre historikov n\u00e1ro\u010dn\u00e9 rozli\u0161ova\u0165 skuto\u010dn\u00e9 fakty od legiend a rozpr\u00e1van\u00ed, ktor\u00e9 sa dedili z gener\u00e1cie na gener\u00e1ciu. <\/span>\n\t\t\t\n\t\t\t\n\t\t<\/div>\n\t\t\t\t\t\t<\/div>\n\t\t\t\t<\/div>\n\t\t\t\t\t<\/div>\n\t\t<\/div>\n\t\t\t\t\t<\/div>\n\t\t<\/section>\n\t\t\t\t<section class=\"elementor-section elementor-top-section elementor-element elementor-element-4254105 elementor-section-boxed elementor-section-height-default elementor-section-height-default\" data-id=\"4254105\" data-element_type=\"section\" data-e-type=\"section\">\n\t\t\t\t\t\t<div class=\"elementor-container elementor-column-gap-default\">\n\t\t\t\t\t<div class=\"elementor-column elementor-col-100 elementor-top-column elementor-element elementor-element-3655598\" data-id=\"3655598\" data-element_type=\"column\" data-e-type=\"column\">\n\t\t\t<div class=\"elementor-widget-wrap elementor-element-populated\">\n\t\t\t\t\t\t<div class=\"elementor-element elementor-element-84cac1d elementor-widget elementor-widget-image\" data-id=\"84cac1d\" data-element_type=\"widget\" data-e-type=\"widget\" data-widget_type=\"image.default\">\n\t\t\t\t<div class=\"elementor-widget-container\">\n\t\t\t\t\t\t\t\t\t\t\t\t<figure class=\"wp-caption\">\n\t\t\t\t\t\t\t\t\t\t<img decoding=\"async\" width=\"790\" height=\"790\" src=\"https:\/\/i0.wp.com\/istanbulsmiskou.sk\/wp-content\/uploads\/2025\/01\/WhatsApp-Image-2025-01-01-at-17.02.38_e4b590f7.jpg?fit=790%2C790&amp;ssl=1\" class=\"attachment-large size-large wp-image-1981\" alt=\"\" srcset=\"https:\/\/i0.wp.com\/istanbulsmiskou.sk\/wp-content\/uploads\/2025\/01\/WhatsApp-Image-2025-01-01-at-17.02.38_e4b590f7.jpg?w=1080&amp;ssl=1 1080w, https:\/\/i0.wp.com\/istanbulsmiskou.sk\/wp-content\/uploads\/2025\/01\/WhatsApp-Image-2025-01-01-at-17.02.38_e4b590f7.jpg?resize=300%2C300&amp;ssl=1 300w, https:\/\/i0.wp.com\/istanbulsmiskou.sk\/wp-content\/uploads\/2025\/01\/WhatsApp-Image-2025-01-01-at-17.02.38_e4b590f7.jpg?resize=1024%2C1024&amp;ssl=1 1024w, https:\/\/i0.wp.com\/istanbulsmiskou.sk\/wp-content\/uploads\/2025\/01\/WhatsApp-Image-2025-01-01-at-17.02.38_e4b590f7.jpg?resize=150%2C150&amp;ssl=1 150w, https:\/\/i0.wp.com\/istanbulsmiskou.sk\/wp-content\/uploads\/2025\/01\/WhatsApp-Image-2025-01-01-at-17.02.38_e4b590f7.jpg?resize=768%2C768&amp;ssl=1 768w, https:\/\/i0.wp.com\/istanbulsmiskou.sk\/wp-content\/uploads\/2025\/01\/WhatsApp-Image-2025-01-01-at-17.02.38_e4b590f7.jpg?resize=60%2C60&amp;ssl=1 60w\" sizes=\"(max-width: 790px) 100vw, 790px\" \/>\t\t\t\t\t\t\t\t\t\t\t<figcaption class=\"widget-image-caption wp-caption-text\">Osman I. pod\u013ea ma\u013eby talianskeho maliara Paola Veroneseho zo 16. storo\u010dia<\/figcaption>\n\t\t\t\t\t\t\t\t\t\t<\/figure>\n\t\t\t\t\t\t\t\t\t<\/div>\n\t\t\t\t<\/div>\n\t\t\t\t\t<\/div>\n\t\t<\/div>\n\t\t\t\t\t<\/div>\n\t\t<\/section>\n\t\t\t\t<section class=\"elementor-section elementor-top-section elementor-element elementor-element-1580d09 elementor-section-boxed elementor-section-height-default elementor-section-height-default\" data-id=\"1580d09\" data-element_type=\"section\" data-e-type=\"section\">\n\t\t\t\t\t\t<div class=\"elementor-container elementor-column-gap-default\">\n\t\t\t\t\t<div class=\"elementor-column elementor-col-100 elementor-top-column elementor-element elementor-element-22eb7cb\" data-id=\"22eb7cb\" data-element_type=\"column\" data-e-type=\"column\">\n\t\t\t<div class=\"elementor-widget-wrap elementor-element-populated\">\n\t\t\t\t\t\t<div class=\"elementor-element elementor-element-3c755fc elementor-widget elementor-widget-heading\" data-id=\"3c755fc\" data-element_type=\"widget\" data-e-type=\"widget\" data-widget_type=\"heading.default\">\n\t\t\t\t<div class=\"elementor-widget-container\">\n\t\t\t\t\t<div id=\"ez-toc-container\" class=\"ez-toc-v2_0_82_2 ez-toc-wrap-left-text counter-hierarchy ez-toc-counter ez-toc-custom ez-toc-container-direction\">\n<div class=\"ez-toc-title-container\">\n<p class=\"ez-toc-title\" style=\"cursor:inherit\">Obsah \u010dl\u00e1nku<\/p>\n<span class=\"ez-toc-title-toggle\"><a href=\"#\" class=\"ez-toc-pull-right ez-toc-btn ez-toc-btn-xs ez-toc-btn-default ez-toc-toggle\" aria-label=\"Toggle Table of Content\"><span class=\"ez-toc-js-icon-con\"><span class=\"\"><span class=\"eztoc-hide\" style=\"display:none;\">Toggle<\/span><span class=\"ez-toc-icon-toggle-span\"><svg style=\"fill: #000000;color:#000000\" xmlns=\"http:\/\/www.w3.org\/2000\/svg\" class=\"list-377408\" width=\"20px\" height=\"20px\" viewBox=\"0 0 24 24\" fill=\"none\"><path d=\"M6 6H4v2h2V6zm14 0H8v2h12V6zM4 11h2v2H4v-2zm16 0H8v2h12v-2zM4 16h2v2H4v-2zm16 0H8v2h12v-2z\" fill=\"currentColor\"><\/path><\/svg><svg style=\"fill: #000000;color:#000000\" class=\"arrow-unsorted-368013\" xmlns=\"http:\/\/www.w3.org\/2000\/svg\" width=\"10px\" height=\"10px\" viewBox=\"0 0 24 24\" version=\"1.2\" baseProfile=\"tiny\"><path d=\"M18.2 9.3l-6.2-6.3-6.2 6.3c-.2.2-.3.4-.3.7s.1.5.3.7c.2.2.4.3.7.3h11c.3 0 .5-.1.7-.3.2-.2.3-.5.3-.7s-.1-.5-.3-.7zM5.8 14.7l6.2 6.3 6.2-6.3c.2-.2.3-.5.3-.7s-.1-.5-.3-.7c-.2-.2-.4-.3-.7-.3h-11c-.3 0-.5.1-.7.3-.2.2-.3.5-.3.7s.1.5.3.7z\"\/><\/svg><\/span><\/span><\/span><\/a><\/span><\/div>\n<nav><ul class='ez-toc-list ez-toc-list-level-1 ' ><li class='ez-toc-page-1 ez-toc-heading-level-3'><a class=\"ez-toc-link ez-toc-heading-1\" href=\"https:\/\/istanbulsmiskou.sk\/?p=1969\/#Ako_to_vsetko_zacalo\" >Ako to v\u0161etko za\u010dalo?<\/a><\/li><li class='ez-toc-page-1 ez-toc-heading-level-3'><a class=\"ez-toc-link ez-toc-heading-2\" href=\"https:\/\/istanbulsmiskou.sk\/?p=1969\/#Dedic_Seldzukov\" >Dedi\u010d Seld\u017eukov<\/a><\/li><li class='ez-toc-page-1 ez-toc-heading-level-3'><a class=\"ez-toc-link ez-toc-heading-3\" href=\"https:\/\/istanbulsmiskou.sk\/?p=1969\/#istanbul_s_miskou\" >istanbul_s_miskou<\/a><\/li><li class='ez-toc-page-1 ez-toc-heading-level-3'><a class=\"ez-toc-link ez-toc-heading-4\" href=\"https:\/\/istanbulsmiskou.sk\/?p=1969\/#Sprisahania_pokracuju\" >Sprisahania pokra\u010duj\u00fa<\/a><\/li><li class='ez-toc-page-1 ez-toc-heading-level-3'><a class=\"ez-toc-link ez-toc-heading-5\" href=\"https:\/\/istanbulsmiskou.sk\/?p=1969\/#Dohody_sa_musia_dodrziavat\" >Dohody sa musia dodr\u017eiava\u0165<\/a><\/li><li class='ez-toc-page-1 ez-toc-heading-level-3'><a class=\"ez-toc-link ez-toc-heading-6\" href=\"https:\/\/istanbulsmiskou.sk\/?p=1969\/#Ako_to_skoncilo\" >Ako to skon\u010dilo?<\/a><\/li><li class='ez-toc-page-1 ez-toc-heading-level-3'><a class=\"ez-toc-link ez-toc-heading-7\" href=\"https:\/\/istanbulsmiskou.sk\/?p=1969\/#Aky_Osman_Gazi_bol\" >Ak\u00fd Osman G\u00e1zi bol?<\/a><\/li><\/ul><\/nav><\/div>\n<h3 class=\"elementor-heading-title elementor-size-default\"><span class=\"ez-toc-section\" id=\"Ako_to_vsetko_zacalo\"><\/span>Ako to v\u0161etko za\u010dalo?<span class=\"ez-toc-section-end\"><\/span><\/h3>\t\t\t\t<\/div>\n\t\t\t\t<\/div>\n\t\t\t\t\t<\/div>\n\t\t<\/div>\n\t\t\t\t\t<\/div>\n\t\t<\/section>\n\t\t\t\t<section class=\"elementor-section elementor-top-section elementor-element elementor-element-8e3f203 elementor-section-boxed elementor-section-height-default elementor-section-height-default\" data-id=\"8e3f203\" data-element_type=\"section\" data-e-type=\"section\">\n\t\t\t\t\t\t<div class=\"elementor-container elementor-column-gap-default\">\n\t\t\t\t\t<div class=\"elementor-column elementor-col-100 elementor-top-column elementor-element elementor-element-5aae25d\" data-id=\"5aae25d\" data-element_type=\"column\" data-e-type=\"column\">\n\t\t\t<div class=\"elementor-widget-wrap elementor-element-populated\">\n\t\t\t\t\t\t<div class=\"elementor-element elementor-element-d97b6fe elementor-widget elementor-widget-text-editor\" data-id=\"d97b6fe\" data-element_type=\"widget\" data-e-type=\"widget\" data-widget_type=\"text-editor.default\">\n\t\t\t\t<div class=\"elementor-widget-container\">\n\t\t\t\t\t\t\t\t\t<p>Osman I. sa narodil pravdepodobne okolo roku <b>1258<\/b> v meste <b>So\u011fut <\/b>(\u010d\u00edtaj Sout), le\u017eiacom v dne\u0161nej s<b>everoz\u00e1padnej provincii Bilecik <\/b>(\u010d\u00edtaj Biled\u017eik), ktor\u00e1 bola vtedy bl\u00edzko byzantsk\u00fdch hran\u00edc a v minulosti niesla meno <b>Byth\u00ednia.<\/b> Vo v\u0161eobecnosti sa akceptuje, \u017ee sa <b>narodil do rodiny Oguzsk\u00fdch Turkov <\/b>(jeden z turkick\u00fdch kme\u0148ov stednej \u00c1zie), konkr\u00e9tne do kme\u0148a <b>Kay\u0131<\/b>. Osmanov <b>otec, Ertu\u011frul G\u00e1zi <\/b>(\u010d\u00edtaj Ertu\u00farul G\u00e1zi), bol <b>n\u00e1\u010deln\u00edkom <\/b>tohto kme\u0148a a je pova\u017eovan\u00fd za <b>zakladate\u013ea rodiny, <\/b>z ktorej vzi\u0161la cel\u00e1 <b>dynastia osmansk\u00fdch sult\u00e1nov. <\/b>Osman bol <b>najmlad\u0161\u00edm z troch syno<\/b>v a v tom istom roku ako sa narodil, Mongoli zni\u010dili Abb\u00e1sovsk\u00fd kalif\u00e1t, bola zauj\u00edmav\u00e1 zhoda okolnost\u00ed, ktor\u00e1 d\u00e1vala n\u00e1dej do bud\u00facnosti.<\/p>\t\t\t\t\t\t\t\t<\/div>\n\t\t\t\t<\/div>\n\t\t\t\t\t<\/div>\n\t\t<\/div>\n\t\t\t\t\t<\/div>\n\t\t<\/section>\n\t\t\t\t<section class=\"elementor-section elementor-top-section elementor-element elementor-element-2d975a8 elementor-section-boxed elementor-section-height-default elementor-section-height-default\" data-id=\"2d975a8\" data-element_type=\"section\" data-e-type=\"section\">\n\t\t\t\t\t\t<div class=\"elementor-container elementor-column-gap-default\">\n\t\t\t\t\t<div class=\"elementor-column elementor-col-100 elementor-top-column elementor-element elementor-element-cfa9224\" data-id=\"cfa9224\" data-element_type=\"column\" data-e-type=\"column\">\n\t\t\t<div class=\"elementor-widget-wrap elementor-element-populated\">\n\t\t\t\t\t\t<div class=\"elementor-element elementor-element-40f8407 elementor-widget elementor-widget-image\" data-id=\"40f8407\" data-element_type=\"widget\" data-e-type=\"widget\" data-widget_type=\"image.default\">\n\t\t\t\t<div class=\"elementor-widget-container\">\n\t\t\t\t\t\t\t\t\t\t\t\t<figure class=\"wp-caption\">\n\t\t\t\t\t\t\t\t\t\t<img decoding=\"async\" width=\"790\" height=\"465\" src=\"https:\/\/i0.wp.com\/istanbulsmiskou.sk\/wp-content\/uploads\/2025\/01\/WhatsApp-Image-2025-01-01-at-17.43.05_23dd83f8.jpg?fit=790%2C465&amp;ssl=1\" class=\"attachment-large size-large wp-image-1982\" alt=\"\" srcset=\"https:\/\/i0.wp.com\/istanbulsmiskou.sk\/wp-content\/uploads\/2025\/01\/WhatsApp-Image-2025-01-01-at-17.43.05_23dd83f8.jpg?w=940&amp;ssl=1 940w, https:\/\/i0.wp.com\/istanbulsmiskou.sk\/wp-content\/uploads\/2025\/01\/WhatsApp-Image-2025-01-01-at-17.43.05_23dd83f8.jpg?resize=300%2C176&amp;ssl=1 300w, https:\/\/i0.wp.com\/istanbulsmiskou.sk\/wp-content\/uploads\/2025\/01\/WhatsApp-Image-2025-01-01-at-17.43.05_23dd83f8.jpg?resize=768%2C452&amp;ssl=1 768w, https:\/\/i0.wp.com\/istanbulsmiskou.sk\/wp-content\/uploads\/2025\/01\/WhatsApp-Image-2025-01-01-at-17.43.05_23dd83f8.jpg?resize=102%2C60&amp;ssl=1 102w\" sizes=\"(max-width: 790px) 100vw, 790px\" \/>\t\t\t\t\t\t\t\t\t\t\t<figcaption class=\"widget-image-caption wp-caption-text\">mapa zobrazuj\u00faca mesto So\u011fut, kde sa narodil Osman  a \u010dasti, ktor\u00e9 patrili Byzantskej r\u00ed\u0161i<\/figcaption>\n\t\t\t\t\t\t\t\t\t\t<\/figure>\n\t\t\t\t\t\t\t\t\t<\/div>\n\t\t\t\t<\/div>\n\t\t\t\t\t<\/div>\n\t\t<\/div>\n\t\t\t\t\t<\/div>\n\t\t<\/section>\n\t\t\t\t<section class=\"elementor-section elementor-top-section elementor-element elementor-element-5ae617b elementor-section-boxed elementor-section-height-default elementor-section-height-default\" data-id=\"5ae617b\" data-element_type=\"section\" data-e-type=\"section\">\n\t\t\t\t\t\t<div class=\"elementor-container elementor-column-gap-default\">\n\t\t\t\t\t<div class=\"elementor-column elementor-col-100 elementor-top-column elementor-element elementor-element-8a54b45\" data-id=\"8a54b45\" data-element_type=\"column\" data-e-type=\"column\">\n\t\t\t<div class=\"elementor-widget-wrap elementor-element-populated\">\n\t\t\t\t\t\t<div class=\"elementor-element elementor-element-549283e elementor-widget elementor-widget-text-editor\" data-id=\"549283e\" data-element_type=\"widget\" data-e-type=\"widget\" data-widget_type=\"text-editor.default\">\n\t\t\t\t<div class=\"elementor-widget-container\">\n\t\t\t\t\t\t\t\t\t<p>Osman sa u\u017e od <b>\u00fatleho veku z\u00fa\u010dast\u0148oval bojov<\/b> so svoj\u00edm otcom. Po\u010das vl\u00e1dy svojho otca bol postaven\u00fd do \u010dela vojska ako <b>velite\u013e arm\u00e1dy sedem alebo osemkr\u00e1t.<\/b>\u00a0Pr\u00e1ve kv\u00f4li jeho sk\u00fasenosti ako velite\u013e, a neprekvapivo, ve\u013emi dobr\u00fd velite\u013e, <b>dostal titul \u201eg\u00e1zi\u201c<\/b>, \u010do v ture\u010dtine znamen\u00e1 <b>veter\u00e1n. <\/b>Medzi vojakmi bol dobre zn\u00e1my u\u017e od mladosti a to mu v bud\u00facnosti ve\u013emi pomohlo. Ertu\u011frul G\u00e1zi ho dokonca nieko\u013ekokr\u00e1t poslal k sult\u00e1novi <b>Rumsk\u00e9ho Seld\u017euck\u00e9ho sultan\u00e1tu <\/b>(existoval v medzi rokmi 1077-1307 a bola to stredovek\u00e1 moslimsk\u00e1 sunnitsk\u00e1 monarchia, zalo\u017een\u00e1 kme\u0148om Seld\u017euck\u00fdch Turkov (Seld\u017eukov)\u00a0 poch\u00e1dzaj\u00facich rovnako z turkick\u00e9ho n\u00e1roda Oghuzov)\u00a0<b>v meste Konya<\/b> ako z\u00e1stupcu, kde sa stretol so \u0161t\u00e1tnikmi a star\u0161\u00edmi r\u00e1du Mevlevi (tancuj\u00faci dervi\u0161i).\u00a0<\/p>\t\t\t\t\t\t\t\t<\/div>\n\t\t\t\t<\/div>\n\t\t\t\t\t<\/div>\n\t\t<\/div>\n\t\t\t\t\t<\/div>\n\t\t<\/section>\n\t\t\t\t<section class=\"elementor-section elementor-top-section elementor-element elementor-element-08a8567 elementor-section-boxed elementor-section-height-default elementor-section-height-default\" data-id=\"08a8567\" data-element_type=\"section\" data-e-type=\"section\">\n\t\t\t\t\t\t<div class=\"elementor-container elementor-column-gap-default\">\n\t\t\t\t\t<div class=\"elementor-column elementor-col-100 elementor-top-column elementor-element elementor-element-ea85ef8\" data-id=\"ea85ef8\" data-element_type=\"column\" data-e-type=\"column\">\n\t\t\t<div class=\"elementor-widget-wrap elementor-element-populated\">\n\t\t\t\t\t\t<div class=\"elementor-element elementor-element-fd955cd elementor-widget elementor-widget-image\" data-id=\"fd955cd\" data-element_type=\"widget\" data-e-type=\"widget\" data-widget_type=\"image.default\">\n\t\t\t\t<div class=\"elementor-widget-container\">\n\t\t\t\t\t\t\t\t\t\t\t\t<figure class=\"wp-caption\">\n\t\t\t\t\t\t\t\t\t\t<img loading=\"lazy\" decoding=\"async\" width=\"790\" height=\"371\" src=\"https:\/\/i0.wp.com\/istanbulsmiskou.sk\/wp-content\/uploads\/2025\/01\/f11647_a5dbd8966e184c22955484fbe74f4935mv2.webp?fit=790%2C371&amp;ssl=1\" class=\"attachment-large size-large wp-image-1983\" alt=\"\" srcset=\"https:\/\/i0.wp.com\/istanbulsmiskou.sk\/wp-content\/uploads\/2025\/01\/f11647_a5dbd8966e184c22955484fbe74f4935mv2.webp?w=812&amp;ssl=1 812w, https:\/\/i0.wp.com\/istanbulsmiskou.sk\/wp-content\/uploads\/2025\/01\/f11647_a5dbd8966e184c22955484fbe74f4935mv2.webp?resize=300%2C141&amp;ssl=1 300w, https:\/\/i0.wp.com\/istanbulsmiskou.sk\/wp-content\/uploads\/2025\/01\/f11647_a5dbd8966e184c22955484fbe74f4935mv2.webp?resize=768%2C360&amp;ssl=1 768w, https:\/\/i0.wp.com\/istanbulsmiskou.sk\/wp-content\/uploads\/2025\/01\/f11647_a5dbd8966e184c22955484fbe74f4935mv2.webp?resize=128%2C60&amp;ssl=1 128w\" sizes=\"(max-width: 790px) 100vw, 790px\" \/>\t\t\t\t\t\t\t\t\t\t\t<figcaption class=\"widget-image-caption wp-caption-text\">mapa Seld\u017euck\u00e9ho sultan\u00e1tu - tmavo fialov\u00e1 je na za\u010diatku 1100, najsvetlej\u0161ia fialov\u00e1 po v\u00fdbojoch v 1240<\/figcaption>\n\t\t\t\t\t\t\t\t\t\t<\/figure>\n\t\t\t\t\t\t\t\t\t<\/div>\n\t\t\t\t<\/div>\n\t\t\t\t\t<\/div>\n\t\t<\/div>\n\t\t\t\t\t<\/div>\n\t\t<\/section>\n\t\t\t\t<section class=\"elementor-section elementor-top-section elementor-element elementor-element-e46cd53 elementor-section-boxed elementor-section-height-default elementor-section-height-default\" data-id=\"e46cd53\" data-element_type=\"section\" data-e-type=\"section\">\n\t\t\t\t\t\t<div class=\"elementor-container elementor-column-gap-default\">\n\t\t\t\t\t<div class=\"elementor-column elementor-col-100 elementor-top-column elementor-element elementor-element-4528906\" data-id=\"4528906\" data-element_type=\"column\" data-e-type=\"column\">\n\t\t\t<div class=\"elementor-widget-wrap elementor-element-populated\">\n\t\t\t\t\t\t<div class=\"elementor-element elementor-element-b13ae5c elementor-widget elementor-widget-text-editor\" data-id=\"b13ae5c\" data-element_type=\"widget\" data-e-type=\"widget\" data-widget_type=\"text-editor.default\">\n\t\t\t\t<div class=\"elementor-widget-container\">\n\t\t\t\t\t\t\t\t\t<p style=\"text-align: justify;\"><b>Osman mal jednej noci sen<\/b>, v ktorom sa videl ako hos\u0165 v l\u00f3\u017ei moslimsk\u00e9ho u\u010denca <b>\u0160ejka Edebaliho v Bileciku<\/b> v roku 1277. Osman v\u017edy miloval a re\u0161pektoval \u0160ejka Edebaliho a z\u00fa\u010dast\u0148oval sa jeho n\u00e1bo\u017eensk\u00fdch rozhovorov. V jeho sne vy\u0161iel mesiac z hrude \u0161ejka a vst\u00fapil do Osmanovej hrude. Potom za\u010dali z Osmanovho pupku vych\u00e1dza\u0165 kon\u00e1re platanu a jeho tie\u0148 obi\u0161iel cel\u00fd svet. Rieky tiekli a \u013eudia sa prech\u00e1dzali v tieni stromu. Osman o svojom sne povedal Edebalimu a ten mu tento sen vylo\u017eil takto: <b>\u201eBoh po\u017eehnal teba a tvojich potomkov dlhou vl\u00e1dou. Vezme\u0161 si moju dc\u00e9ru a Va\u0161e deti bud\u00fa dobyvate\u013emi sveta.&#8220;<\/b><\/p><p style=\"text-align: justify;\">Osman G\u00e1zi sa teda o\u017eenil s dc\u00e9rou \u0161ejka. <b>\u0160ejk\u00a0Edebali<\/b>, o ktorom sa hovor\u00ed, \u017ee je potomkom proroka Mohameda, bol <b>prv\u00fdm muft\u00edm Osmanskej r\u00ed\u0161e<\/b>,\u00a0islamsk\u00fd sunnitsk\u00fd duchovn\u00fd vodca, ktor\u00fd vyklad\u00e1 a \u0161\u00edri islamsk\u00e9 pr\u00e1vo.\u00a0<\/p>\t\t\t\t\t\t\t\t<\/div>\n\t\t\t\t<\/div>\n\t\t\t\t\t<\/div>\n\t\t<\/div>\n\t\t\t\t\t<\/div>\n\t\t<\/section>\n\t\t\t\t<section class=\"elementor-section elementor-top-section elementor-element elementor-element-a177ef0 elementor-section-boxed elementor-section-height-default elementor-section-height-default\" data-id=\"a177ef0\" data-element_type=\"section\" data-e-type=\"section\">\n\t\t\t\t\t\t<div class=\"elementor-container elementor-column-gap-default\">\n\t\t\t\t\t<div class=\"elementor-column elementor-col-100 elementor-top-column elementor-element elementor-element-70fd702\" data-id=\"70fd702\" data-element_type=\"column\" data-e-type=\"column\">\n\t\t\t<div class=\"elementor-widget-wrap elementor-element-populated\">\n\t\t\t\t\t\t<div class=\"elementor-element elementor-element-9f48816 elementor-widget elementor-widget-image\" data-id=\"9f48816\" data-element_type=\"widget\" data-e-type=\"widget\" data-widget_type=\"image.default\">\n\t\t\t\t<div class=\"elementor-widget-container\">\n\t\t\t\t\t\t\t\t\t\t\t\t<figure class=\"wp-caption\">\n\t\t\t\t\t\t\t\t\t\t<img loading=\"lazy\" decoding=\"async\" width=\"790\" height=\"825\" src=\"https:\/\/i0.wp.com\/istanbulsmiskou.sk\/wp-content\/uploads\/2025\/01\/%D0%A1%D0%BD%D0%B8%D0%BC%D0%BE%D0%BA_%D1%8D%D0%BA%D1%80%D0%B0%D0%BD%D0%B0_2017-06-08_%D0%B2_17.42.43.png?fit=790%2C825&amp;ssl=1\" class=\"attachment-large size-large wp-image-1984\" alt=\"\" \/>\t\t\t\t\t\t\t\t\t\t\t<figcaption class=\"widget-image-caption wp-caption-text\">miniat\u00fara, na ktorej je zobrazen\u00fd Osman I. ako vodca Kayi kme\u0148a<\/figcaption>\n\t\t\t\t\t\t\t\t\t\t<\/figure>\n\t\t\t\t\t\t\t\t\t<\/div>\n\t\t\t\t<\/div>\n\t\t\t\t\t<\/div>\n\t\t<\/div>\n\t\t\t\t\t<\/div>\n\t\t<\/section>\n\t\t\t\t<section class=\"elementor-section elementor-top-section elementor-element elementor-element-4b30ca3 elementor-section-boxed elementor-section-height-default elementor-section-height-default\" data-id=\"4b30ca3\" data-element_type=\"section\" data-e-type=\"section\">\n\t\t\t\t\t\t<div class=\"elementor-container elementor-column-gap-default\">\n\t\t\t\t\t<div class=\"elementor-column elementor-col-100 elementor-top-column elementor-element elementor-element-4c255be\" data-id=\"4c255be\" data-element_type=\"column\" data-e-type=\"column\">\n\t\t\t<div class=\"elementor-widget-wrap elementor-element-populated\">\n\t\t\t\t\t\t<div class=\"elementor-element elementor-element-c43c05c elementor-widget elementor-widget-heading\" data-id=\"c43c05c\" data-element_type=\"widget\" data-e-type=\"widget\" data-widget_type=\"heading.default\">\n\t\t\t\t<div class=\"elementor-widget-container\">\n\t\t\t\t\t<h3 class=\"elementor-heading-title elementor-size-default\"><span class=\"ez-toc-section\" id=\"Dedic_Seldzukov\"><\/span>Dedi\u010d Seld\u017eukov<span class=\"ez-toc-section-end\"><\/span><\/h3>\t\t\t\t<\/div>\n\t\t\t\t<\/div>\n\t\t\t\t\t<\/div>\n\t\t<\/div>\n\t\t\t\t\t<\/div>\n\t\t<\/section>\n\t\t\t\t<section class=\"elementor-section elementor-top-section elementor-element elementor-element-68e8d84 elementor-section-boxed elementor-section-height-default elementor-section-height-default\" data-id=\"68e8d84\" data-element_type=\"section\" data-e-type=\"section\">\n\t\t\t\t\t\t<div class=\"elementor-container elementor-column-gap-default\">\n\t\t\t\t\t<div class=\"elementor-column elementor-col-100 elementor-top-column elementor-element elementor-element-55389ff\" data-id=\"55389ff\" data-element_type=\"column\" data-e-type=\"column\">\n\t\t\t<div class=\"elementor-widget-wrap elementor-element-populated\">\n\t\t\t\t\t\t<div class=\"elementor-element elementor-element-056627a elementor-widget elementor-widget-text-editor\" data-id=\"056627a\" data-element_type=\"widget\" data-e-type=\"widget\" data-widget_type=\"text-editor.default\">\n\t\t\t\t<div class=\"elementor-widget-container\">\n\t\t\t\t\t\t\t\t\t<p>Po <b>smrti Ertu\u011frula G\u00e1ziho<\/b> v roku <b>1281<\/b>&nbsp;bol Osman G\u00e1zi napriek jeho mlad\u00e9mu veku (mal len okolo 23 rokov) <b>vyhl\u00e1sen\u00fd za nov\u00e9ho vodcu&nbsp;<\/b>a to aj v\u010faka podpore gener\u00e1lov jeho arm\u00e1dy. V\u010faka tomu sa stal <b>hlavou mal\u00e9ho bejl\u00edka (knie\u017eatstva) medzi S\u00f6\u011f\u00fctom a Domani\u00e7om. <\/b>Pr\u00e1ve v\u010faka svojim dobr\u00fdm mravom, sile, stato\u010dnosti a vynikaj\u00facim znalostiam mu aj&nbsp;<b>seld\u017euck\u00fd sult\u00e1n potvrdil jeho knie\u017eatstvo<\/b> t\u00fdm, \u017ee mu <b>poslal tzv. firman, alebo sult\u00e1nsky edikt, <\/b>ktor\u00fd v tom \u010dase sl\u00fa\u017eil ako z\u00e1kon, kde \u0161ar\u00edja neposta\u010dovala, teda hlavne na \u0161t\u00e1tne z\u00e1le\u017eitosti.&nbsp; Pokra\u010doval v misii svojho otca a <b>dobre vych\u00e1dzal so svojimi susedmi<\/b>, <b>byzantsk\u00fdmi p\u00e1nmi a guvern\u00e9rmi, ktor\u00ed boli zn\u00e1mi ako &#8222;tekfuri&#8220;.<\/b><\/p>\n<p>Jedn\u00e9ho d\u0148a sa Osman G\u00e1zi od \u0161pi\u00f3na dopo\u010dul <b>o potenci\u00e1lnom sprisahan\u00ed,<\/b> ktor\u00e9 pripravovali <b>tekfuri z miest Ineg\u00f6l a Karacahisar.<\/b> V roku <b>1284<\/b> sa vydal do bitky v<b> Ermenibeli<\/b>, ne\u010faleko dne\u0161n\u00e9ho Ineg\u00f6lu v severoz\u00e1padnom Turecku, ale po tom, ako bol jeho synovec zabit\u00fd sa Osman rozhodol stiahnu\u0165. Cel\u00e1 jeho <b>arm\u00e1da<\/b> pozost\u00e1vala z <b>pe\u0161ej pechoty<\/b> a t\u00e1to bitka sa vo v\u0161eobecnosti akceptuje ako<b> prv\u00e1 vojensk\u00e1 oper\u00e1cia Osmanskej r\u00ed\u0161e.<\/b> <b>Nasleduj\u00faci rok dobyl Kulacahisar<\/b>, okres ne\u010faleko Ermenibeli, aby pomstil prepadnutie a za\u010dal expandova\u0165 na sever smerom na Byzantsk\u00fa r\u00ed\u0161u. Ide o <b>prv\u00e9 dobytie v osmanskej hist\u00f3rii.<\/b><\/p>\t\t\t\t\t\t\t\t<\/div>\n\t\t\t\t<\/div>\n\t\t\t\t\t<\/div>\n\t\t<\/div>\n\t\t\t\t\t<\/div>\n\t\t<\/section>\n\t\t\t\t<section class=\"elementor-section elementor-top-section elementor-element elementor-element-cd5eedf elementor-section-boxed elementor-section-height-default elementor-section-height-default\" data-id=\"cd5eedf\" data-element_type=\"section\" data-e-type=\"section\">\n\t\t\t\t\t\t<div class=\"elementor-container elementor-column-gap-default\">\n\t\t\t\t\t<div class=\"elementor-column elementor-col-100 elementor-top-column elementor-element elementor-element-6d50e4d\" data-id=\"6d50e4d\" data-element_type=\"column\" data-e-type=\"column\">\n\t\t\t<div class=\"elementor-widget-wrap elementor-element-populated\">\n\t\t\t\t\t\t<div class=\"elementor-element elementor-element-4ee6033 elementor-widget elementor-widget-html\" data-id=\"4ee6033\" data-element_type=\"widget\" data-e-type=\"widget\" data-widget_type=\"html.default\">\n\t\t\t\t<div class=\"elementor-widget-container\">\n\t\t\t\t\t<div data-gyg-href=\"https:\/\/widget.getyourguide.com\/default\/activities.frame\" data-gyg-locale-code=\"en-US\" data-gyg-widget=\"activities\" data-gyg-number-of-items=\"3\" data-gyg-partner-id=\"JXSUSCX\" data-gyg-q=\"istanbul\"><span>Powered by <a target=\"_blank\" rel=\"sponsored\" href=\"https:\/\/www.getyourguide.com\/istanbul-l56\/\">GetYourGuide<\/a><\/span><\/div>\r\n\r\n<script async defer src=\"https:\/\/widget.getyourguide.com\/dist\/pa.umd.production.min.js\" data-gyg-partner-id=\"JXSUSCX\"><\/script>\t\t\t\t<\/div>\n\t\t\t\t<\/div>\n\t\t\t\t\t<\/div>\n\t\t<\/div>\n\t\t\t\t\t<\/div>\n\t\t<\/section>\n\t\t\t\t<section class=\"elementor-section elementor-top-section elementor-element elementor-element-f56abc7 elementor-section-boxed elementor-section-height-default elementor-section-height-default\" data-id=\"f56abc7\" data-element_type=\"section\" data-e-type=\"section\">\n\t\t\t\t\t\t<div class=\"elementor-container elementor-column-gap-default\">\n\t\t\t\t\t<div class=\"elementor-column elementor-col-100 elementor-top-column elementor-element elementor-element-34e0fac\" data-id=\"34e0fac\" data-element_type=\"column\" data-e-type=\"column\">\n\t\t\t<div class=\"elementor-widget-wrap elementor-element-populated\">\n\t\t\t\t\t\t<div class=\"elementor-element elementor-element-700214d elementor-widget elementor-widget-text-editor\" data-id=\"700214d\" data-element_type=\"widget\" data-e-type=\"widget\" data-widget_type=\"text-editor.default\">\n\t\t\t\t<div class=\"elementor-widget-container\">\n\t\t\t\t\t\t\t\t\t<p style=\"text-align: justify;\">Potom ako <b>Karacahisar <\/b>(Karad\u017eahisar)<b> a Ineg\u00f6l tekfuri padli<\/b> pod Osmanov\u00fdm v\u00ed\u0165azstvom <b>v bitke pri Ekizce v roku 1288<\/b>, jeho brat bol v tejto bitke bohu\u017eial zabit\u00fd a z\u00e1rove\u0148 Osman pridal aj mesto Eski\u015fehir pod svoj beylik. Po tomto v\u00ed\u0165azstve poslal Osmanovi seld\u017euck\u00fd sult\u00e1n ako <b>symboly v\u010faky tzv. tu\u011f <\/b>(ty\u010d s konsk\u00fdm alebo ja\u010d\u00edm chvostom usporiadan\u00fdm do kruhov\u00e9ho tvaru, ktor\u00fd sl\u00fa\u017eil ako seld\u017euck\u00e1 vlajka)<b>,<\/b> <b>tabl<\/b> (tradi\u010dn\u00e1 forma bubna) <b>a firman<\/b> (cis\u00e1rsky edikt) <b>auton\u00f3mie<\/b>. Potom <b>Osman G\u00e1zi nariadil vojenskej kapele, aby ka\u017ed\u00fd de\u0148 poobede hodinu hrala,<\/b> a on sa po\u010das koncertu z \u00facty k sult\u00e1novi postavil. T\u00e1to trad\u00edcia st\u00e1tia po\u010das koncertu pokra\u010dovala a\u017e do \u010dias sult\u00e1na Mehmeda II., zn\u00e1meho aj ako\u00a0<a href=\"https:\/\/istanbulsmiskou.sk\/?p=488\" target=\"_blank\" rel=\"noopener\">Mehmed Dobyvate\u013e<\/a>.<\/p><p style=\"text-align: justify;\"><b>Do Karacahisaru<\/b> (dnes predmestie Eski\u015fehir) namiesto tekfuru<b> vymenoval qadi (sudcu)<\/b>, ktor\u00e9 dobyl v roku 1289. V piatkov\u00fdch modlitb\u00e1ch a k\u00e1z\u0148ach sa popri abb\u00e1sovskom kalifovi a seld\u017euckom sult\u00e1novi <b>za\u010dalo spom\u00edna\u0165 aj meno Osmana G\u00e1ziho<\/b>. V mene Osmana G\u00e1ziho bola dokonca razen\u00e1 aj <b>strieborn\u00e1 minca<\/b>. Ke\u010f\u017ee u\u017e\u00a0<b>i\u0161lo o znaky suverenity, vznikal de facto \u0161t\u00e1t.<\/b> Osman G\u00e1zi s\u00edce pokra\u010doval vo svojej \u00facte a oddanosti seld\u017euck\u00e9mu sult\u00e1novi, ale <b>v\u0161etko bolo len naoko.<\/b> <b>Osmansk\u00e9 knie\u017eatstvo malo \u0161tat\u00fat auton\u00f3mnej provincie<\/b> a teda ni\u010d nebr\u00e1nilo Osmanovi, aby pokra\u010doval vo svojom pl\u00e1ne.\u00a0<\/p>\t\t\t\t\t\t\t\t<\/div>\n\t\t\t\t<\/div>\n\t\t\t\t\t<\/div>\n\t\t<\/div>\n\t\t\t\t\t<\/div>\n\t\t<\/section>\n\t\t\t\t<section class=\"elementor-section elementor-top-section elementor-element elementor-element-d367201 elementor-section-boxed elementor-section-height-default elementor-section-height-default\" data-id=\"d367201\" data-element_type=\"section\" data-e-type=\"section\">\n\t\t\t\t\t\t<div class=\"elementor-container elementor-column-gap-default\">\n\t\t\t\t\t<div class=\"elementor-column elementor-col-100 elementor-top-column elementor-element elementor-element-ab9ef6c\" data-id=\"ab9ef6c\" data-element_type=\"column\" data-e-type=\"column\">\n\t\t\t<div class=\"elementor-widget-wrap elementor-element-populated\">\n\t\t\t\t\t\t<div class=\"elementor-element elementor-element-43f6c02 elementor-widget elementor-widget-sbi-widget\" data-id=\"43f6c02\" data-element_type=\"widget\" data-e-type=\"widget\" data-widget_type=\"sbi-widget.default\">\n\t\t\t\t<div class=\"elementor-widget-container\">\n\t\t\t\t\t\n<div id=\"sb_instagram\"  class=\"sbi sbi_mob_col_2 sbi_tab_col_2 sbi_col_4 sbi_width_resp\" style=\"padding-bottom: 10px;\"\t data-feedid=\"*1\"  data-res=\"auto\" data-cols=\"4\" data-colsmobile=\"2\" data-colstablet=\"2\" data-num=\"8\" data-nummobile=\"4\" data-item-padding=\"5\"\t data-shortcode-atts=\"{&quot;feed&quot;:&quot;1&quot;}\"  data-postid=\"1969\" data-locatornonce=\"35849f3de1\" data-imageaspectratio=\"1:1\" data-sbi-flags=\"favorLocal,gdpr\">\n\t<div class=\"sb_instagram_header \"   >\n\t<a class=\"sbi_header_link\" target=\"_blank\"\n\t   rel=\"nofollow noopener\" href=\"https:\/\/www.instagram.com\/istanbul_s_miskou\/\" title=\"@istanbul_s_miskou\">\n\t\t<div class=\"sbi_header_text sbi_no_bio\">\n\t\t\t<div class=\"sbi_header_img\"  data-avatar-url=\"https:\/\/scontent-vie1-1.cdninstagram.com\/v\/t51.2885-19\/470479059_451970121281333_7520924974407757271_n.jpg?stp=dst-jpg_s206x206_tt6&amp;_nc_cat=103&amp;ccb=7-5&amp;_nc_sid=bf7eb4&amp;efg=eyJ2ZW5jb2RlX3RhZyI6InByb2ZpbGVfcGljLnd3dy4xMDgwLkMzIn0%3D&amp;_nc_ohc=a2q7vA0ySVgQ7kNvwHb-JBW&amp;_nc_oc=AdqOdxgJSmpAZtVzH2W3frD1C1c0wmd6c9Dub9AneRi4XinJyiwhCr95NnY_2HFkFbw&amp;_nc_zt=24&amp;_nc_ht=scontent-vie1-1.cdninstagram.com&amp;edm=AP4hL3IEAAAA&amp;_nc_tpa=Q5bMBQGu4jGB9LYAhyShRCxLFyqrjcJBQYMQB1Ib_fX4vSJ0VE4E5B9S6Of0AgsDAzBgxC8Pxe3QW7ASfQ&amp;oh=00_Af0FVPYgkqb1rtMioxVbx9kcLfWYsTOtyGblKRRqnFRzMw&amp;oe=69F46D99\">\n\t\t\t\t\t\t\t\t\t<div class=\"sbi_header_img_hover\"  ><svg class=\"sbi_new_logo fa-instagram fa-w-14\" aria-hidden=\"true\" data-fa-processed=\"\" aria-label=\"Instagram\" data-prefix=\"fab\" data-icon=\"instagram\" role=\"img\" viewBox=\"0 0 448 512\">\n                    <path fill=\"currentColor\" d=\"M224.1 141c-63.6 0-114.9 51.3-114.9 114.9s51.3 114.9 114.9 114.9S339 319.5 339 255.9 287.7 141 224.1 141zm0 189.6c-41.1 0-74.7-33.5-74.7-74.7s33.5-74.7 74.7-74.7 74.7 33.5 74.7 74.7-33.6 74.7-74.7 74.7zm146.4-194.3c0 14.9-12 26.8-26.8 26.8-14.9 0-26.8-12-26.8-26.8s12-26.8 26.8-26.8 26.8 12 26.8 26.8zm76.1 27.2c-1.7-35.9-9.9-67.7-36.2-93.9-26.2-26.2-58-34.4-93.9-36.2-37-2.1-147.9-2.1-184.9 0-35.8 1.7-67.6 9.9-93.9 36.1s-34.4 58-36.2 93.9c-2.1 37-2.1 147.9 0 184.9 1.7 35.9 9.9 67.7 36.2 93.9s58 34.4 93.9 36.2c37 2.1 147.9 2.1 184.9 0 35.9-1.7 67.7-9.9 93.9-36.2 26.2-26.2 34.4-58 36.2-93.9 2.1-37 2.1-147.8 0-184.8zM398.8 388c-7.8 19.6-22.9 34.7-42.6 42.6-29.5 11.7-99.5 9-132.1 9s-102.7 2.6-132.1-9c-19.6-7.8-34.7-22.9-42.6-42.6-11.7-29.5-9-99.5-9-132.1s-2.6-102.7 9-132.1c7.8-19.6 22.9-34.7 42.6-42.6 29.5-11.7 99.5-9 132.1-9s102.7-2.6 132.1 9c19.6 7.8 34.7 22.9 42.6 42.6 11.7 29.5 9 99.5 9 132.1s2.7 102.7-9 132.1z\"><\/path>\n                <\/svg><\/div>\n\t\t\t\t\t<img data-recalc-dims=\"1\" loading=\"lazy\" decoding=\"async\"  src=\"https:\/\/i0.wp.com\/istanbulsmiskou.sk\/wp-content\/uploads\/2023\/05\/cropped-cropped-Black-Simple-Monoline-Real-Estate-Service-Logo.png?resize=50%2C50\" alt=\"\" width=\"50\" height=\"50\">\n\t\t\t\t\n\t\t\t\t\t\t\t<\/div>\n\n\t\t\t<div class=\"sbi_feedtheme_header_text\">\n\t\t\t\t<h3><span class=\"ez-toc-section\" id=\"istanbul_s_miskou\"><\/span>istanbul_s_miskou<span class=\"ez-toc-section-end\"><\/span><\/h3>\n\t\t\t\t\t\t\t<\/div>\n\t\t<\/div>\n\t<\/a>\n<\/div>\n\n\t<div id=\"sbi_images\"  style=\"gap: 10px;\">\n\t\t<div class=\"sbi_item sbi_type_video sbi_new sbi_transition\"\n\tid=\"sbi_18072105395305295\" data-date=\"1777225433\">\n\t<div class=\"sbi_photo_wrap\">\n\t\t<a class=\"sbi_photo\" href=\"https:\/\/www.instagram.com\/reel\/DXmn0MPjKS-\/\" target=\"_blank\" rel=\"noopener nofollow\"\n\t\t\tdata-full-res=\"https:\/\/scontent-vie1-1.cdninstagram.com\/v\/t51.71878-15\/680712818_2014923536046700_1837107749293067873_n.jpg?stp=dst-jpg_e35_tt6&#038;_nc_cat=109&#038;ccb=7-5&#038;_nc_sid=18de74&#038;efg=eyJlZmdfdGFnIjoiQ0xJUFMuYmVzdF9pbWFnZV91cmxnZW4uQzMifQ%3D%3D&#038;_nc_ohc=VvmhvRmnnHwQ7kNvwGH4wXx&#038;_nc_oc=Adrs12XXuUa5CctCWrsjvo2uc5nxq6iKC8rIDGa-QW603i8RyJaL5djof06Oi3iBhwg&#038;_nc_zt=23&#038;_nc_ht=scontent-vie1-1.cdninstagram.com&#038;edm=ANo9K5cEAAAA&#038;_nc_gid=Pr7nZ4RgXKugUiRhPAPEig&#038;_nc_tpa=Q5bMBQGu2HR4g6IIDl-DJJsoncBGtWuMorOX-duMnOKMPTMWFoAYN05zOpJjD4ZGu6ZjNVqzwGw814i5LA&#038;oh=00_Af3lvp1AjfacdZ-lLJk5eMC70scEZJ04u4bYgDyG2Vf1hA&#038;oe=69F482AA\"\n\t\t\tdata-img-src-set=\"{&quot;d&quot;:&quot;https:\\\/\\\/scontent-vie1-1.cdninstagram.com\\\/v\\\/t51.71878-15\\\/680712818_2014923536046700_1837107749293067873_n.jpg?stp=dst-jpg_e35_tt6&amp;_nc_cat=109&amp;ccb=7-5&amp;_nc_sid=18de74&amp;efg=eyJlZmdfdGFnIjoiQ0xJUFMuYmVzdF9pbWFnZV91cmxnZW4uQzMifQ%3D%3D&amp;_nc_ohc=VvmhvRmnnHwQ7kNvwGH4wXx&amp;_nc_oc=Adrs12XXuUa5CctCWrsjvo2uc5nxq6iKC8rIDGa-QW603i8RyJaL5djof06Oi3iBhwg&amp;_nc_zt=23&amp;_nc_ht=scontent-vie1-1.cdninstagram.com&amp;edm=ANo9K5cEAAAA&amp;_nc_gid=Pr7nZ4RgXKugUiRhPAPEig&amp;_nc_tpa=Q5bMBQGu2HR4g6IIDl-DJJsoncBGtWuMorOX-duMnOKMPTMWFoAYN05zOpJjD4ZGu6ZjNVqzwGw814i5LA&amp;oh=00_Af3lvp1AjfacdZ-lLJk5eMC70scEZJ04u4bYgDyG2Vf1hA&amp;oe=69F482AA&quot;,&quot;150&quot;:&quot;https:\\\/\\\/scontent-vie1-1.cdninstagram.com\\\/v\\\/t51.71878-15\\\/680712818_2014923536046700_1837107749293067873_n.jpg?stp=dst-jpg_e35_tt6&amp;_nc_cat=109&amp;ccb=7-5&amp;_nc_sid=18de74&amp;efg=eyJlZmdfdGFnIjoiQ0xJUFMuYmVzdF9pbWFnZV91cmxnZW4uQzMifQ%3D%3D&amp;_nc_ohc=VvmhvRmnnHwQ7kNvwGH4wXx&amp;_nc_oc=Adrs12XXuUa5CctCWrsjvo2uc5nxq6iKC8rIDGa-QW603i8RyJaL5djof06Oi3iBhwg&amp;_nc_zt=23&amp;_nc_ht=scontent-vie1-1.cdninstagram.com&amp;edm=ANo9K5cEAAAA&amp;_nc_gid=Pr7nZ4RgXKugUiRhPAPEig&amp;_nc_tpa=Q5bMBQGu2HR4g6IIDl-DJJsoncBGtWuMorOX-duMnOKMPTMWFoAYN05zOpJjD4ZGu6ZjNVqzwGw814i5LA&amp;oh=00_Af3lvp1AjfacdZ-lLJk5eMC70scEZJ04u4bYgDyG2Vf1hA&amp;oe=69F482AA&quot;,&quot;320&quot;:&quot;https:\\\/\\\/scontent-vie1-1.cdninstagram.com\\\/v\\\/t51.71878-15\\\/680712818_2014923536046700_1837107749293067873_n.jpg?stp=dst-jpg_e35_tt6&amp;_nc_cat=109&amp;ccb=7-5&amp;_nc_sid=18de74&amp;efg=eyJlZmdfdGFnIjoiQ0xJUFMuYmVzdF9pbWFnZV91cmxnZW4uQzMifQ%3D%3D&amp;_nc_ohc=VvmhvRmnnHwQ7kNvwGH4wXx&amp;_nc_oc=Adrs12XXuUa5CctCWrsjvo2uc5nxq6iKC8rIDGa-QW603i8RyJaL5djof06Oi3iBhwg&amp;_nc_zt=23&amp;_nc_ht=scontent-vie1-1.cdninstagram.com&amp;edm=ANo9K5cEAAAA&amp;_nc_gid=Pr7nZ4RgXKugUiRhPAPEig&amp;_nc_tpa=Q5bMBQGu2HR4g6IIDl-DJJsoncBGtWuMorOX-duMnOKMPTMWFoAYN05zOpJjD4ZGu6ZjNVqzwGw814i5LA&amp;oh=00_Af3lvp1AjfacdZ-lLJk5eMC70scEZJ04u4bYgDyG2Vf1hA&amp;oe=69F482AA&quot;,&quot;640&quot;:&quot;https:\\\/\\\/scontent-vie1-1.cdninstagram.com\\\/v\\\/t51.71878-15\\\/680712818_2014923536046700_1837107749293067873_n.jpg?stp=dst-jpg_e35_tt6&amp;_nc_cat=109&amp;ccb=7-5&amp;_nc_sid=18de74&amp;efg=eyJlZmdfdGFnIjoiQ0xJUFMuYmVzdF9pbWFnZV91cmxnZW4uQzMifQ%3D%3D&amp;_nc_ohc=VvmhvRmnnHwQ7kNvwGH4wXx&amp;_nc_oc=Adrs12XXuUa5CctCWrsjvo2uc5nxq6iKC8rIDGa-QW603i8RyJaL5djof06Oi3iBhwg&amp;_nc_zt=23&amp;_nc_ht=scontent-vie1-1.cdninstagram.com&amp;edm=ANo9K5cEAAAA&amp;_nc_gid=Pr7nZ4RgXKugUiRhPAPEig&amp;_nc_tpa=Q5bMBQGu2HR4g6IIDl-DJJsoncBGtWuMorOX-duMnOKMPTMWFoAYN05zOpJjD4ZGu6ZjNVqzwGw814i5LA&amp;oh=00_Af3lvp1AjfacdZ-lLJk5eMC70scEZJ04u4bYgDyG2Vf1hA&amp;oe=69F482AA&quot;}\">\n\t\t\t<span class=\"sbi-screenreader\">\u203c\ufe0fPrv\u00fdkr\u00e1t v Istanbule? \ud83d\udd4c Pozri si 5 naj\u010dastej\u0161\u00edch<\/span>\n\t\t\t\t\t\t<svg style=\"color: rgba(255,255,255,1)\" class=\"svg-inline--fa fa-play fa-w-14 sbi_playbtn\" aria-label=\"Play\" aria-hidden=\"true\" data-fa-processed=\"\" data-prefix=\"fa\" data-icon=\"play\" role=\"presentation\" xmlns=\"http:\/\/www.w3.org\/2000\/svg\" viewBox=\"0 0 448 512\"><path fill=\"currentColor\" d=\"M424.4 214.7L72.4 6.6C43.8-10.3 0 6.1 0 47.9V464c0 37.5 40.7 60.1 72.4 41.3l352-208c31.4-18.5 31.5-64.1 0-82.6z\"><\/path><\/svg>\t\t\t<img data-recalc-dims=\"1\" decoding=\"async\" src=\"https:\/\/i0.wp.com\/istanbulsmiskou.sk\/wp-content\/plugins\/instagram-feed\/img\/placeholder.png?w=790&#038;ssl=1\" alt=\"\u203c\ufe0fPrv\u00fdkr\u00e1t v Istanbule? \ud83d\udd4c Pozri si 5 naj\u010dastej\u0161\u00edch ch\u00fdb turistov a ako ich ob\u00eds\u0165 \ud83e\udd2b\ud83e\udd73\n\n\ud83d\udd4c Zost\u00e1vanie len v historickom centre - cho\u010f sa pozrie\u0165 aj mimo turistick\u00fdch \u010dast\u00ed okolo Bosporu, kde je \u017eivot k\u013eudnej\u0161\u00ed a autentickej\u0161\u00ed \n\n\ud83e\udd7e Myslie\u0165 si, \u017ee mesto sa d\u00e1 prejs\u0165 pe\u0161o - teoreticky sa d\u00e1, ale ak si \u0161ikovne napl\u00e1nujete trasy, tak stihnete toho viac a bud\u00fa v\u00e1s menej bolie\u0165 nohy \n\n\ud83e\udd58 Jes\u0165 len v turistick\u00fdch re\u0161taur\u00e1ci\u00e1ch - pov\u00e4\u010d\u0161ine plat\u00ed pravidlo - \u010d\u00edm viac jed\u00e1l na menu t\u00fdm menej kvalitn\u00e9 a viac turistick\u00e9 \n\n\u26f4\ufe0f Nevyu\u017ei\u0165 trajekty - je to najkraj\u0161\u00ed a prekvapivo najjednoduch\u0161\u00ed sp\u00f4sob prepravy v meste (m\u00e1m aj e-knihu o tejto MHD\u010dke - ak by ste chceli vedie\u0165 ako sa k nej dosta\u0165 p\u00ed\u0161te \ud83e\udd2b)\n\n\ud83d\udecd\ufe0f Nakupova\u0165 prv\u00fa vec v Grand Baz\u00e1ri - na \u00e1zijskej strane n\u00e1jdete mnohokr\u00e1t to ist\u00e9 za polovi\u010dn\u00e9 ceny, av\u0161ak ak mus\u00edte tak sk\u00faste zjedn\u00e1vat a nebojte sa od\u00eds\u0165 \n\n\ud83e\udef5\ud83c\udffbAk ste u\u017e boli v Istanbule, \u010do by ste sa zoznam pridali vy\u2049\ufe0f\ud83e\udd70\n\n#istanbulsmiskou #turecko #istanbul #cestovatelskyblog cestovanie\" aria-hidden=\"true\">\n\t\t<\/a>\n\t<\/div>\n<\/div><div class=\"sbi_item sbi_type_video sbi_new sbi_transition\"\n\tid=\"sbi_18556460350070547\" data-date=\"1777136264\">\n\t<div class=\"sbi_photo_wrap\">\n\t\t<a class=\"sbi_photo\" href=\"https:\/\/www.instagram.com\/reel\/DXj-NZCDOpU\/\" target=\"_blank\" rel=\"noopener nofollow\"\n\t\t\tdata-full-res=\"https:\/\/scontent-vie1-1.cdninstagram.com\/v\/t51.82787-15\/674466984_17996003165929434_8826268415730052406_n.jpg?stp=dst-jpg_e35_tt6&#038;_nc_cat=100&#038;ccb=7-5&#038;_nc_sid=18de74&#038;efg=eyJlZmdfdGFnIjoiQ0xJUFMuYmVzdF9pbWFnZV91cmxnZW4uQzMifQ%3D%3D&#038;_nc_ohc=dW3PhMuWbwsQ7kNvwEq-V_X&#038;_nc_oc=AdoloIcYTXj9Y_8S0fG1g48fLtxp8CoHjA2WO0Nz5W6WVB6q9iSyO18Iih9s2ALG1Lk&#038;_nc_zt=23&#038;_nc_ht=scontent-vie1-1.cdninstagram.com&#038;edm=ANo9K5cEAAAA&#038;_nc_gid=Pr7nZ4RgXKugUiRhPAPEig&#038;_nc_tpa=Q5bMBQHkQ1X0xnHu3bz6SRbPm1DtWBwr5MdhmCOdb98rNHRbyVRK_p-YFc_6weFx0DuIGwF_aXkQTVTMqQ&#038;oh=00_Af2nfgQiWhed7QwrUTZnPvvdcze-Jw2djfxFUhPFEw3IpQ&#038;oe=69F465F6\"\n\t\t\tdata-img-src-set=\"{&quot;d&quot;:&quot;https:\\\/\\\/scontent-vie1-1.cdninstagram.com\\\/v\\\/t51.82787-15\\\/674466984_17996003165929434_8826268415730052406_n.jpg?stp=dst-jpg_e35_tt6&amp;_nc_cat=100&amp;ccb=7-5&amp;_nc_sid=18de74&amp;efg=eyJlZmdfdGFnIjoiQ0xJUFMuYmVzdF9pbWFnZV91cmxnZW4uQzMifQ%3D%3D&amp;_nc_ohc=dW3PhMuWbwsQ7kNvwEq-V_X&amp;_nc_oc=AdoloIcYTXj9Y_8S0fG1g48fLtxp8CoHjA2WO0Nz5W6WVB6q9iSyO18Iih9s2ALG1Lk&amp;_nc_zt=23&amp;_nc_ht=scontent-vie1-1.cdninstagram.com&amp;edm=ANo9K5cEAAAA&amp;_nc_gid=Pr7nZ4RgXKugUiRhPAPEig&amp;_nc_tpa=Q5bMBQHkQ1X0xnHu3bz6SRbPm1DtWBwr5MdhmCOdb98rNHRbyVRK_p-YFc_6weFx0DuIGwF_aXkQTVTMqQ&amp;oh=00_Af2nfgQiWhed7QwrUTZnPvvdcze-Jw2djfxFUhPFEw3IpQ&amp;oe=69F465F6&quot;,&quot;150&quot;:&quot;https:\\\/\\\/scontent-vie1-1.cdninstagram.com\\\/v\\\/t51.82787-15\\\/674466984_17996003165929434_8826268415730052406_n.jpg?stp=dst-jpg_e35_tt6&amp;_nc_cat=100&amp;ccb=7-5&amp;_nc_sid=18de74&amp;efg=eyJlZmdfdGFnIjoiQ0xJUFMuYmVzdF9pbWFnZV91cmxnZW4uQzMifQ%3D%3D&amp;_nc_ohc=dW3PhMuWbwsQ7kNvwEq-V_X&amp;_nc_oc=AdoloIcYTXj9Y_8S0fG1g48fLtxp8CoHjA2WO0Nz5W6WVB6q9iSyO18Iih9s2ALG1Lk&amp;_nc_zt=23&amp;_nc_ht=scontent-vie1-1.cdninstagram.com&amp;edm=ANo9K5cEAAAA&amp;_nc_gid=Pr7nZ4RgXKugUiRhPAPEig&amp;_nc_tpa=Q5bMBQHkQ1X0xnHu3bz6SRbPm1DtWBwr5MdhmCOdb98rNHRbyVRK_p-YFc_6weFx0DuIGwF_aXkQTVTMqQ&amp;oh=00_Af2nfgQiWhed7QwrUTZnPvvdcze-Jw2djfxFUhPFEw3IpQ&amp;oe=69F465F6&quot;,&quot;320&quot;:&quot;https:\\\/\\\/scontent-vie1-1.cdninstagram.com\\\/v\\\/t51.82787-15\\\/674466984_17996003165929434_8826268415730052406_n.jpg?stp=dst-jpg_e35_tt6&amp;_nc_cat=100&amp;ccb=7-5&amp;_nc_sid=18de74&amp;efg=eyJlZmdfdGFnIjoiQ0xJUFMuYmVzdF9pbWFnZV91cmxnZW4uQzMifQ%3D%3D&amp;_nc_ohc=dW3PhMuWbwsQ7kNvwEq-V_X&amp;_nc_oc=AdoloIcYTXj9Y_8S0fG1g48fLtxp8CoHjA2WO0Nz5W6WVB6q9iSyO18Iih9s2ALG1Lk&amp;_nc_zt=23&amp;_nc_ht=scontent-vie1-1.cdninstagram.com&amp;edm=ANo9K5cEAAAA&amp;_nc_gid=Pr7nZ4RgXKugUiRhPAPEig&amp;_nc_tpa=Q5bMBQHkQ1X0xnHu3bz6SRbPm1DtWBwr5MdhmCOdb98rNHRbyVRK_p-YFc_6weFx0DuIGwF_aXkQTVTMqQ&amp;oh=00_Af2nfgQiWhed7QwrUTZnPvvdcze-Jw2djfxFUhPFEw3IpQ&amp;oe=69F465F6&quot;,&quot;640&quot;:&quot;https:\\\/\\\/scontent-vie1-1.cdninstagram.com\\\/v\\\/t51.82787-15\\\/674466984_17996003165929434_8826268415730052406_n.jpg?stp=dst-jpg_e35_tt6&amp;_nc_cat=100&amp;ccb=7-5&amp;_nc_sid=18de74&amp;efg=eyJlZmdfdGFnIjoiQ0xJUFMuYmVzdF9pbWFnZV91cmxnZW4uQzMifQ%3D%3D&amp;_nc_ohc=dW3PhMuWbwsQ7kNvwEq-V_X&amp;_nc_oc=AdoloIcYTXj9Y_8S0fG1g48fLtxp8CoHjA2WO0Nz5W6WVB6q9iSyO18Iih9s2ALG1Lk&amp;_nc_zt=23&amp;_nc_ht=scontent-vie1-1.cdninstagram.com&amp;edm=ANo9K5cEAAAA&amp;_nc_gid=Pr7nZ4RgXKugUiRhPAPEig&amp;_nc_tpa=Q5bMBQHkQ1X0xnHu3bz6SRbPm1DtWBwr5MdhmCOdb98rNHRbyVRK_p-YFc_6weFx0DuIGwF_aXkQTVTMqQ&amp;oh=00_Af2nfgQiWhed7QwrUTZnPvvdcze-Jw2djfxFUhPFEw3IpQ&amp;oe=69F465F6&quot;}\">\n\t\t\t<span class=\"sbi-screenreader\">\ud83c\udf0a \u010cASTI ISTANBULU - vitaj v \u201cdovolenkovej\u201d pl\u00e1\u017eove<\/span>\n\t\t\t\t\t\t<svg style=\"color: rgba(255,255,255,1)\" class=\"svg-inline--fa fa-play fa-w-14 sbi_playbtn\" aria-label=\"Play\" aria-hidden=\"true\" data-fa-processed=\"\" data-prefix=\"fa\" data-icon=\"play\" role=\"presentation\" xmlns=\"http:\/\/www.w3.org\/2000\/svg\" viewBox=\"0 0 448 512\"><path fill=\"currentColor\" d=\"M424.4 214.7L72.4 6.6C43.8-10.3 0 6.1 0 47.9V464c0 37.5 40.7 60.1 72.4 41.3l352-208c31.4-18.5 31.5-64.1 0-82.6z\"><\/path><\/svg>\t\t\t<img data-recalc-dims=\"1\" decoding=\"async\" src=\"https:\/\/i0.wp.com\/istanbulsmiskou.sk\/wp-content\/plugins\/instagram-feed\/img\/placeholder.png?w=790&#038;ssl=1\" alt=\"\ud83c\udf0a \u010cASTI ISTANBULU - vitaj v \u201cdovolenkovej\u201d pl\u00e1\u017eovej \u010dasti: \u015eile \ud83c\udfd6\ufe0f \n\n\ud83d\udccd \u010das\u0165 \u015eile na brehu \u010cierneho Mora je miesto, kam ide\u0161, ke\u010f chce\u0161 na chv\u00ed\u013eu vypn\u00fa\u0165 od mesta a z\u00e1rove\u0148 si u\u017ei\u0165 \u201cdovolenkov\u00fa\u201d atmosf\u00e9ru \u2600\ufe0f\ud83c\udf0a\n\n\ud83c\udf2c\ufe0f av\u0161ak na \u010cierne more si treba d\u00e1va\u0165 pozor - nie je v\u017edy pokojn\u00e9, \u010dasto vetern\u00e9 so siln\u00fdmi pr\u00fadmi \ud83c\udf0a pl\u00e1\u017ee s\u00fa \u0161irok\u00e9, s\u00edce menej komfortu - predsa nie je to rezort \ud83c\udfe8 \n \n\u2693\ufe0f ke\u010f\u017ee je to st\u00e1le ryb\u00e1rske meste\u010dko, re\u0161taur\u00e1cie sa to\u010dia hlavne okolo \u010derstv\u00fdch r\u00fdb \ud83c\udfa3 \n\n\u27a1\ufe0f \u010co v\u0161etko tu n\u00e1jde\u0161?\n\ud83d\udc1f Mal\u00fd pr\u00edstav s ryb\u00e1rmi\n\ud83c\udfd6\ufe0f Dlh\u00e9 pieso\u010dnat\u00e9 pl\u00e1\u017ee (vo videu je naj\u010dastej\u0161ie vidie\u0165 Aqua Beach)\n\ud83d\udeb6\u200d\u2640\ufe0f Jednoduch\u00e9 prech\u00e1dzky popri pobre\u017e\u00ed\n\u2615 Lok\u00e1lne podniky bez ve\u013ek\u00fdch amb\u00edci\u00ed\n\ud83c\udf0a More, ktor\u00e9 si rob\u00ed, \u010do chce \n\n\u203c\ufe0fAle pozor na tieto veci! \n\u26a0\ufe0f \u010cierne more vie by\u0165 zr\u00e1dne a vlny naozaj nebezpe\u010dn\u00e9, nie je v\u017edy vhodn\u00e9 na k\u00fapanie\n\u26a0\ufe0f cez v\u00edkendy, hlavne cez leto, to b\u00fdva ve\u013ea \u013eud\u00ed\n\u26a0\ufe0f menej \u201eprogramu\u201c - ak h\u013ead\u00e1\u0161 aktivity, tu ich ve\u013ea nen\u00e1jde\u0161, sk\u00f4r ide naozaj o oddych pri mori a na pl\u00e1\u017ei \u26a0\ufe0f nie je to ve\u013emi lokalita pre niekoho, kto e\u0161te v Istanbule nikdy nebol (je to cca 85km \u010faleko od Sultanahmet) \n\n\ud83d\ude8d Ako sa tu dostane\u0161? (\u010dasovo v\u0161etko z\u00e1le\u017e\u00ed od dopravy) \n\ud83d\ude8d bus z \u00e1zijskej \u010dasti \u00dcsk\u00fcdar (139,139A) - cca 2 hodiny (v\u0161etko z\u00e1le\u017e\u00ed pod\u013ea dopravy!) \n\ud83d\ude95 prenajat\u00fdm autom, taxi - cca 1,5 hodiny \n\n\ud83e\udd14 I\u0161li by si sem na de\u0148, alebo by ste ostali aj dlh\u0161ie\u2049\ufe0f\ud83e\udd17\n\n#istanbulsmiskou #turecko #cestovanie #dnescestujem #v\u00fdlet\" aria-hidden=\"true\">\n\t\t<\/a>\n\t<\/div>\n<\/div><div class=\"sbi_item sbi_type_video sbi_new sbi_transition\"\n\tid=\"sbi_18094750820162581\" data-date=\"1777050937\">\n\t<div class=\"sbi_photo_wrap\">\n\t\t<a class=\"sbi_photo\" href=\"https:\/\/www.instagram.com\/reel\/DXhbo_yjIU7\/\" target=\"_blank\" rel=\"noopener nofollow\"\n\t\t\tdata-full-res=\"https:\/\/scontent-vie1-1.cdninstagram.com\/v\/t51.82787-15\/681090446_17995879691929434_1749189399669274587_n.jpg?stp=dst-jpg_e35_tt6&#038;_nc_cat=111&#038;ccb=7-5&#038;_nc_sid=18de74&#038;efg=eyJlZmdfdGFnIjoiQ0xJUFMuYmVzdF9pbWFnZV91cmxnZW4uQzMifQ%3D%3D&#038;_nc_ohc=xSX2hZ6jeosQ7kNvwFcMAQv&#038;_nc_oc=AdqXggwfqkUC-NewdKjmeVwLN-WkDntQVuHT92pghXcIb-k2fKTAnMRExQLOh_mwe6w&#038;_nc_zt=23&#038;_nc_ht=scontent-vie1-1.cdninstagram.com&#038;edm=ANo9K5cEAAAA&#038;_nc_gid=Pr7nZ4RgXKugUiRhPAPEig&#038;_nc_tpa=Q5bMBQEDB4m-X2OPoWnVoUi1rquFy5wOLAZaYitcur8J8925CgyZ06ENhqwxT2ELprRw3BadA_Szy36uPw&#038;oh=00_Af2PpUfJ5VWWKkydn7G0DQo9oT-xGCwTzPUdMkEk5dsYYA&#038;oe=69F48E80\"\n\t\t\tdata-img-src-set=\"{&quot;d&quot;:&quot;https:\\\/\\\/scontent-vie1-1.cdninstagram.com\\\/v\\\/t51.82787-15\\\/681090446_17995879691929434_1749189399669274587_n.jpg?stp=dst-jpg_e35_tt6&amp;_nc_cat=111&amp;ccb=7-5&amp;_nc_sid=18de74&amp;efg=eyJlZmdfdGFnIjoiQ0xJUFMuYmVzdF9pbWFnZV91cmxnZW4uQzMifQ%3D%3D&amp;_nc_ohc=xSX2hZ6jeosQ7kNvwFcMAQv&amp;_nc_oc=AdqXggwfqkUC-NewdKjmeVwLN-WkDntQVuHT92pghXcIb-k2fKTAnMRExQLOh_mwe6w&amp;_nc_zt=23&amp;_nc_ht=scontent-vie1-1.cdninstagram.com&amp;edm=ANo9K5cEAAAA&amp;_nc_gid=Pr7nZ4RgXKugUiRhPAPEig&amp;_nc_tpa=Q5bMBQEDB4m-X2OPoWnVoUi1rquFy5wOLAZaYitcur8J8925CgyZ06ENhqwxT2ELprRw3BadA_Szy36uPw&amp;oh=00_Af2PpUfJ5VWWKkydn7G0DQo9oT-xGCwTzPUdMkEk5dsYYA&amp;oe=69F48E80&quot;,&quot;150&quot;:&quot;https:\\\/\\\/scontent-vie1-1.cdninstagram.com\\\/v\\\/t51.82787-15\\\/681090446_17995879691929434_1749189399669274587_n.jpg?stp=dst-jpg_e35_tt6&amp;_nc_cat=111&amp;ccb=7-5&amp;_nc_sid=18de74&amp;efg=eyJlZmdfdGFnIjoiQ0xJUFMuYmVzdF9pbWFnZV91cmxnZW4uQzMifQ%3D%3D&amp;_nc_ohc=xSX2hZ6jeosQ7kNvwFcMAQv&amp;_nc_oc=AdqXggwfqkUC-NewdKjmeVwLN-WkDntQVuHT92pghXcIb-k2fKTAnMRExQLOh_mwe6w&amp;_nc_zt=23&amp;_nc_ht=scontent-vie1-1.cdninstagram.com&amp;edm=ANo9K5cEAAAA&amp;_nc_gid=Pr7nZ4RgXKugUiRhPAPEig&amp;_nc_tpa=Q5bMBQEDB4m-X2OPoWnVoUi1rquFy5wOLAZaYitcur8J8925CgyZ06ENhqwxT2ELprRw3BadA_Szy36uPw&amp;oh=00_Af2PpUfJ5VWWKkydn7G0DQo9oT-xGCwTzPUdMkEk5dsYYA&amp;oe=69F48E80&quot;,&quot;320&quot;:&quot;https:\\\/\\\/scontent-vie1-1.cdninstagram.com\\\/v\\\/t51.82787-15\\\/681090446_17995879691929434_1749189399669274587_n.jpg?stp=dst-jpg_e35_tt6&amp;_nc_cat=111&amp;ccb=7-5&amp;_nc_sid=18de74&amp;efg=eyJlZmdfdGFnIjoiQ0xJUFMuYmVzdF9pbWFnZV91cmxnZW4uQzMifQ%3D%3D&amp;_nc_ohc=xSX2hZ6jeosQ7kNvwFcMAQv&amp;_nc_oc=AdqXggwfqkUC-NewdKjmeVwLN-WkDntQVuHT92pghXcIb-k2fKTAnMRExQLOh_mwe6w&amp;_nc_zt=23&amp;_nc_ht=scontent-vie1-1.cdninstagram.com&amp;edm=ANo9K5cEAAAA&amp;_nc_gid=Pr7nZ4RgXKugUiRhPAPEig&amp;_nc_tpa=Q5bMBQEDB4m-X2OPoWnVoUi1rquFy5wOLAZaYitcur8J8925CgyZ06ENhqwxT2ELprRw3BadA_Szy36uPw&amp;oh=00_Af2PpUfJ5VWWKkydn7G0DQo9oT-xGCwTzPUdMkEk5dsYYA&amp;oe=69F48E80&quot;,&quot;640&quot;:&quot;https:\\\/\\\/scontent-vie1-1.cdninstagram.com\\\/v\\\/t51.82787-15\\\/681090446_17995879691929434_1749189399669274587_n.jpg?stp=dst-jpg_e35_tt6&amp;_nc_cat=111&amp;ccb=7-5&amp;_nc_sid=18de74&amp;efg=eyJlZmdfdGFnIjoiQ0xJUFMuYmVzdF9pbWFnZV91cmxnZW4uQzMifQ%3D%3D&amp;_nc_ohc=xSX2hZ6jeosQ7kNvwFcMAQv&amp;_nc_oc=AdqXggwfqkUC-NewdKjmeVwLN-WkDntQVuHT92pghXcIb-k2fKTAnMRExQLOh_mwe6w&amp;_nc_zt=23&amp;_nc_ht=scontent-vie1-1.cdninstagram.com&amp;edm=ANo9K5cEAAAA&amp;_nc_gid=Pr7nZ4RgXKugUiRhPAPEig&amp;_nc_tpa=Q5bMBQEDB4m-X2OPoWnVoUi1rquFy5wOLAZaYitcur8J8925CgyZ06ENhqwxT2ELprRw3BadA_Szy36uPw&amp;oh=00_Af2PpUfJ5VWWKkydn7G0DQo9oT-xGCwTzPUdMkEk5dsYYA&amp;oe=69F48E80&quot;}\">\n\t\t\t<span class=\"sbi-screenreader\">\ud83e\udd24 Tu cho\u010f na tradi\u010dn\u00fd lahmacun priamo z pece \u2668\ufe0f\ud83e\udd29\n\n<\/span>\n\t\t\t\t\t\t<svg style=\"color: rgba(255,255,255,1)\" class=\"svg-inline--fa fa-play fa-w-14 sbi_playbtn\" aria-label=\"Play\" aria-hidden=\"true\" data-fa-processed=\"\" data-prefix=\"fa\" data-icon=\"play\" role=\"presentation\" xmlns=\"http:\/\/www.w3.org\/2000\/svg\" viewBox=\"0 0 448 512\"><path fill=\"currentColor\" d=\"M424.4 214.7L72.4 6.6C43.8-10.3 0 6.1 0 47.9V464c0 37.5 40.7 60.1 72.4 41.3l352-208c31.4-18.5 31.5-64.1 0-82.6z\"><\/path><\/svg>\t\t\t<img data-recalc-dims=\"1\" decoding=\"async\" src=\"https:\/\/i0.wp.com\/istanbulsmiskou.sk\/wp-content\/plugins\/instagram-feed\/img\/placeholder.png?w=790&#038;ssl=1\" alt=\"\ud83e\udd24 Tu cho\u010f na tradi\u010dn\u00fd lahmacun priamo z pece \u2668\ufe0f\ud83e\udd29\n\n\ud83d\udccd Borsam Ta\u015f F\u0131r\u0131n je jeden z t\u00fdch spotov kde si m\u00f4\u017ee\u0161 da\u0165 dobr\u00fd r\u00fdchly lahmacun (lahmad\u017eun) - bez \u010dakania a za dobr\u00fa cenu \ud83d\udcb8 \n\n\ud83c\udf31 Dostane\u0161 ho \u010derstvo z pece, prid\u00e1\u0161 petr\u017elen, citr\u00f3n, zroluje\u0161 a ide\u0161 \ud83d\udc4f\ud83c\udffb\n\n\ud83e\uddd0 a \u010do teda lahmacun vlastne je\u2049\ufe0f Je to tenk\u00e9 cesto potret\u00e9 zmesou mlet\u00e9ho m\u00e4sa, paradajok, cibule, petr\u017elenu a korenia \ud83c\udf45 je to r\u00fdchle (takmer) pouli\u010dn\u00e9 jedlo, ktor\u00e9 m\u00e1 by\u0165 lacn\u00e9, hor\u00face a hotov\u00e9 za p\u00e1r min\u00fat \u23f1\ufe0f ide\u00e1lne, ke\u010f nechce\u0161 rie\u0161i\u0165 \u201ckde jes\u0165\u201d, len sa r\u00fdchlo najes\u0165 a pokra\u010dova\u0165 v objavovan\u00ed mesta \ud83c\udfd9\ufe0f \n\n\ud83e\udd6f ak m\u00e1\u0161 chu\u0165 na nie\u010do in\u00e9, tak si m\u00f4\u017ee\u0161 da\u0165 aj pide - \u010fal\u0161iu tureck\u00fa klasiku \ud83d\udc4f\ud83c\udffb\n\n\ud83e\udef5\ud83c\udffb u\u017e ste lahmacun niekedy sk\u00fa\u0161ali\u2049\ufe0f\ud83e\uddd0 \n\n\ud83d\udccd Cafera\u011fa, G\u00fcne\u015flibah\u00e7e Sok. No:22, 34710 Kad\u0131k\u00f6y\n\ud83d\udcb8 180\u20ba (cca 3,50\u20ac) \n\n#istanbulsmiskou #turecko #dnescestujem #jedlo #cestovanie\" aria-hidden=\"true\">\n\t\t<\/a>\n\t<\/div>\n<\/div><div class=\"sbi_item sbi_type_video sbi_new sbi_transition\"\n\tid=\"sbi_18064718393357119\" data-date=\"1777024759\">\n\t<div class=\"sbi_photo_wrap\">\n\t\t<a class=\"sbi_photo\" href=\"https:\/\/www.instagram.com\/reel\/DXgpljyDLUn\/\" target=\"_blank\" rel=\"noopener nofollow\"\n\t\t\tdata-full-res=\"https:\/\/scontent-vie1-1.cdninstagram.com\/v\/t51.71878-15\/673051662_1326955149494915_5957241223419763201_n.jpg?stp=dst-jpg_e35_tt6&#038;_nc_cat=110&#038;ccb=7-5&#038;_nc_sid=18de74&#038;efg=eyJlZmdfdGFnIjoiQ0xJUFMuYmVzdF9pbWFnZV91cmxnZW4uQzMifQ%3D%3D&#038;_nc_ohc=t-za3U4LYHQQ7kNvwEEUeCl&#038;_nc_oc=Adoh4PDYZn6uRvbAUwPY_wk_2l_9lxO5H6dkfz32XDvmBrGCnP-x99m7M_vG639-h_o&#038;_nc_zt=23&#038;_nc_ht=scontent-vie1-1.cdninstagram.com&#038;edm=ANo9K5cEAAAA&#038;_nc_gid=Pr7nZ4RgXKugUiRhPAPEig&#038;_nc_tpa=Q5bMBQHNXIRqCBgnNQoER19qanTcWjraanBU8ctFuqWkpsYdId9tchu9OfzEv81Y3PDuGgv2Y1ay9LQEww&#038;oh=00_Af1n3yx3yiVImbFcnl2kJSQO_gQmHxNRCccYx3C9ZJwdmA&#038;oe=69F46943\"\n\t\t\tdata-img-src-set=\"{&quot;d&quot;:&quot;https:\\\/\\\/scontent-vie1-1.cdninstagram.com\\\/v\\\/t51.71878-15\\\/673051662_1326955149494915_5957241223419763201_n.jpg?stp=dst-jpg_e35_tt6&amp;_nc_cat=110&amp;ccb=7-5&amp;_nc_sid=18de74&amp;efg=eyJlZmdfdGFnIjoiQ0xJUFMuYmVzdF9pbWFnZV91cmxnZW4uQzMifQ%3D%3D&amp;_nc_ohc=t-za3U4LYHQQ7kNvwEEUeCl&amp;_nc_oc=Adoh4PDYZn6uRvbAUwPY_wk_2l_9lxO5H6dkfz32XDvmBrGCnP-x99m7M_vG639-h_o&amp;_nc_zt=23&amp;_nc_ht=scontent-vie1-1.cdninstagram.com&amp;edm=ANo9K5cEAAAA&amp;_nc_gid=Pr7nZ4RgXKugUiRhPAPEig&amp;_nc_tpa=Q5bMBQHNXIRqCBgnNQoER19qanTcWjraanBU8ctFuqWkpsYdId9tchu9OfzEv81Y3PDuGgv2Y1ay9LQEww&amp;oh=00_Af1n3yx3yiVImbFcnl2kJSQO_gQmHxNRCccYx3C9ZJwdmA&amp;oe=69F46943&quot;,&quot;150&quot;:&quot;https:\\\/\\\/scontent-vie1-1.cdninstagram.com\\\/v\\\/t51.71878-15\\\/673051662_1326955149494915_5957241223419763201_n.jpg?stp=dst-jpg_e35_tt6&amp;_nc_cat=110&amp;ccb=7-5&amp;_nc_sid=18de74&amp;efg=eyJlZmdfdGFnIjoiQ0xJUFMuYmVzdF9pbWFnZV91cmxnZW4uQzMifQ%3D%3D&amp;_nc_ohc=t-za3U4LYHQQ7kNvwEEUeCl&amp;_nc_oc=Adoh4PDYZn6uRvbAUwPY_wk_2l_9lxO5H6dkfz32XDvmBrGCnP-x99m7M_vG639-h_o&amp;_nc_zt=23&amp;_nc_ht=scontent-vie1-1.cdninstagram.com&amp;edm=ANo9K5cEAAAA&amp;_nc_gid=Pr7nZ4RgXKugUiRhPAPEig&amp;_nc_tpa=Q5bMBQHNXIRqCBgnNQoER19qanTcWjraanBU8ctFuqWkpsYdId9tchu9OfzEv81Y3PDuGgv2Y1ay9LQEww&amp;oh=00_Af1n3yx3yiVImbFcnl2kJSQO_gQmHxNRCccYx3C9ZJwdmA&amp;oe=69F46943&quot;,&quot;320&quot;:&quot;https:\\\/\\\/scontent-vie1-1.cdninstagram.com\\\/v\\\/t51.71878-15\\\/673051662_1326955149494915_5957241223419763201_n.jpg?stp=dst-jpg_e35_tt6&amp;_nc_cat=110&amp;ccb=7-5&amp;_nc_sid=18de74&amp;efg=eyJlZmdfdGFnIjoiQ0xJUFMuYmVzdF9pbWFnZV91cmxnZW4uQzMifQ%3D%3D&amp;_nc_ohc=t-za3U4LYHQQ7kNvwEEUeCl&amp;_nc_oc=Adoh4PDYZn6uRvbAUwPY_wk_2l_9lxO5H6dkfz32XDvmBrGCnP-x99m7M_vG639-h_o&amp;_nc_zt=23&amp;_nc_ht=scontent-vie1-1.cdninstagram.com&amp;edm=ANo9K5cEAAAA&amp;_nc_gid=Pr7nZ4RgXKugUiRhPAPEig&amp;_nc_tpa=Q5bMBQHNXIRqCBgnNQoER19qanTcWjraanBU8ctFuqWkpsYdId9tchu9OfzEv81Y3PDuGgv2Y1ay9LQEww&amp;oh=00_Af1n3yx3yiVImbFcnl2kJSQO_gQmHxNRCccYx3C9ZJwdmA&amp;oe=69F46943&quot;,&quot;640&quot;:&quot;https:\\\/\\\/scontent-vie1-1.cdninstagram.com\\\/v\\\/t51.71878-15\\\/673051662_1326955149494915_5957241223419763201_n.jpg?stp=dst-jpg_e35_tt6&amp;_nc_cat=110&amp;ccb=7-5&amp;_nc_sid=18de74&amp;efg=eyJlZmdfdGFnIjoiQ0xJUFMuYmVzdF9pbWFnZV91cmxnZW4uQzMifQ%3D%3D&amp;_nc_ohc=t-za3U4LYHQQ7kNvwEEUeCl&amp;_nc_oc=Adoh4PDYZn6uRvbAUwPY_wk_2l_9lxO5H6dkfz32XDvmBrGCnP-x99m7M_vG639-h_o&amp;_nc_zt=23&amp;_nc_ht=scontent-vie1-1.cdninstagram.com&amp;edm=ANo9K5cEAAAA&amp;_nc_gid=Pr7nZ4RgXKugUiRhPAPEig&amp;_nc_tpa=Q5bMBQHNXIRqCBgnNQoER19qanTcWjraanBU8ctFuqWkpsYdId9tchu9OfzEv81Y3PDuGgv2Y1ay9LQEww&amp;oh=00_Af1n3yx3yiVImbFcnl2kJSQO_gQmHxNRCccYx3C9ZJwdmA&amp;oe=69F46943&quot;}\">\n\t\t\t<span class=\"sbi-screenreader\">\ud83e\udd2b Vie\u0161, ktor\u00e9 je to mesto\u2049\ufe0f P\u00ed\u0161 do koment\u00e1rov \ud83e\udd13\n\n#<\/span>\n\t\t\t\t\t\t<svg style=\"color: rgba(255,255,255,1)\" class=\"svg-inline--fa fa-play fa-w-14 sbi_playbtn\" aria-label=\"Play\" aria-hidden=\"true\" data-fa-processed=\"\" data-prefix=\"fa\" data-icon=\"play\" role=\"presentation\" xmlns=\"http:\/\/www.w3.org\/2000\/svg\" viewBox=\"0 0 448 512\"><path fill=\"currentColor\" d=\"M424.4 214.7L72.4 6.6C43.8-10.3 0 6.1 0 47.9V464c0 37.5 40.7 60.1 72.4 41.3l352-208c31.4-18.5 31.5-64.1 0-82.6z\"><\/path><\/svg>\t\t\t<img data-recalc-dims=\"1\" decoding=\"async\" src=\"https:\/\/i0.wp.com\/istanbulsmiskou.sk\/wp-content\/plugins\/instagram-feed\/img\/placeholder.png?w=790&#038;ssl=1\" alt=\"\ud83e\udd2b Vie\u0161, ktor\u00e9 je to mesto\u2049\ufe0f P\u00ed\u0161 do koment\u00e1rov \ud83e\udd13\n\n#istanbulsmiskou #turecko #cestovanie #dnescestujem #cestujeme\" aria-hidden=\"true\">\n\t\t<\/a>\n\t<\/div>\n<\/div><div class=\"sbi_item sbi_type_carousel sbi_new sbi_transition\"\n\tid=\"sbi_17884606440521348\" data-date=\"1776948266\">\n\t<div class=\"sbi_photo_wrap\">\n\t\t<a class=\"sbi_photo\" href=\"https:\/\/www.instagram.com\/p\/DXeYFfxDIcx\/\" target=\"_blank\" rel=\"noopener nofollow\"\n\t\t\tdata-full-res=\"https:\/\/scontent-vie1-1.cdninstagram.com\/v\/t51.82787-15\/671743653_17995713341929434_3706757906620292642_n.jpg?stp=dst-jpg_e35_tt6&#038;_nc_cat=106&#038;ccb=7-5&#038;_nc_sid=18de74&#038;efg=eyJlZmdfdGFnIjoiQ0FST1VTRUxfSVRFTS5iZXN0X2ltYWdlX3VybGdlbi5DMyJ9&#038;_nc_ohc=f-UO8BdvInwQ7kNvwE2WLNf&#038;_nc_oc=AdqkvIj065ArAsxVUNVaQLYvd3wpTp1Gue-Yt_Mrq60FOBxp0VIoLgN2UNTTV5GNHX8&#038;_nc_zt=23&#038;_nc_ht=scontent-vie1-1.cdninstagram.com&#038;edm=ANo9K5cEAAAA&#038;_nc_gid=Pr7nZ4RgXKugUiRhPAPEig&#038;_nc_tpa=Q5bMBQHdyCbFGhmwvYaYR2Ny_qICrUZ4xQ0NvwGhp8Pj977nNTX6aRFu2g9fsk4pxCBobfz52FtMpjQggA&#038;oh=00_Af0kw6iF5kOs8IAzwx1HpS-1QPIRZhcK_0mBCZOBoOesXg&#038;oe=69F46F6D\"\n\t\t\tdata-img-src-set=\"{&quot;d&quot;:&quot;https:\\\/\\\/scontent-vie1-1.cdninstagram.com\\\/v\\\/t51.82787-15\\\/671743653_17995713341929434_3706757906620292642_n.jpg?stp=dst-jpg_e35_tt6&amp;_nc_cat=106&amp;ccb=7-5&amp;_nc_sid=18de74&amp;efg=eyJlZmdfdGFnIjoiQ0FST1VTRUxfSVRFTS5iZXN0X2ltYWdlX3VybGdlbi5DMyJ9&amp;_nc_ohc=f-UO8BdvInwQ7kNvwE2WLNf&amp;_nc_oc=AdqkvIj065ArAsxVUNVaQLYvd3wpTp1Gue-Yt_Mrq60FOBxp0VIoLgN2UNTTV5GNHX8&amp;_nc_zt=23&amp;_nc_ht=scontent-vie1-1.cdninstagram.com&amp;edm=ANo9K5cEAAAA&amp;_nc_gid=Pr7nZ4RgXKugUiRhPAPEig&amp;_nc_tpa=Q5bMBQHdyCbFGhmwvYaYR2Ny_qICrUZ4xQ0NvwGhp8Pj977nNTX6aRFu2g9fsk4pxCBobfz52FtMpjQggA&amp;oh=00_Af0kw6iF5kOs8IAzwx1HpS-1QPIRZhcK_0mBCZOBoOesXg&amp;oe=69F46F6D&quot;,&quot;150&quot;:&quot;https:\\\/\\\/scontent-vie1-1.cdninstagram.com\\\/v\\\/t51.82787-15\\\/671743653_17995713341929434_3706757906620292642_n.jpg?stp=dst-jpg_e35_tt6&amp;_nc_cat=106&amp;ccb=7-5&amp;_nc_sid=18de74&amp;efg=eyJlZmdfdGFnIjoiQ0FST1VTRUxfSVRFTS5iZXN0X2ltYWdlX3VybGdlbi5DMyJ9&amp;_nc_ohc=f-UO8BdvInwQ7kNvwE2WLNf&amp;_nc_oc=AdqkvIj065ArAsxVUNVaQLYvd3wpTp1Gue-Yt_Mrq60FOBxp0VIoLgN2UNTTV5GNHX8&amp;_nc_zt=23&amp;_nc_ht=scontent-vie1-1.cdninstagram.com&amp;edm=ANo9K5cEAAAA&amp;_nc_gid=Pr7nZ4RgXKugUiRhPAPEig&amp;_nc_tpa=Q5bMBQHdyCbFGhmwvYaYR2Ny_qICrUZ4xQ0NvwGhp8Pj977nNTX6aRFu2g9fsk4pxCBobfz52FtMpjQggA&amp;oh=00_Af0kw6iF5kOs8IAzwx1HpS-1QPIRZhcK_0mBCZOBoOesXg&amp;oe=69F46F6D&quot;,&quot;320&quot;:&quot;https:\\\/\\\/scontent-vie1-1.cdninstagram.com\\\/v\\\/t51.82787-15\\\/671743653_17995713341929434_3706757906620292642_n.jpg?stp=dst-jpg_e35_tt6&amp;_nc_cat=106&amp;ccb=7-5&amp;_nc_sid=18de74&amp;efg=eyJlZmdfdGFnIjoiQ0FST1VTRUxfSVRFTS5iZXN0X2ltYWdlX3VybGdlbi5DMyJ9&amp;_nc_ohc=f-UO8BdvInwQ7kNvwE2WLNf&amp;_nc_oc=AdqkvIj065ArAsxVUNVaQLYvd3wpTp1Gue-Yt_Mrq60FOBxp0VIoLgN2UNTTV5GNHX8&amp;_nc_zt=23&amp;_nc_ht=scontent-vie1-1.cdninstagram.com&amp;edm=ANo9K5cEAAAA&amp;_nc_gid=Pr7nZ4RgXKugUiRhPAPEig&amp;_nc_tpa=Q5bMBQHdyCbFGhmwvYaYR2Ny_qICrUZ4xQ0NvwGhp8Pj977nNTX6aRFu2g9fsk4pxCBobfz52FtMpjQggA&amp;oh=00_Af0kw6iF5kOs8IAzwx1HpS-1QPIRZhcK_0mBCZOBoOesXg&amp;oe=69F46F6D&quot;,&quot;640&quot;:&quot;https:\\\/\\\/scontent-vie1-1.cdninstagram.com\\\/v\\\/t51.82787-15\\\/671743653_17995713341929434_3706757906620292642_n.jpg?stp=dst-jpg_e35_tt6&amp;_nc_cat=106&amp;ccb=7-5&amp;_nc_sid=18de74&amp;efg=eyJlZmdfdGFnIjoiQ0FST1VTRUxfSVRFTS5iZXN0X2ltYWdlX3VybGdlbi5DMyJ9&amp;_nc_ohc=f-UO8BdvInwQ7kNvwE2WLNf&amp;_nc_oc=AdqkvIj065ArAsxVUNVaQLYvd3wpTp1Gue-Yt_Mrq60FOBxp0VIoLgN2UNTTV5GNHX8&amp;_nc_zt=23&amp;_nc_ht=scontent-vie1-1.cdninstagram.com&amp;edm=ANo9K5cEAAAA&amp;_nc_gid=Pr7nZ4RgXKugUiRhPAPEig&amp;_nc_tpa=Q5bMBQHdyCbFGhmwvYaYR2Ny_qICrUZ4xQ0NvwGhp8Pj977nNTX6aRFu2g9fsk4pxCBobfz52FtMpjQggA&amp;oh=00_Af0kw6iF5kOs8IAzwx1HpS-1QPIRZhcK_0mBCZOBoOesXg&amp;oe=69F46F6D&quot;}\">\n\t\t\t<span class=\"sbi-screenreader\">\ud83c\uddf9\ud83c\uddf7 23 Nisan kutlu olsun! \ud83c\udf88\n\n\ud83e\udd73 23 apr\u00edl v Turecku n<\/span>\n\t\t\t<svg class=\"svg-inline--fa fa-clone fa-w-16 sbi_lightbox_carousel_icon\" aria-hidden=\"true\" aria-label=\"Clone\" data-fa-pro\u0192cessed=\"\" data-prefix=\"far\" data-icon=\"clone\" role=\"img\" xmlns=\"http:\/\/www.w3.org\/2000\/svg\" viewBox=\"0 0 512 512\">\n                    <path fill=\"currentColor\" d=\"M464 0H144c-26.51 0-48 21.49-48 48v48H48c-26.51 0-48 21.49-48 48v320c0 26.51 21.49 48 48 48h320c26.51 0 48-21.49 48-48v-48h48c26.51 0 48-21.49 48-48V48c0-26.51-21.49-48-48-48zM362 464H54a6 6 0 0 1-6-6V150a6 6 0 0 1 6-6h42v224c0 26.51 21.49 48 48 48h224v42a6 6 0 0 1-6 6zm96-96H150a6 6 0 0 1-6-6V54a6 6 0 0 1 6-6h308a6 6 0 0 1 6 6v308a6 6 0 0 1-6 6z\"><\/path>\n                <\/svg>\t\t\t\t\t\t<img data-recalc-dims=\"1\" decoding=\"async\" src=\"https:\/\/i0.wp.com\/istanbulsmiskou.sk\/wp-content\/plugins\/instagram-feed\/img\/placeholder.png?w=790&#038;ssl=1\" alt=\"\ud83c\uddf9\ud83c\uddf7 23 Nisan kutlu olsun! \ud83c\udf88\n\n\ud83e\udd73 23 apr\u00edl v Turecku nie je len sviatok det\u00ed \ud83c\udf8a\ud83e\uddd2\ud83c\udffcpripom\u00edna sa vznik parlamentu v roku 1920, ke\u010f sa za\u010dal formova\u0165 modern\u00fd \u0161t\u00e1t \ud83c\udfdb\ufe0f\n\n\ud83d\uddd3\ufe0f a\u017e nesk\u00f4r, v roku 1929, bol tento de\u0148 venovan\u00fd de\u0165om ako symbol bud\u00facnosti krajiny \ud83d\udc4f\ud83c\udffb\ud83d\udcad\n\n\ud83d\udc49\ud83c\udffb dnes ho uvid\u00ed\u0161 v praxi ako \u0161kolsk\u00e9 vyst\u00fapenia a programy \ud83c\udfad deti v hlavn\u00fdch \u00faloh\u00e1ch \ud83e\uddd2 oslavy po celom Turecku \ud83c\uddf9\ud83c\uddf7\n\n\ud83d\udc90 je to de\u0148, ktor\u00fd sp\u00e1ja minulos\u0165 a bud\u00facnos\u0165 v jednom \ud83e\udd70\ud83e\udd73 a ke\u010f\u017ee sme v\u0161etci niekoho deti, tak \u0161\u0165astn\u00fd de\u0148 det\u00ed kamo\u0161i \ud83e\udd70\ud83c\udf8a\n\n#istanbulsmiskou #istanbul #turecko #cestovanie #cestovatelskyblog\" aria-hidden=\"true\">\n\t\t<\/a>\n\t<\/div>\n<\/div><div class=\"sbi_item sbi_type_video sbi_new sbi_transition\"\n\tid=\"sbi_17964207735103401\" data-date=\"1776939442\">\n\t<div class=\"sbi_photo_wrap\">\n\t\t<a class=\"sbi_photo\" href=\"https:\/\/www.instagram.com\/reel\/DXeHIYaDLD2\/\" target=\"_blank\" rel=\"noopener nofollow\"\n\t\t\tdata-full-res=\"https:\/\/scontent-vie1-1.cdninstagram.com\/v\/t51.82787-15\/671818021_17995701077929434_5014846263273154886_n.jpg?stp=dst-jpg_e35_tt6&#038;_nc_cat=105&#038;ccb=7-5&#038;_nc_sid=18de74&#038;efg=eyJlZmdfdGFnIjoiQ0xJUFMuYmVzdF9pbWFnZV91cmxnZW4uQzMifQ%3D%3D&#038;_nc_ohc=xiorZY8jDTAQ7kNvwHjzr_J&#038;_nc_oc=Ado8chdncHQKN0spbGt0HoqTQhGPG5-3qXNnhMHjyMWYPgV0nUckLxjrZDLYEv5ztYo&#038;_nc_zt=23&#038;_nc_ht=scontent-vie1-1.cdninstagram.com&#038;edm=ANo9K5cEAAAA&#038;_nc_gid=Pr7nZ4RgXKugUiRhPAPEig&#038;_nc_tpa=Q5bMBQELpgeJxnZkCFWwY898ah65MZMc6XH-SH8UvqjCS7V2VCUtGGk0AvAOXUFpa2NuflY_hZUVAcjAhg&#038;oh=00_Af1eGPerI4gLBu9SaBSNhc4pg14T-J68SQ88-j5SiTJvqA&#038;oe=69F496B7\"\n\t\t\tdata-img-src-set=\"{&quot;d&quot;:&quot;https:\\\/\\\/scontent-vie1-1.cdninstagram.com\\\/v\\\/t51.82787-15\\\/671818021_17995701077929434_5014846263273154886_n.jpg?stp=dst-jpg_e35_tt6&amp;_nc_cat=105&amp;ccb=7-5&amp;_nc_sid=18de74&amp;efg=eyJlZmdfdGFnIjoiQ0xJUFMuYmVzdF9pbWFnZV91cmxnZW4uQzMifQ%3D%3D&amp;_nc_ohc=xiorZY8jDTAQ7kNvwHjzr_J&amp;_nc_oc=Ado8chdncHQKN0spbGt0HoqTQhGPG5-3qXNnhMHjyMWYPgV0nUckLxjrZDLYEv5ztYo&amp;_nc_zt=23&amp;_nc_ht=scontent-vie1-1.cdninstagram.com&amp;edm=ANo9K5cEAAAA&amp;_nc_gid=Pr7nZ4RgXKugUiRhPAPEig&amp;_nc_tpa=Q5bMBQELpgeJxnZkCFWwY898ah65MZMc6XH-SH8UvqjCS7V2VCUtGGk0AvAOXUFpa2NuflY_hZUVAcjAhg&amp;oh=00_Af1eGPerI4gLBu9SaBSNhc4pg14T-J68SQ88-j5SiTJvqA&amp;oe=69F496B7&quot;,&quot;150&quot;:&quot;https:\\\/\\\/scontent-vie1-1.cdninstagram.com\\\/v\\\/t51.82787-15\\\/671818021_17995701077929434_5014846263273154886_n.jpg?stp=dst-jpg_e35_tt6&amp;_nc_cat=105&amp;ccb=7-5&amp;_nc_sid=18de74&amp;efg=eyJlZmdfdGFnIjoiQ0xJUFMuYmVzdF9pbWFnZV91cmxnZW4uQzMifQ%3D%3D&amp;_nc_ohc=xiorZY8jDTAQ7kNvwHjzr_J&amp;_nc_oc=Ado8chdncHQKN0spbGt0HoqTQhGPG5-3qXNnhMHjyMWYPgV0nUckLxjrZDLYEv5ztYo&amp;_nc_zt=23&amp;_nc_ht=scontent-vie1-1.cdninstagram.com&amp;edm=ANo9K5cEAAAA&amp;_nc_gid=Pr7nZ4RgXKugUiRhPAPEig&amp;_nc_tpa=Q5bMBQELpgeJxnZkCFWwY898ah65MZMc6XH-SH8UvqjCS7V2VCUtGGk0AvAOXUFpa2NuflY_hZUVAcjAhg&amp;oh=00_Af1eGPerI4gLBu9SaBSNhc4pg14T-J68SQ88-j5SiTJvqA&amp;oe=69F496B7&quot;,&quot;320&quot;:&quot;https:\\\/\\\/scontent-vie1-1.cdninstagram.com\\\/v\\\/t51.82787-15\\\/671818021_17995701077929434_5014846263273154886_n.jpg?stp=dst-jpg_e35_tt6&amp;_nc_cat=105&amp;ccb=7-5&amp;_nc_sid=18de74&amp;efg=eyJlZmdfdGFnIjoiQ0xJUFMuYmVzdF9pbWFnZV91cmxnZW4uQzMifQ%3D%3D&amp;_nc_ohc=xiorZY8jDTAQ7kNvwHjzr_J&amp;_nc_oc=Ado8chdncHQKN0spbGt0HoqTQhGPG5-3qXNnhMHjyMWYPgV0nUckLxjrZDLYEv5ztYo&amp;_nc_zt=23&amp;_nc_ht=scontent-vie1-1.cdninstagram.com&amp;edm=ANo9K5cEAAAA&amp;_nc_gid=Pr7nZ4RgXKugUiRhPAPEig&amp;_nc_tpa=Q5bMBQELpgeJxnZkCFWwY898ah65MZMc6XH-SH8UvqjCS7V2VCUtGGk0AvAOXUFpa2NuflY_hZUVAcjAhg&amp;oh=00_Af1eGPerI4gLBu9SaBSNhc4pg14T-J68SQ88-j5SiTJvqA&amp;oe=69F496B7&quot;,&quot;640&quot;:&quot;https:\\\/\\\/scontent-vie1-1.cdninstagram.com\\\/v\\\/t51.82787-15\\\/671818021_17995701077929434_5014846263273154886_n.jpg?stp=dst-jpg_e35_tt6&amp;_nc_cat=105&amp;ccb=7-5&amp;_nc_sid=18de74&amp;efg=eyJlZmdfdGFnIjoiQ0xJUFMuYmVzdF9pbWFnZV91cmxnZW4uQzMifQ%3D%3D&amp;_nc_ohc=xiorZY8jDTAQ7kNvwHjzr_J&amp;_nc_oc=Ado8chdncHQKN0spbGt0HoqTQhGPG5-3qXNnhMHjyMWYPgV0nUckLxjrZDLYEv5ztYo&amp;_nc_zt=23&amp;_nc_ht=scontent-vie1-1.cdninstagram.com&amp;edm=ANo9K5cEAAAA&amp;_nc_gid=Pr7nZ4RgXKugUiRhPAPEig&amp;_nc_tpa=Q5bMBQELpgeJxnZkCFWwY898ah65MZMc6XH-SH8UvqjCS7V2VCUtGGk0AvAOXUFpa2NuflY_hZUVAcjAhg&amp;oh=00_Af1eGPerI4gLBu9SaBSNhc4pg14T-J68SQ88-j5SiTJvqA&amp;oe=69F496B7&quot;}\">\n\t\t\t<span class=\"sbi-screenreader\">\u2764\ufe0f\u200d\ud83e\ude79 Po\u0161li toto reelsko niekomu, kto m\u00e1 toho ve\u013ea <\/span>\n\t\t\t\t\t\t<svg style=\"color: rgba(255,255,255,1)\" class=\"svg-inline--fa fa-play fa-w-14 sbi_playbtn\" aria-label=\"Play\" aria-hidden=\"true\" data-fa-processed=\"\" data-prefix=\"fa\" data-icon=\"play\" role=\"presentation\" xmlns=\"http:\/\/www.w3.org\/2000\/svg\" viewBox=\"0 0 448 512\"><path fill=\"currentColor\" d=\"M424.4 214.7L72.4 6.6C43.8-10.3 0 6.1 0 47.9V464c0 37.5 40.7 60.1 72.4 41.3l352-208c31.4-18.5 31.5-64.1 0-82.6z\"><\/path><\/svg>\t\t\t<img data-recalc-dims=\"1\" decoding=\"async\" src=\"https:\/\/i0.wp.com\/istanbulsmiskou.sk\/wp-content\/plugins\/instagram-feed\/img\/placeholder.png?w=790&#038;ssl=1\" alt=\"\u2764\ufe0f\u200d\ud83e\ude79 Po\u0161li toto reelsko niekomu, kto m\u00e1 toho ve\u013ea \ud83e\udd32\ud83c\udffb\ud83e\uddff\n\n\u2764\ufe0f\u200d\ud83e\ude79 Ke\u010f sa v ture\u010dtine povedia \u201ei\u00e7im alm\u0131yor\u201c (i\u010dim alm\u0131yor) neznamen\u00e1 to len \u201enem\u00f4\u017eem to prija\u0165\u201c \ud83e\udd7a doslova to znamen\u00e1, \u017ee moje vn\u00fatro to neprij\u00edma \ud83d\udc94 \u017ee niektor\u00e9 pravdy s\u00fa pr\u00edli\u0161 \u0165a\u017ek\u00e9 na srdce, niektor\u00e9 slov\u00e1 pr\u00edli\u0161 \u0165a\u017ek\u00e9 na du\u0161u\u2026 \ud83d\ude14 ale aj to je v poriadku \ud83e\udec2\n\n\ud83e\udef5\ud83c\udffb U\u017e ste niekedy tento v\u00fdraz po\u010duli\u2049\ufe0f\ud83e\udd72\n\n#istanbulsmiskou #turecko #cit\u00e1ty #tureck\u00fdjazyk #cestovatelskyblog\" aria-hidden=\"true\">\n\t\t<\/a>\n\t<\/div>\n<\/div><div class=\"sbi_item sbi_type_video sbi_new sbi_transition\"\n\tid=\"sbi_18154227889460675\" data-date=\"1776880464\">\n\t<div class=\"sbi_photo_wrap\">\n\t\t<a class=\"sbi_photo\" href=\"https:\/\/www.instagram.com\/reel\/DXcWgpXjN-s\/\" target=\"_blank\" rel=\"noopener nofollow\"\n\t\t\tdata-full-res=\"https:\/\/scontent-vie1-1.cdninstagram.com\/v\/t51.82787-15\/671043119_17995599899929434_432622807959433861_n.jpg?stp=dst-jpg_e35_tt6&#038;_nc_cat=105&#038;ccb=7-5&#038;_nc_sid=18de74&#038;efg=eyJlZmdfdGFnIjoiQ0xJUFMuYmVzdF9pbWFnZV91cmxnZW4uQzMifQ%3D%3D&#038;_nc_ohc=p7XuxOdaYDsQ7kNvwEtzsJg&#038;_nc_oc=AdqyTJeXG_iA1ZxOqM2a9QiPegyoCAEJYUgV9GJzV5Ss4wZzWjRfPgV0gnECbamEV6U&#038;_nc_zt=23&#038;_nc_ht=scontent-vie1-1.cdninstagram.com&#038;edm=ANo9K5cEAAAA&#038;_nc_gid=Pr7nZ4RgXKugUiRhPAPEig&#038;_nc_tpa=Q5bMBQFsshU9BuHhhV41HX2vHrSEs37cZXefX1C57nosgEoALgsbBdRDvf5qZCIB4EJH5vSlDSgpOARxRQ&#038;oh=00_Af0yAwFeFqxVwEWi0X_gOaWbvlsc6snT5HU6vXL0N5jyFQ&#038;oe=69F4695D\"\n\t\t\tdata-img-src-set=\"{&quot;d&quot;:&quot;https:\\\/\\\/scontent-vie1-1.cdninstagram.com\\\/v\\\/t51.82787-15\\\/671043119_17995599899929434_432622807959433861_n.jpg?stp=dst-jpg_e35_tt6&amp;_nc_cat=105&amp;ccb=7-5&amp;_nc_sid=18de74&amp;efg=eyJlZmdfdGFnIjoiQ0xJUFMuYmVzdF9pbWFnZV91cmxnZW4uQzMifQ%3D%3D&amp;_nc_ohc=p7XuxOdaYDsQ7kNvwEtzsJg&amp;_nc_oc=AdqyTJeXG_iA1ZxOqM2a9QiPegyoCAEJYUgV9GJzV5Ss4wZzWjRfPgV0gnECbamEV6U&amp;_nc_zt=23&amp;_nc_ht=scontent-vie1-1.cdninstagram.com&amp;edm=ANo9K5cEAAAA&amp;_nc_gid=Pr7nZ4RgXKugUiRhPAPEig&amp;_nc_tpa=Q5bMBQFsshU9BuHhhV41HX2vHrSEs37cZXefX1C57nosgEoALgsbBdRDvf5qZCIB4EJH5vSlDSgpOARxRQ&amp;oh=00_Af0yAwFeFqxVwEWi0X_gOaWbvlsc6snT5HU6vXL0N5jyFQ&amp;oe=69F4695D&quot;,&quot;150&quot;:&quot;https:\\\/\\\/scontent-vie1-1.cdninstagram.com\\\/v\\\/t51.82787-15\\\/671043119_17995599899929434_432622807959433861_n.jpg?stp=dst-jpg_e35_tt6&amp;_nc_cat=105&amp;ccb=7-5&amp;_nc_sid=18de74&amp;efg=eyJlZmdfdGFnIjoiQ0xJUFMuYmVzdF9pbWFnZV91cmxnZW4uQzMifQ%3D%3D&amp;_nc_ohc=p7XuxOdaYDsQ7kNvwEtzsJg&amp;_nc_oc=AdqyTJeXG_iA1ZxOqM2a9QiPegyoCAEJYUgV9GJzV5Ss4wZzWjRfPgV0gnECbamEV6U&amp;_nc_zt=23&amp;_nc_ht=scontent-vie1-1.cdninstagram.com&amp;edm=ANo9K5cEAAAA&amp;_nc_gid=Pr7nZ4RgXKugUiRhPAPEig&amp;_nc_tpa=Q5bMBQFsshU9BuHhhV41HX2vHrSEs37cZXefX1C57nosgEoALgsbBdRDvf5qZCIB4EJH5vSlDSgpOARxRQ&amp;oh=00_Af0yAwFeFqxVwEWi0X_gOaWbvlsc6snT5HU6vXL0N5jyFQ&amp;oe=69F4695D&quot;,&quot;320&quot;:&quot;https:\\\/\\\/scontent-vie1-1.cdninstagram.com\\\/v\\\/t51.82787-15\\\/671043119_17995599899929434_432622807959433861_n.jpg?stp=dst-jpg_e35_tt6&amp;_nc_cat=105&amp;ccb=7-5&amp;_nc_sid=18de74&amp;efg=eyJlZmdfdGFnIjoiQ0xJUFMuYmVzdF9pbWFnZV91cmxnZW4uQzMifQ%3D%3D&amp;_nc_ohc=p7XuxOdaYDsQ7kNvwEtzsJg&amp;_nc_oc=AdqyTJeXG_iA1ZxOqM2a9QiPegyoCAEJYUgV9GJzV5Ss4wZzWjRfPgV0gnECbamEV6U&amp;_nc_zt=23&amp;_nc_ht=scontent-vie1-1.cdninstagram.com&amp;edm=ANo9K5cEAAAA&amp;_nc_gid=Pr7nZ4RgXKugUiRhPAPEig&amp;_nc_tpa=Q5bMBQFsshU9BuHhhV41HX2vHrSEs37cZXefX1C57nosgEoALgsbBdRDvf5qZCIB4EJH5vSlDSgpOARxRQ&amp;oh=00_Af0yAwFeFqxVwEWi0X_gOaWbvlsc6snT5HU6vXL0N5jyFQ&amp;oe=69F4695D&quot;,&quot;640&quot;:&quot;https:\\\/\\\/scontent-vie1-1.cdninstagram.com\\\/v\\\/t51.82787-15\\\/671043119_17995599899929434_432622807959433861_n.jpg?stp=dst-jpg_e35_tt6&amp;_nc_cat=105&amp;ccb=7-5&amp;_nc_sid=18de74&amp;efg=eyJlZmdfdGFnIjoiQ0xJUFMuYmVzdF9pbWFnZV91cmxnZW4uQzMifQ%3D%3D&amp;_nc_ohc=p7XuxOdaYDsQ7kNvwEtzsJg&amp;_nc_oc=AdqyTJeXG_iA1ZxOqM2a9QiPegyoCAEJYUgV9GJzV5Ss4wZzWjRfPgV0gnECbamEV6U&amp;_nc_zt=23&amp;_nc_ht=scontent-vie1-1.cdninstagram.com&amp;edm=ANo9K5cEAAAA&amp;_nc_gid=Pr7nZ4RgXKugUiRhPAPEig&amp;_nc_tpa=Q5bMBQFsshU9BuHhhV41HX2vHrSEs37cZXefX1C57nosgEoALgsbBdRDvf5qZCIB4EJH5vSlDSgpOARxRQ&amp;oh=00_Af0yAwFeFqxVwEWi0X_gOaWbvlsc6snT5HU6vXL0N5jyFQ&amp;oe=69F4695D&quot;}\">\n\t\t\t<span class=\"sbi-screenreader\">\ud83c\udf5e U\u017e ste niekedy o tomto syst\u00e9me po\u010duli\u2049\ufe0f\n\n\ud83e\udd56 Ask\u0131d<\/span>\n\t\t\t\t\t\t<svg style=\"color: rgba(255,255,255,1)\" class=\"svg-inline--fa fa-play fa-w-14 sbi_playbtn\" aria-label=\"Play\" aria-hidden=\"true\" data-fa-processed=\"\" data-prefix=\"fa\" data-icon=\"play\" role=\"presentation\" xmlns=\"http:\/\/www.w3.org\/2000\/svg\" viewBox=\"0 0 448 512\"><path fill=\"currentColor\" d=\"M424.4 214.7L72.4 6.6C43.8-10.3 0 6.1 0 47.9V464c0 37.5 40.7 60.1 72.4 41.3l352-208c31.4-18.5 31.5-64.1 0-82.6z\"><\/path><\/svg>\t\t\t<img data-recalc-dims=\"1\" decoding=\"async\" src=\"https:\/\/i0.wp.com\/istanbulsmiskou.sk\/wp-content\/plugins\/instagram-feed\/img\/placeholder.png?w=790&#038;ssl=1\" alt=\"\ud83c\udf5e U\u017e ste niekedy o tomto syst\u00e9me po\u010duli\u2049\ufe0f\n\n\ud83e\udd56 Ask\u0131da ekmek nie je to len pekn\u00e1 trad\u00edcia z \u010dias Osmanskej r\u00ed\u0161e\u2026 je st\u00e1le funk\u010dn\u00fd, lebo ho st\u00e1le treba \ud83d\ude4f\ud83c\udffb\n\n\ud83d\ude36 Tich\u00e1 pomoc medzi \u013eu\u010fmi, ktor\u00ed sa nikdy nestretn\u00fa.\nKr\u00e1sna na poh\u013ead, ale vznikla z reality, ktor\u00e1 tak\u00e1 kr\u00e1sna nie je, \u017ee nie ka\u017ed\u00fd si m\u00f4\u017ee dovoli\u0165 chlieb\u2026 \n\n#istanbulsmiskou #turecko #tradicie #cestovatelskyblog #cestovanie\" aria-hidden=\"true\">\n\t\t<\/a>\n\t<\/div>\n<\/div><div class=\"sbi_item sbi_type_video sbi_new sbi_transition\"\n\tid=\"sbi_17967219419901718\" data-date=\"1776850108\">\n\t<div class=\"sbi_photo_wrap\">\n\t\t<a class=\"sbi_photo\" href=\"https:\/\/www.instagram.com\/reel\/DXbcpW9jBMV\/\" target=\"_blank\" rel=\"noopener nofollow\"\n\t\t\tdata-full-res=\"https:\/\/scontent-vie1-1.cdninstagram.com\/v\/t51.82787-15\/671861103_17995545797929434_3477341485666810720_n.jpg?stp=dst-jpg_e35_tt6&#038;_nc_cat=110&#038;ccb=7-5&#038;_nc_sid=18de74&#038;efg=eyJlZmdfdGFnIjoiQ0xJUFMuYmVzdF9pbWFnZV91cmxnZW4uQzMifQ%3D%3D&#038;_nc_ohc=XIt9tGioPmgQ7kNvwHQgeyN&#038;_nc_oc=AdrOYANlAAG62_y9E9zi4Nso-bgugRFqVyplwrCSgHTVlNARsJU2CELeVTiysrqiezY&#038;_nc_zt=23&#038;_nc_ht=scontent-vie1-1.cdninstagram.com&#038;edm=ANo9K5cEAAAA&#038;_nc_gid=Pr7nZ4RgXKugUiRhPAPEig&#038;_nc_tpa=Q5bMBQEBGzRk1o2yP3s_k1sqE3DROYq2CnRB5MqYJ3x9n1JOMmIEJNG95SK0kbnPEvgub0gcZKKAQSmzoA&#038;oh=00_Af2YdnAtUrCUIvz6I6h6YdGBDK9H859wpU7uNIcITwgVcg&#038;oe=69F47020\"\n\t\t\tdata-img-src-set=\"{&quot;d&quot;:&quot;https:\\\/\\\/scontent-vie1-1.cdninstagram.com\\\/v\\\/t51.82787-15\\\/671861103_17995545797929434_3477341485666810720_n.jpg?stp=dst-jpg_e35_tt6&amp;_nc_cat=110&amp;ccb=7-5&amp;_nc_sid=18de74&amp;efg=eyJlZmdfdGFnIjoiQ0xJUFMuYmVzdF9pbWFnZV91cmxnZW4uQzMifQ%3D%3D&amp;_nc_ohc=XIt9tGioPmgQ7kNvwHQgeyN&amp;_nc_oc=AdrOYANlAAG62_y9E9zi4Nso-bgugRFqVyplwrCSgHTVlNARsJU2CELeVTiysrqiezY&amp;_nc_zt=23&amp;_nc_ht=scontent-vie1-1.cdninstagram.com&amp;edm=ANo9K5cEAAAA&amp;_nc_gid=Pr7nZ4RgXKugUiRhPAPEig&amp;_nc_tpa=Q5bMBQEBGzRk1o2yP3s_k1sqE3DROYq2CnRB5MqYJ3x9n1JOMmIEJNG95SK0kbnPEvgub0gcZKKAQSmzoA&amp;oh=00_Af2YdnAtUrCUIvz6I6h6YdGBDK9H859wpU7uNIcITwgVcg&amp;oe=69F47020&quot;,&quot;150&quot;:&quot;https:\\\/\\\/scontent-vie1-1.cdninstagram.com\\\/v\\\/t51.82787-15\\\/671861103_17995545797929434_3477341485666810720_n.jpg?stp=dst-jpg_e35_tt6&amp;_nc_cat=110&amp;ccb=7-5&amp;_nc_sid=18de74&amp;efg=eyJlZmdfdGFnIjoiQ0xJUFMuYmVzdF9pbWFnZV91cmxnZW4uQzMifQ%3D%3D&amp;_nc_ohc=XIt9tGioPmgQ7kNvwHQgeyN&amp;_nc_oc=AdrOYANlAAG62_y9E9zi4Nso-bgugRFqVyplwrCSgHTVlNARsJU2CELeVTiysrqiezY&amp;_nc_zt=23&amp;_nc_ht=scontent-vie1-1.cdninstagram.com&amp;edm=ANo9K5cEAAAA&amp;_nc_gid=Pr7nZ4RgXKugUiRhPAPEig&amp;_nc_tpa=Q5bMBQEBGzRk1o2yP3s_k1sqE3DROYq2CnRB5MqYJ3x9n1JOMmIEJNG95SK0kbnPEvgub0gcZKKAQSmzoA&amp;oh=00_Af2YdnAtUrCUIvz6I6h6YdGBDK9H859wpU7uNIcITwgVcg&amp;oe=69F47020&quot;,&quot;320&quot;:&quot;https:\\\/\\\/scontent-vie1-1.cdninstagram.com\\\/v\\\/t51.82787-15\\\/671861103_17995545797929434_3477341485666810720_n.jpg?stp=dst-jpg_e35_tt6&amp;_nc_cat=110&amp;ccb=7-5&amp;_nc_sid=18de74&amp;efg=eyJlZmdfdGFnIjoiQ0xJUFMuYmVzdF9pbWFnZV91cmxnZW4uQzMifQ%3D%3D&amp;_nc_ohc=XIt9tGioPmgQ7kNvwHQgeyN&amp;_nc_oc=AdrOYANlAAG62_y9E9zi4Nso-bgugRFqVyplwrCSgHTVlNARsJU2CELeVTiysrqiezY&amp;_nc_zt=23&amp;_nc_ht=scontent-vie1-1.cdninstagram.com&amp;edm=ANo9K5cEAAAA&amp;_nc_gid=Pr7nZ4RgXKugUiRhPAPEig&amp;_nc_tpa=Q5bMBQEBGzRk1o2yP3s_k1sqE3DROYq2CnRB5MqYJ3x9n1JOMmIEJNG95SK0kbnPEvgub0gcZKKAQSmzoA&amp;oh=00_Af2YdnAtUrCUIvz6I6h6YdGBDK9H859wpU7uNIcITwgVcg&amp;oe=69F47020&quot;,&quot;640&quot;:&quot;https:\\\/\\\/scontent-vie1-1.cdninstagram.com\\\/v\\\/t51.82787-15\\\/671861103_17995545797929434_3477341485666810720_n.jpg?stp=dst-jpg_e35_tt6&amp;_nc_cat=110&amp;ccb=7-5&amp;_nc_sid=18de74&amp;efg=eyJlZmdfdGFnIjoiQ0xJUFMuYmVzdF9pbWFnZV91cmxnZW4uQzMifQ%3D%3D&amp;_nc_ohc=XIt9tGioPmgQ7kNvwHQgeyN&amp;_nc_oc=AdrOYANlAAG62_y9E9zi4Nso-bgugRFqVyplwrCSgHTVlNARsJU2CELeVTiysrqiezY&amp;_nc_zt=23&amp;_nc_ht=scontent-vie1-1.cdninstagram.com&amp;edm=ANo9K5cEAAAA&amp;_nc_gid=Pr7nZ4RgXKugUiRhPAPEig&amp;_nc_tpa=Q5bMBQEBGzRk1o2yP3s_k1sqE3DROYq2CnRB5MqYJ3x9n1JOMmIEJNG95SK0kbnPEvgub0gcZKKAQSmzoA&amp;oh=00_Af2YdnAtUrCUIvz6I6h6YdGBDK9H859wpU7uNIcITwgVcg&amp;oe=69F47020&quot;}\">\n\t\t\t<span class=\"sbi-screenreader\">\u2764\ufe0f\u200d\ud83e\ude79 Po\u0161li toto reelsko niekomu, kto t\u00fato mal\u00fa pri<\/span>\n\t\t\t\t\t\t<svg style=\"color: rgba(255,255,255,1)\" class=\"svg-inline--fa fa-play fa-w-14 sbi_playbtn\" aria-label=\"Play\" aria-hidden=\"true\" data-fa-processed=\"\" data-prefix=\"fa\" data-icon=\"play\" role=\"presentation\" xmlns=\"http:\/\/www.w3.org\/2000\/svg\" viewBox=\"0 0 448 512\"><path fill=\"currentColor\" d=\"M424.4 214.7L72.4 6.6C43.8-10.3 0 6.1 0 47.9V464c0 37.5 40.7 60.1 72.4 41.3l352-208c31.4-18.5 31.5-64.1 0-82.6z\"><\/path><\/svg>\t\t\t<img data-recalc-dims=\"1\" decoding=\"async\" src=\"https:\/\/i0.wp.com\/istanbulsmiskou.sk\/wp-content\/plugins\/instagram-feed\/img\/placeholder.png?w=790&#038;ssl=1\" alt=\"\u2764\ufe0f\u200d\ud83e\ude79 Po\u0161li toto reelsko niekomu, kto t\u00fato mal\u00fa pripomienku potrebuje \ud83e\udd79 sme len \u013eudia, nie sme neomyln\u00ed \ud83d\ude4f\ud83c\udffb\ud83e\uddff \n\n#istanbulsmiskou #turecko #cestovanie #cit\u00e1ty #cestovatelskyblog\" aria-hidden=\"true\">\n\t\t<\/a>\n\t<\/div>\n<\/div>\t<\/div>\n\n\t<div id=\"sbi_load\" >\n\n\t\t\t<button class=\"sbi_load_btn\"\n\t\t\ttype=\"button\" >\n\t\t\t<span class=\"sbi_btn_text\" >Pozie\u0165 viac<\/span>\n\t\t\t<span class=\"sbi_loader sbi_hidden\" style=\"background-color: rgb(255, 255, 255);\" aria-hidden=\"true\"><\/span>\n\t\t<\/button>\n\t\n\t\t\t<span class=\"sbi_follow_btn sbi_custom\" >\n\t\t\t<a target=\"_blank\"\n\t\t\t\trel=\"nofollow noopener\"  href=\"https:\/\/www.instagram.com\/istanbul_s_miskou\/\" style=\"background: rgb(64,139,209);\">\n\t\t\t\t<svg class=\"svg-inline--fa fa-instagram fa-w-14\" aria-hidden=\"true\" data-fa-processed=\"\" aria-label=\"Instagram\" data-prefix=\"fab\" data-icon=\"instagram\" role=\"img\" viewBox=\"0 0 448 512\">\n                    <path fill=\"currentColor\" d=\"M224.1 141c-63.6 0-114.9 51.3-114.9 114.9s51.3 114.9 114.9 114.9S339 319.5 339 255.9 287.7 141 224.1 141zm0 189.6c-41.1 0-74.7-33.5-74.7-74.7s33.5-74.7 74.7-74.7 74.7 33.5 74.7 74.7-33.6 74.7-74.7 74.7zm146.4-194.3c0 14.9-12 26.8-26.8 26.8-14.9 0-26.8-12-26.8-26.8s12-26.8 26.8-26.8 26.8 12 26.8 26.8zm76.1 27.2c-1.7-35.9-9.9-67.7-36.2-93.9-26.2-26.2-58-34.4-93.9-36.2-37-2.1-147.9-2.1-184.9 0-35.8 1.7-67.6 9.9-93.9 36.1s-34.4 58-36.2 93.9c-2.1 37-2.1 147.9 0 184.9 1.7 35.9 9.9 67.7 36.2 93.9s58 34.4 93.9 36.2c37 2.1 147.9 2.1 184.9 0 35.9-1.7 67.7-9.9 93.9-36.2 26.2-26.2 34.4-58 36.2-93.9 2.1-37 2.1-147.8 0-184.8zM398.8 388c-7.8 19.6-22.9 34.7-42.6 42.6-29.5 11.7-99.5 9-132.1 9s-102.7 2.6-132.1-9c-19.6-7.8-34.7-22.9-42.6-42.6-11.7-29.5-9-99.5-9-132.1s-2.6-102.7 9-132.1c7.8-19.6 22.9-34.7 42.6-42.6 29.5-11.7 99.5-9 132.1-9s102.7-2.6 132.1 9c19.6 7.8 34.7 22.9 42.6 42.6 11.7 29.5 9 99.5 9 132.1s2.7 102.7-9 132.1z\"><\/path>\n                <\/svg>\t\t\t\t<span>Sleduj ma! \ud83d\ude42<\/span>\n\t\t\t<\/a>\n\t\t<\/span>\n\t\n<\/div>\n\t\t<span class=\"sbi_resized_image_data\" data-feed-id=\"*1\"\n\t\t  data-resized=\"{&quot;17967219419901718&quot;:{&quot;id&quot;:&quot;671861103_17995545797929434_3477341485666810720_n&quot;,&quot;ratio&quot;:&quot;0.56&quot;,&quot;sizes&quot;:{&quot;full&quot;:640,&quot;low&quot;:320,&quot;thumb&quot;:150},&quot;extension&quot;:&quot;.webp&quot;},&quot;18154227889460675&quot;:{&quot;id&quot;:&quot;671043119_17995599899929434_432622807959433861_n&quot;,&quot;ratio&quot;:&quot;0.56&quot;,&quot;sizes&quot;:{&quot;full&quot;:640,&quot;low&quot;:320,&quot;thumb&quot;:150},&quot;extension&quot;:&quot;.webp&quot;},&quot;17964207735103401&quot;:{&quot;id&quot;:&quot;671818021_17995701077929434_5014846263273154886_n&quot;,&quot;ratio&quot;:&quot;0.56&quot;,&quot;sizes&quot;:{&quot;full&quot;:640,&quot;low&quot;:320,&quot;thumb&quot;:150},&quot;extension&quot;:&quot;.webp&quot;},&quot;17884606440521348&quot;:{&quot;id&quot;:&quot;671743653_17995713341929434_3706757906620292642_n&quot;,&quot;ratio&quot;:&quot;0.80&quot;,&quot;sizes&quot;:{&quot;full&quot;:640,&quot;low&quot;:320,&quot;thumb&quot;:150},&quot;extension&quot;:&quot;.webp&quot;},&quot;18064718393357119&quot;:{&quot;id&quot;:&quot;673051662_1326955149494915_5957241223419763201_n&quot;,&quot;ratio&quot;:&quot;0.56&quot;,&quot;sizes&quot;:{&quot;full&quot;:640,&quot;low&quot;:320,&quot;thumb&quot;:150},&quot;extension&quot;:&quot;.webp&quot;},&quot;18094750820162581&quot;:{&quot;id&quot;:&quot;681090446_17995879691929434_1749189399669274587_n&quot;,&quot;ratio&quot;:&quot;0.56&quot;,&quot;sizes&quot;:{&quot;full&quot;:640,&quot;low&quot;:320,&quot;thumb&quot;:150},&quot;extension&quot;:&quot;.webp&quot;},&quot;18556460350070547&quot;:{&quot;id&quot;:&quot;674466984_17996003165929434_8826268415730052406_n&quot;,&quot;ratio&quot;:&quot;0.56&quot;,&quot;sizes&quot;:{&quot;full&quot;:640,&quot;low&quot;:320,&quot;thumb&quot;:150},&quot;extension&quot;:&quot;.webp&quot;},&quot;18072105395305295&quot;:{&quot;id&quot;:&quot;680712818_2014923536046700_1837107749293067873_n&quot;,&quot;ratio&quot;:&quot;0.56&quot;,&quot;sizes&quot;:{&quot;full&quot;:640,&quot;low&quot;:320,&quot;thumb&quot;:150},&quot;extension&quot;:&quot;.webp&quot;}}\">\n\t<\/span>\n\t<\/div>\n\n\t\t\t\t<\/div>\n\t\t\t\t<\/div>\n\t\t\t\t\t<\/div>\n\t\t<\/div>\n\t\t\t\t\t<\/div>\n\t\t<\/section>\n\t\t\t\t<section class=\"elementor-section elementor-top-section elementor-element elementor-element-0e7aaa7 elementor-section-boxed elementor-section-height-default elementor-section-height-default\" data-id=\"0e7aaa7\" data-element_type=\"section\" data-e-type=\"section\">\n\t\t\t\t\t\t<div class=\"elementor-container elementor-column-gap-default\">\n\t\t\t\t\t<div class=\"elementor-column elementor-col-100 elementor-top-column elementor-element elementor-element-f4bf3bb\" data-id=\"f4bf3bb\" data-element_type=\"column\" data-e-type=\"column\">\n\t\t\t<div class=\"elementor-widget-wrap elementor-element-populated\">\n\t\t\t\t\t\t<div class=\"elementor-element elementor-element-fbd9ca0 elementor-widget elementor-widget-heading\" data-id=\"fbd9ca0\" data-element_type=\"widget\" data-e-type=\"widget\" data-widget_type=\"heading.default\">\n\t\t\t\t<div class=\"elementor-widget-container\">\n\t\t\t\t\t<h3 class=\"elementor-heading-title elementor-size-default\"><span class=\"ez-toc-section\" id=\"Sprisahania_pokracuju\"><\/span>Sprisahania pokra\u010duj\u00fa<span class=\"ez-toc-section-end\"><\/span><\/h3>\t\t\t\t<\/div>\n\t\t\t\t<\/div>\n\t\t\t\t\t<\/div>\n\t\t<\/div>\n\t\t\t\t\t<\/div>\n\t\t<\/section>\n\t\t\t\t<section class=\"elementor-section elementor-top-section elementor-element elementor-element-f292756 elementor-section-boxed elementor-section-height-default elementor-section-height-default\" data-id=\"f292756\" data-element_type=\"section\" data-e-type=\"section\">\n\t\t\t\t\t\t<div class=\"elementor-container elementor-column-gap-default\">\n\t\t\t\t\t<div class=\"elementor-column elementor-col-100 elementor-top-column elementor-element elementor-element-1717ed4\" data-id=\"1717ed4\" data-element_type=\"column\" data-e-type=\"column\">\n\t\t\t<div class=\"elementor-widget-wrap elementor-element-populated\">\n\t\t\t\t\t\t<div class=\"elementor-element elementor-element-143f729 elementor-widget elementor-widget-text-editor\" data-id=\"143f729\" data-element_type=\"widget\" data-e-type=\"widget\" data-widget_type=\"text-editor.default\">\n\t\t\t\t<div class=\"elementor-widget-container\">\n\t\t\t\t\t\t\t\t\t<p>A ke\u010fze sa hist\u00f3ria zvykne opakova\u0165, takmer rovank\u00fd pr\u00edbeh s tekfurmi z\u00a0Karacahisar a Ineg\u00f6l sa stal so<b> sprisahan\u00edm<\/b> <b>tekfurov<\/b> <b>Bilecika a Yarhisara<\/b>. Tekfur z Bilecika sa mal o\u017eeni\u0165 s dc\u00e9rou Yarhisarovho tekfuru. Na svadbu bol pozvan\u00fd aj Osman G\u00e1zi. <b>Cie\u013eom ich sprisahania bolo r\u00fdchle prekvapenie a jeho vra\u017eda,<\/b> predstavte si nie\u010do ako J\u00falius C\u00e9zar. Av\u0161ak <b>tekfur z Harmankaya informoval svojho priate\u013ea Osmana G\u00e1ziho<\/b> o tomto sprisahan\u00ed a ten sa patri\u010dne mohol pripravi\u0165, aby sa mu dok\u00e1zal vyhn\u00fa\u0165.<\/p><p>Osman G\u00e1zi poslal ve\u013ek\u00e9 mno\u017estvo jahniat tekfurovi do Bileciku ako svadobn\u00fd dar. Po\u017eiadal ich, aby ich po svadbe odviedli na pastvu a taktie\u017e po\u017eiadal, aby ich veci a \u017eeny boli v predstihu odveden\u00e9 na z\u00e1mok a aby sa svadba konala na otvorenom priestranstve. Tekfur tieto \u017eiadosti akceptoval. Namiesto tovaru, Osman G\u00e1zi nalo\u017eil kone zbra\u0148ami a poslal ich do Bilecika spolu so 40 vojakmi oble\u010den\u00fdmi ako \u017eeny. Vojaci, ktor\u00ed vst\u00fapili do hradu, ho potom \u013eahko dobyli, preto\u017ee zostali len tie najz\u00e1kladnej\u0161ie str\u00e1\u017ee, preto\u017ee v\u0161etci ostatn\u00ed boli na inom mieste. A takto Osman G\u00e1zi zv\u00ed\u0165azil na svadbe v \u00c7ak\u0131rp\u0131nar.<\/p><p><b>Nevesta,<\/b> ktor\u00e1 bola medzi &#8222;zajatcami&#8220; na hrade, <b>konvertovala na islam prijat\u00edm mena Nil\u00fcfer<\/b> a vydala sa za syna Osmana G\u00e1ziho, Orhana. Postupne tak boli dobyt\u00e9 Bilecik, Yarhisar, Ineg\u00f6l a Yeni\u015fehir. <b>Osman G\u00e1zi urobil z Yeni\u015fehiru hlavn\u00e9 mesto \u0161t\u00e1tu<\/b>. Prestaval dobyt\u00e9 mest\u00e1, pozemky rozdelil nie ako majetky, ale ako timare (l\u00e9na) rodinn\u00fdm pr\u00edslu\u0161n\u00edkom a velite\u013eom, aby za to vyberali dane a \u017eivili vojakov. Toto bolo <b>prv\u00e9 zemsk\u00e9 pr\u00e1vo Osmanov.<\/b><\/p>\t\t\t\t\t\t\t\t<\/div>\n\t\t\t\t<\/div>\n\t\t\t\t\t<\/div>\n\t\t<\/div>\n\t\t\t\t\t<\/div>\n\t\t<\/section>\n\t\t\t\t<section class=\"elementor-section elementor-top-section elementor-element elementor-element-8618549 elementor-section-boxed elementor-section-height-default elementor-section-height-default\" data-id=\"8618549\" data-element_type=\"section\" data-e-type=\"section\">\n\t\t\t\t\t\t<div class=\"elementor-container elementor-column-gap-default\">\n\t\t\t\t\t<div class=\"elementor-column elementor-col-100 elementor-top-column elementor-element elementor-element-e8bea6e\" data-id=\"e8bea6e\" data-element_type=\"column\" data-e-type=\"column\">\n\t\t\t<div class=\"elementor-widget-wrap elementor-element-populated\">\n\t\t\t\t\t\t<div class=\"elementor-element elementor-element-f2e2b61 elementor-widget elementor-widget-image\" data-id=\"f2e2b61\" data-element_type=\"widget\" data-e-type=\"widget\" data-widget_type=\"image.default\">\n\t\t\t\t<div class=\"elementor-widget-container\">\n\t\t\t\t\t\t\t\t\t\t\t\t<figure class=\"wp-caption\">\n\t\t\t\t\t\t\t\t\t\t\t<a href=\"https:\/\/istanbulepass.com\/?ref=istanbulsmiskou\">\n\t\t\t\t\t\t\t<img loading=\"lazy\" decoding=\"async\" width=\"728\" height=\"90\" src=\"https:\/\/i0.wp.com\/istanbulsmiskou.sk\/wp-content\/uploads\/2025\/01\/1623179191411.png?fit=728%2C90&amp;ssl=1\" class=\"attachment-large size-large wp-image-1986\" alt=\"\" srcset=\"https:\/\/i0.wp.com\/istanbulsmiskou.sk\/wp-content\/uploads\/2025\/01\/1623179191411.png?w=728&amp;ssl=1 728w, https:\/\/i0.wp.com\/istanbulsmiskou.sk\/wp-content\/uploads\/2025\/01\/1623179191411.png?resize=300%2C37&amp;ssl=1 300w, https:\/\/i0.wp.com\/istanbulsmiskou.sk\/wp-content\/uploads\/2025\/01\/1623179191411.png?resize=485%2C60&amp;ssl=1 485w\" sizes=\"(max-width: 728px) 100vw, 728px\" \/>\t\t\t\t\t\t\t\t<\/a>\n\t\t\t\t\t\t\t\t\t\t\t<figcaption class=\"widget-image-caption wp-caption-text\">klikni pre viac info o tomto pase<\/figcaption>\n\t\t\t\t\t\t\t\t\t\t<\/figure>\n\t\t\t\t\t\t\t\t\t<\/div>\n\t\t\t\t<\/div>\n\t\t\t\t\t<\/div>\n\t\t<\/div>\n\t\t\t\t\t<\/div>\n\t\t<\/section>\n\t\t\t\t<section class=\"elementor-section elementor-top-section elementor-element elementor-element-a1b72ae elementor-section-boxed elementor-section-height-default elementor-section-height-default\" data-id=\"a1b72ae\" data-element_type=\"section\" data-e-type=\"section\">\n\t\t\t\t\t\t<div class=\"elementor-container elementor-column-gap-default\">\n\t\t\t\t\t<div class=\"elementor-column elementor-col-100 elementor-top-column elementor-element elementor-element-d163629\" data-id=\"d163629\" data-element_type=\"column\" data-e-type=\"column\">\n\t\t\t<div class=\"elementor-widget-wrap elementor-element-populated\">\n\t\t\t\t\t\t<div class=\"elementor-element elementor-element-3c0d437 elementor-widget elementor-widget-heading\" data-id=\"3c0d437\" data-element_type=\"widget\" data-e-type=\"widget\" data-widget_type=\"heading.default\">\n\t\t\t\t<div class=\"elementor-widget-container\">\n\t\t\t\t\t<h3 class=\"elementor-heading-title elementor-size-default\"><span class=\"ez-toc-section\" id=\"Dohody_sa_musia_dodrziavat\"><\/span>Dohody sa musia dodr\u017eiava\u0165<span class=\"ez-toc-section-end\"><\/span><\/h3>\t\t\t\t<\/div>\n\t\t\t\t<\/div>\n\t\t\t\t\t<\/div>\n\t\t<\/div>\n\t\t\t\t\t<\/div>\n\t\t<\/section>\n\t\t\t\t<section class=\"elementor-section elementor-top-section elementor-element elementor-element-41923ad elementor-section-boxed elementor-section-height-default elementor-section-height-default\" data-id=\"41923ad\" data-element_type=\"section\" data-e-type=\"section\">\n\t\t\t\t\t\t<div class=\"elementor-container elementor-column-gap-default\">\n\t\t\t\t\t<div class=\"elementor-column elementor-col-100 elementor-top-column elementor-element elementor-element-999f85c\" data-id=\"999f85c\" data-element_type=\"column\" data-e-type=\"column\">\n\t\t\t<div class=\"elementor-widget-wrap elementor-element-populated\">\n\t\t\t\t\t\t<div class=\"elementor-element elementor-element-4c2079d elementor-widget elementor-widget-text-editor\" data-id=\"4c2079d\" data-element_type=\"widget\" data-e-type=\"widget\" data-widget_type=\"text-editor.default\">\n\t\t\t\t<div class=\"elementor-widget-container\">\n\t\t\t\t\t\t\t\t\t<p>Medzit\u00fdm Mongoli nap\u00e1dali Anat\u00f3liu. <b>27. janu\u00e1ra 1300<\/b>, ke\u010f bol <b>seld\u017euck\u00fd sult\u00e1n Alaeddin Keykubad III.<\/b> <b>uv\u00e4znen\u00fd<\/b> ilchan\u00e1tsko-mongolsk\u00fdm vl\u00e1dcom Gazan Khanom a preto <b>velitelia s\u013e\u00fabili vernos\u0165 Osmanovi G\u00e1zimu<\/b> (namiesto Alaeddina) v s\u00falade so starou tureckou trad\u00edciou. Auton\u00f3mne seld\u017euck\u00e9 knie\u017eatstv\u00e1 vyhl\u00e1sili svoju nez\u00e1vislos\u0165 jedno po druhom. V skuto\u010dnosti sa ich vernos\u0165 seld\u017euck\u00e9mu sult\u00e1novi teraz obr\u00e1tila proti Mongolom.<\/p><p>Po\u010das vl\u00e1dy <b>sult\u00e1na Abdulhamida II.<\/b> (vl\u00e1dol medzi 1876 \u2013 1909) o storo\u010dia nesk\u00f4r, <b>bola pr\u00e1ve t\u00e1to udalos\u0165 prijat\u00e1 ako d\u00e1tum zalo\u017eenia Osmanskej r\u00ed\u0161e, <\/b>preto\u017ee sa okolo Osmana zhroma\u017edilo ve\u013ea velite\u013eov a bejov (knie\u017eat), preto\u017ee jeho mal\u00e9 knie\u017eatstvo bolo d\u00f4le\u017eit\u00e9 pre svoju strategick\u00fa polohu bl\u00edzko hran\u00edc.<\/p><p>Byzantsk\u00fd cis\u00e1r <b>Andronikos II.<\/b>, ktor\u00fd nedok\u00e1zal zabr\u00e1ni\u0165 \u010dinnosti Osmana prostredn\u00edctvom svojich tekfurov, tentoraz <b>vyslal arm\u00e1du,<\/b> aby pochodovala na Osmanov beylik. <b>Osman G\u00e1zi porazil<\/b> t\u00fato arm\u00e1du<b> v bitke pri Koyunhisare<\/b> (Bapheus) ne\u010faleko dne\u0161nej Yalovy v roku 1301. Dne\u0161n\u00fd Iznik (v minulosti Nicaea) bol obliehan\u00fd a Osman G\u00e1zi dal popravi\u0165 svojho str\u00fdka D\u00fcndara Beya v roku 1302, preto\u017ee dlho odmietal prija\u0165 Osmanovo knie\u017eatstvo a pracoval proti nemu s byzantsk\u00fdmi tekfurmi.<\/p><p>V roku<b> 1306<\/b> bol <b>tekfur z Bursy<\/b> a jeho spojeneck\u00fdch tekfurov <b>porazen\u00fd<\/b> v Dinboz. Osmani v tom roku <b>podp\u00edsali svoju prv\u00fa vojensk\u00fa zmluvu s tekfurom z Uluabatu. <\/b>Tekfur z Uluabatu odovzdal ostatn\u00fdch tekfurov Osmanovi pod podmienkou, \u017ee neza\u00fato\u010d\u00ed na pevnos\u0165 a neprejde cez most pred mestom. Pod\u013ea princ\u00edpu <b>\u201epacta sunt servanda\u201c <\/b>alebo &#8222;dohody sa musia dodr\u017eiava\u0165&#8220;,\u00a0\u017eiadny osmansk\u00fd sult\u00e1n nikdy neprekro\u010dil tento most a v\u017edy, ke\u010f to bolo potrebn\u00e9, pou\u017eili \u010dlny na prekro\u010denie pr\u00fadu \u00c7apraz.<\/p>\t\t\t\t\t\t\t\t<\/div>\n\t\t\t\t<\/div>\n\t\t\t\t\t<\/div>\n\t\t<\/div>\n\t\t\t\t\t<\/div>\n\t\t<\/section>\n\t\t\t\t<section class=\"elementor-section elementor-top-section elementor-element elementor-element-2db8e4f elementor-section-boxed elementor-section-height-default elementor-section-height-default\" data-id=\"2db8e4f\" data-element_type=\"section\" data-e-type=\"section\">\n\t\t\t\t\t\t<div class=\"elementor-container elementor-column-gap-default\">\n\t\t\t\t\t<div class=\"elementor-column elementor-col-100 elementor-top-column elementor-element elementor-element-5d314de\" data-id=\"5d314de\" data-element_type=\"column\" data-e-type=\"column\">\n\t\t\t<div class=\"elementor-widget-wrap elementor-element-populated\">\n\t\t\t\t\t\t<div class=\"elementor-element elementor-element-7ae04be elementor-widget elementor-widget-image\" data-id=\"7ae04be\" data-element_type=\"widget\" data-e-type=\"widget\" data-widget_type=\"image.default\">\n\t\t\t\t<div class=\"elementor-widget-container\">\n\t\t\t\t\t\t\t\t\t\t\t\t<figure class=\"wp-caption\">\n\t\t\t\t\t\t\t\t\t\t<img loading=\"lazy\" decoding=\"async\" width=\"790\" height=\"790\" src=\"https:\/\/i0.wp.com\/istanbulsmiskou.sk\/wp-content\/uploads\/2025\/01\/WhatsApp-Image-2025-01-01-at-20.18.06_1f12de9b.jpg?fit=790%2C790&amp;ssl=1\" class=\"attachment-large size-large wp-image-1987\" alt=\"\" srcset=\"https:\/\/i0.wp.com\/istanbulsmiskou.sk\/wp-content\/uploads\/2025\/01\/WhatsApp-Image-2025-01-01-at-20.18.06_1f12de9b.jpg?w=1024&amp;ssl=1 1024w, https:\/\/i0.wp.com\/istanbulsmiskou.sk\/wp-content\/uploads\/2025\/01\/WhatsApp-Image-2025-01-01-at-20.18.06_1f12de9b.jpg?resize=300%2C300&amp;ssl=1 300w, https:\/\/i0.wp.com\/istanbulsmiskou.sk\/wp-content\/uploads\/2025\/01\/WhatsApp-Image-2025-01-01-at-20.18.06_1f12de9b.jpg?resize=150%2C150&amp;ssl=1 150w, https:\/\/i0.wp.com\/istanbulsmiskou.sk\/wp-content\/uploads\/2025\/01\/WhatsApp-Image-2025-01-01-at-20.18.06_1f12de9b.jpg?resize=768%2C768&amp;ssl=1 768w, https:\/\/i0.wp.com\/istanbulsmiskou.sk\/wp-content\/uploads\/2025\/01\/WhatsApp-Image-2025-01-01-at-20.18.06_1f12de9b.jpg?resize=60%2C60&amp;ssl=1 60w\" sizes=\"(max-width: 790px) 100vw, 790px\" \/>\t\t\t\t\t\t\t\t\t\t\t<figcaption class=\"widget-image-caption wp-caption-text\">Osman G\u00e1zi pod\u013ea AI (umelej inteligencie)<\/figcaption>\n\t\t\t\t\t\t\t\t\t\t<\/figure>\n\t\t\t\t\t\t\t\t\t<\/div>\n\t\t\t\t<\/div>\n\t\t\t\t\t<\/div>\n\t\t<\/div>\n\t\t\t\t\t<\/div>\n\t\t<\/section>\n\t\t\t\t<section class=\"elementor-section elementor-top-section elementor-element elementor-element-b0b3a6f elementor-section-boxed elementor-section-height-default elementor-section-height-default\" data-id=\"b0b3a6f\" data-element_type=\"section\" data-e-type=\"section\">\n\t\t\t\t\t\t<div class=\"elementor-container elementor-column-gap-default\">\n\t\t\t\t\t<div class=\"elementor-column elementor-col-100 elementor-top-column elementor-element elementor-element-7640514\" data-id=\"7640514\" data-element_type=\"column\" data-e-type=\"column\">\n\t\t\t<div class=\"elementor-widget-wrap elementor-element-populated\">\n\t\t\t\t\t\t<div class=\"elementor-element elementor-element-ff1148a elementor-widget elementor-widget-heading\" data-id=\"ff1148a\" data-element_type=\"widget\" data-e-type=\"widget\" data-widget_type=\"heading.default\">\n\t\t\t\t<div class=\"elementor-widget-container\">\n\t\t\t\t\t<h3 class=\"elementor-heading-title elementor-size-default\"><span class=\"ez-toc-section\" id=\"Ako_to_skoncilo\"><\/span>Ako to skon\u010dilo?<span class=\"ez-toc-section-end\"><\/span><\/h3>\t\t\t\t<\/div>\n\t\t\t\t<\/div>\n\t\t\t\t\t<\/div>\n\t\t<\/div>\n\t\t\t\t\t<\/div>\n\t\t<\/section>\n\t\t\t\t<section class=\"elementor-section elementor-top-section elementor-element elementor-element-f3d77ca elementor-section-boxed elementor-section-height-default elementor-section-height-default\" data-id=\"f3d77ca\" data-element_type=\"section\" data-e-type=\"section\">\n\t\t\t\t\t\t<div class=\"elementor-container elementor-column-gap-default\">\n\t\t\t\t\t<div class=\"elementor-column elementor-col-100 elementor-top-column elementor-element elementor-element-575fccb\" data-id=\"575fccb\" data-element_type=\"column\" data-e-type=\"column\">\n\t\t\t<div class=\"elementor-widget-wrap elementor-element-populated\">\n\t\t\t\t\t\t<div class=\"elementor-element elementor-element-bd5e3a8 elementor-widget elementor-widget-text-editor\" data-id=\"bd5e3a8\" data-element_type=\"widget\" data-e-type=\"widget\" data-widget_type=\"text-editor.default\">\n\t\t\t\t<div class=\"elementor-widget-container\">\n\t\t\t\t\t\t\t\t\t<p>Osman G\u00e1zi obsadil Mudanyu v roku 1307 a dostal sa a\u017e k Marmarsk\u00e9mu moru. Na ostrove Imrali vznikla n\u00e1morn\u00e1 z\u00e1klad\u0148a a pod\u013ea niektor\u00fdch z\u00e1padn\u00fdch zdrojov, Osman G\u00e1zi dokonca <b>spustil exped\u00edciu na ostrov Rhodos<\/b> v Egejskom mori. Kv\u00f4li <b>krutosti vl\u00e1dy tekfurov<\/b> a vysok\u00fdm daniam prijali <b>dedin\u010dania <\/b>\u017eij\u00faci v krajin\u00e1ch na v\u00fdchod od Marmarsk\u00e9ho mora,&nbsp;<b>vl\u00e1du Osmana G\u00e1ziho s v\u010fa\u010dnos\u0165ou<\/b>. Mnoh\u00ed z nich <b>prijali islam<\/b> a boli po\u010das toho <b>turkizovan\u00ed<\/b>. V tom \u010dase ve\u013emi zn\u00e1my, Michael Kosses, byzantsk\u00fd guvern\u00e9r a tekfur z Harmankaya prijal meno&nbsp;<span style=\"font-weight: bold;\">K\u00f6se Mihal<\/span>&nbsp;bol jeden z t\u00fdch, ktor\u00fd&nbsp;<b>&nbsp;<\/b>konvertovali na islam a osobne z\u00fa\u010dastnil sa mnoh\u00fdch vojensk\u00fdch oper\u00e1ci\u00ed po boku Osmana a dokonca jeho rod pokra\u010duje dodnes.<\/p>\n<p><b>Od roku 1317<\/b> Osman posielal hlavne svojho <b>syna Orhana<\/b> Beya <b>a jeho velite\u013eov<\/b> ozna\u010dovan\u00fdch ako \u201ealp\u201c do v\u00e4\u010d\u0161iny vojensk\u00fdch oper\u00e1ci\u00ed. <b>Hlavn\u00fdm cie\u013eom Osmana G\u00e1ziho bolo dobytie Bursy<\/b>, ktor\u00e1 bola v tom \u010dase n\u00e1dhern\u00fdm mestom. Bol si ale vedom\u00fd, \u017ee \u00fatok na pevnos\u0165 by v\u0161ak viedol k strate mnoh\u00fdch mu\u017eov a to bolo v rozpore s charakterom Osmana G\u00e1ziho. Z tohto d\u00f4vodu sa rozhodol da\u0165 namiesto hrad &#8222;len&#8220; oblieha\u0165 a z\u00edska\u0165 si srdcia \u013eud\u00ed t\u00fdm, \u017ee ne\u0161iel bezhlavo do masakru.<\/p>\n<p>Osmana jeho ve\u013emi akt\u00edvny <b>vojensk\u00fd \u017eivot ve\u013emi unavil a ochorel.<\/b> <b>Zomrel v roku 1324 <\/b>(alebo 1326) na <b>z\u00e1chvat<\/b> choroby, ktor\u00fa pozn\u00e1me ako <b>DNA<\/b>. Mal 66 (alebo 68 rokov).&nbsp;<\/p>\n<p><b>Vl\u00e1dol 43 rokov<\/b> a po dobyt\u00ed Bursy bolo jeho telo pochovan\u00e9 na kopci pr\u00e1ve v tomto meste. Jeden z jeho synov, Savc\u0131 Bey, zomrel v bitke a jeho <b>mlad\u0161\u00ed syn Orhan sa dostal na poz\u00edciu svojho otca.<\/b> Osmanov <b>tret\u00ed syn Alaaddin<\/b> Ali Pa\u0161a sa stal <b>Orhanov\u00fdm vez\u00edrom<\/b>. Jeho <b>\u010fal\u0161\u00ed \u0161tyria synovia sl\u00fa\u017eili za Orhanovej vl\u00e1dy ako vojensk\u00ed velitelia<\/b>.&nbsp;<\/p>\t\t\t\t\t\t\t\t<\/div>\n\t\t\t\t<\/div>\n\t\t\t\t\t<\/div>\n\t\t<\/div>\n\t\t\t\t\t<\/div>\n\t\t<\/section>\n\t\t\t\t<section class=\"elementor-section elementor-top-section elementor-element elementor-element-026ef84 elementor-section-boxed elementor-section-height-default elementor-section-height-default\" data-id=\"026ef84\" data-element_type=\"section\" data-e-type=\"section\">\n\t\t\t\t\t\t<div class=\"elementor-container elementor-column-gap-default\">\n\t\t\t\t\t<div class=\"elementor-column elementor-col-100 elementor-top-column elementor-element elementor-element-ff817bc\" data-id=\"ff817bc\" data-element_type=\"column\" data-e-type=\"column\">\n\t\t\t<div class=\"elementor-widget-wrap elementor-element-populated\">\n\t\t\t\t\t\t<div class=\"elementor-element elementor-element-319a924 elementor-widget elementor-widget-image\" data-id=\"319a924\" data-element_type=\"widget\" data-e-type=\"widget\" data-widget_type=\"image.default\">\n\t\t\t\t<div class=\"elementor-widget-container\">\n\t\t\t\t\t\t\t\t\t\t\t\t<figure class=\"wp-caption\">\n\t\t\t\t\t\t\t\t\t\t<img loading=\"lazy\" decoding=\"async\" width=\"683\" height=\"1024\" src=\"https:\/\/i0.wp.com\/istanbulsmiskou.sk\/wp-content\/uploads\/2025\/01\/IMG_8711-min-scaled-1.jpg?fit=683%2C1024&amp;ssl=1\" class=\"attachment-large size-large wp-image-1985\" alt=\"\" srcset=\"https:\/\/i0.wp.com\/istanbulsmiskou.sk\/wp-content\/uploads\/2025\/01\/IMG_8711-min-scaled-1.jpg?w=1707&amp;ssl=1 1707w, https:\/\/i0.wp.com\/istanbulsmiskou.sk\/wp-content\/uploads\/2025\/01\/IMG_8711-min-scaled-1.jpg?resize=200%2C300&amp;ssl=1 200w, https:\/\/i0.wp.com\/istanbulsmiskou.sk\/wp-content\/uploads\/2025\/01\/IMG_8711-min-scaled-1.jpg?resize=683%2C1024&amp;ssl=1 683w, https:\/\/i0.wp.com\/istanbulsmiskou.sk\/wp-content\/uploads\/2025\/01\/IMG_8711-min-scaled-1.jpg?resize=768%2C1152&amp;ssl=1 768w, https:\/\/i0.wp.com\/istanbulsmiskou.sk\/wp-content\/uploads\/2025\/01\/IMG_8711-min-scaled-1.jpg?resize=1024%2C1536&amp;ssl=1 1024w, https:\/\/i0.wp.com\/istanbulsmiskou.sk\/wp-content\/uploads\/2025\/01\/IMG_8711-min-scaled-1.jpg?resize=1366%2C2048&amp;ssl=1 1366w, https:\/\/i0.wp.com\/istanbulsmiskou.sk\/wp-content\/uploads\/2025\/01\/IMG_8711-min-scaled-1.jpg?resize=40%2C60&amp;ssl=1 40w, https:\/\/i0.wp.com\/istanbulsmiskou.sk\/wp-content\/uploads\/2025\/01\/IMG_8711-min-scaled-1.jpg?w=1580 1580w\" sizes=\"(max-width: 683px) 100vw, 683px\" \/>\t\t\t\t\t\t\t\t\t\t\t<figcaption class=\"widget-image-caption wp-caption-text\">hrobka Osmana G\u00e1ziho v Burse<\/figcaption>\n\t\t\t\t\t\t\t\t\t\t<\/figure>\n\t\t\t\t\t\t\t\t\t<\/div>\n\t\t\t\t<\/div>\n\t\t\t\t\t<\/div>\n\t\t<\/div>\n\t\t\t\t\t<\/div>\n\t\t<\/section>\n\t\t\t\t<section class=\"elementor-section elementor-top-section elementor-element elementor-element-9b16345 elementor-section-boxed elementor-section-height-default elementor-section-height-default\" data-id=\"9b16345\" data-element_type=\"section\" data-e-type=\"section\">\n\t\t\t\t\t\t<div class=\"elementor-container elementor-column-gap-default\">\n\t\t\t\t\t<div class=\"elementor-column elementor-col-100 elementor-top-column elementor-element elementor-element-f48e144\" data-id=\"f48e144\" data-element_type=\"column\" data-e-type=\"column\">\n\t\t\t<div class=\"elementor-widget-wrap elementor-element-populated\">\n\t\t\t\t\t\t<div class=\"elementor-element elementor-element-7d06a7f elementor-widget elementor-widget-heading\" data-id=\"7d06a7f\" data-element_type=\"widget\" data-e-type=\"widget\" data-widget_type=\"heading.default\">\n\t\t\t\t<div class=\"elementor-widget-container\">\n\t\t\t\t\t<h3 class=\"elementor-heading-title elementor-size-default\"><span class=\"ez-toc-section\" id=\"Aky_Osman_Gazi_bol\"><\/span>Ak\u00fd Osman G\u00e1zi bol?<span class=\"ez-toc-section-end\"><\/span><\/h3>\t\t\t\t<\/div>\n\t\t\t\t<\/div>\n\t\t\t\t\t<\/div>\n\t\t<\/div>\n\t\t\t\t\t<\/div>\n\t\t<\/section>\n\t\t\t\t<section class=\"elementor-section elementor-top-section elementor-element elementor-element-1683ff2 elementor-section-boxed elementor-section-height-default elementor-section-height-default\" data-id=\"1683ff2\" data-element_type=\"section\" data-e-type=\"section\">\n\t\t\t\t\t\t<div class=\"elementor-container elementor-column-gap-default\">\n\t\t\t\t\t<div class=\"elementor-column elementor-col-100 elementor-top-column elementor-element elementor-element-5552a33\" data-id=\"5552a33\" data-element_type=\"column\" data-e-type=\"column\">\n\t\t\t<div class=\"elementor-widget-wrap elementor-element-populated\">\n\t\t\t\t\t\t<div class=\"elementor-element elementor-element-38fcca2 elementor-widget elementor-widget-text-editor\" data-id=\"38fcca2\" data-element_type=\"widget\" data-e-type=\"widget\" data-widget_type=\"text-editor.default\">\n\t\t\t\t<div class=\"elementor-widget-container\">\n\t\t\t\t\t\t\t\t\t<p>Osman bol op\u00edsan\u00fd ako <b>mu\u017e s tmavou poko\u017ekou a okr\u00fahlou tv\u00e1rou,&nbsp;strednej v\u00fd\u0161ky so \u0161irok\u00fdmi ramenami a jeho trupom, ktor\u00fd bol k jeho noh\u00e1m pomerne dlh\u00fd. <\/b>Nosieval norm\u00e1lne oble\u010denie a <b>na hlavne turban<\/b>, na ktorom bola na \u010dervenej \u0161irokopl\u00e1tennej \u010diapke omotan\u00e1 \u0161irok\u00e1 a dlh\u00e1 l\u00e1tka. Jeho <b>vlajka bola biela a hovoril stru\u010dne ale v\u017edy k veci.&nbsp;Pr\u00e1ve za jeho \u010dias prestala by\u0165 ture\u010dtina pova\u017eovan\u00e1 za vulg\u00e1rny jazyk, ktor\u00fdm hovorili oby\u010dajn\u00ed \u013eudia, a stala sa liter\u00e1rnym jazykom.<\/b><\/p>\n<p>V kronik\u00e1ch je Osman op\u00edsan\u00fd ako <b>ve\u013ekorys\u00fd a spravodliv\u00fd \u010dlovek.<\/b> Ka\u017ed\u00e9 tri dni nechal vari\u0165 jedlo vo svojej kuchyni a rozd\u00e1val ho chudobn\u00fdm, vdov\u00e1m a sirot\u00e1m. Nemal z\u00e1\u013eubu v majetku. Pod\u013ea kron\u00edk&nbsp;<b>\u201eNeh\u013eadal ni\u010d in\u00e9, len s\u00fahlas Boha a modlitby \u013eudu\u201c.&nbsp;<\/b>Ke\u010f Osman zomrel, zanechal po sebe nieko\u013eko kon\u00ed, me\u010de, brnenie, p\u00e1r volov a nieko\u013eko oviec, pri\u010dom nezanechal \u017eiadny majetok ani peniaze.<\/p>\n<p><\/p>\n<p>Osman G\u00e1zi <b>bol odv\u00e1\u017eny aj oddan\u00fd a skromn\u00fd.<\/b> Nepodnikal \u017eiadne kroky bez toho, aby sa <b>op\u00fdtal na n\u00e1zor svojich vern\u00fdch.<\/b> <b>V\u00e1\u017eil si u\u010dencov a s\u00fafistov.<\/b> Bol <b>spravodliv\u00fd <\/b>a t\u00fdm, \u017ee do ka\u017ed\u00e9ho mesta menoval sudcu, eliminoval z\u00e1sahy miestnych spr\u00e1vcov do spravodlivosti<\/p>\t\t\t\t\t\t\t\t<\/div>\n\t\t\t\t<\/div>\n\t\t\t\t\t<\/div>\n\t\t<\/div>\n\t\t\t\t\t<\/div>\n\t\t<\/section>\n\t\t\t\t<section class=\"elementor-section elementor-top-section elementor-element elementor-element-290eecc elementor-section-boxed elementor-section-height-default elementor-section-height-default\" data-id=\"290eecc\" data-element_type=\"section\" data-e-type=\"section\">\n\t\t\t\t\t\t<div class=\"elementor-container elementor-column-gap-default\">\n\t\t\t\t\t<div class=\"elementor-column elementor-col-100 elementor-top-column elementor-element elementor-element-b209954\" data-id=\"b209954\" data-element_type=\"column\" data-e-type=\"column\">\n\t\t\t<div class=\"elementor-widget-wrap elementor-element-populated\">\n\t\t\t\t\t\t<div class=\"elementor-element elementor-element-738001c elementor-widget elementor-widget-image\" data-id=\"738001c\" data-element_type=\"widget\" data-e-type=\"widget\" data-widget_type=\"image.default\">\n\t\t\t\t<div class=\"elementor-widget-container\">\n\t\t\t\t\t\t\t\t\t\t\t\t<figure class=\"wp-caption\">\n\t\t\t\t\t\t\t\t\t\t<img loading=\"lazy\" decoding=\"async\" width=\"601\" height=\"416\" src=\"https:\/\/i0.wp.com\/istanbulsmiskou.sk\/wp-content\/uploads\/2025\/01\/219.jpg?fit=601%2C416&amp;ssl=1\" class=\"attachment-large size-large wp-image-1988\" alt=\"\" srcset=\"https:\/\/i0.wp.com\/istanbulsmiskou.sk\/wp-content\/uploads\/2025\/01\/219.jpg?w=601&amp;ssl=1 601w, https:\/\/i0.wp.com\/istanbulsmiskou.sk\/wp-content\/uploads\/2025\/01\/219.jpg?resize=300%2C208&amp;ssl=1 300w, https:\/\/i0.wp.com\/istanbulsmiskou.sk\/wp-content\/uploads\/2025\/01\/219.jpg?resize=87%2C60&amp;ssl=1 87w\" sizes=\"(max-width: 601px) 100vw, 601px\" \/>\t\t\t\t\t\t\t\t\t\t\t<figcaption class=\"widget-image-caption wp-caption-text\">Osman G\u00e1zi v strede na tr\u00f3ne, na \u013eavej strane Ak\u00e7akoca Bey a Konur Alp, skor\u00fd hlavn\u00fd vodcovia Osmanskej arm\u00e1dy <\/figcaption>\n\t\t\t\t\t\t\t\t\t\t<\/figure>\n\t\t\t\t\t\t\t\t\t<\/div>\n\t\t\t\t<\/div>\n\t\t\t\t\t<\/div>\n\t\t<\/div>\n\t\t\t\t\t<\/div>\n\t\t<\/section>\n\t\t\t\t<section class=\"elementor-section elementor-top-section elementor-element elementor-element-50c6b6d elementor-section-boxed elementor-section-height-default elementor-section-height-default\" data-id=\"50c6b6d\" data-element_type=\"section\" data-e-type=\"section\">\n\t\t\t\t\t\t<div class=\"elementor-container elementor-column-gap-default\">\n\t\t\t\t\t<div class=\"elementor-column elementor-col-100 elementor-top-column elementor-element elementor-element-275da94\" data-id=\"275da94\" data-element_type=\"column\" data-e-type=\"column\">\n\t\t\t<div class=\"elementor-widget-wrap elementor-element-populated\">\n\t\t\t\t\t\t<div class=\"elementor-element elementor-element-8a4dc35 elementor-widget elementor-widget-text-editor\" data-id=\"8a4dc35\" data-element_type=\"widget\" data-e-type=\"widget\" data-widget_type=\"text-editor.default\">\n\t\t\t\t<div class=\"elementor-widget-container\">\n\t\t\t\t\t\t\t\t\t<p>Osman G\u00e1zi nebol len oby\u010dajn\u00fd stredovek\u00fd hrdina, ale jedna z najzn\u00e1mej\u0161\u00edch post\u00e1v hist\u00f3rie. <b>Jeho \u0161t\u00e1t na za\u010diatku,<\/b> ktor\u00fd bol mimochodom <b>najmen\u0161\u00ed z anatolsk\u00fdch beylikov<\/b> (men\u0161\u00ed ako polovica \u0160vaj\u010diarska), sa za <b>150 rokov od zalo\u017eenia stal najv\u00e4\u010d\u0161\u00edm \u0161t\u00e1tom na svete<\/b>. Nepochybne to bolo sp\u00f4soben\u00e9 t\u00fdm, \u017ee Osman G\u00e1zi bol pozoruhodn\u00fdm strategick\u00fdm g\u00e9niom a polo\u017eil tak\u00e9 z\u00e1klady, aby jeho n\u00e1stupcovia mohli pokra\u010dova\u0165 v jeho sne.<\/p>\t\t\t\t\t\t\t\t<\/div>\n\t\t\t\t<\/div>\n\t\t\t\t\t<\/div>\n\t\t<\/div>\n\t\t\t\t\t<\/div>\n\t\t<\/section>\n\t\t\t\t<\/div>\n\t\t","protected":false},"excerpt":{"rendered":"<p>Osmansk\u00e1 r\u00ed\u0161a bola jednou z najv\u00fdznamnej\u0161\u00edch r\u00ed\u0161 v dejin\u00e1ch, zasahuj\u00faca do troch kontinentov a trvaj\u00faca viac ne\u017e 600 rokov. Ako prv\u00fd, na\u00a0jej \u010dele st\u00e1l Osman I. alebo Osman G\u00e1zi, ktor\u00fd polo\u017eil z\u00e1klady svojho imp\u00e9ria v turbulentnom obdob\u00ed Malej \u00c1zie na prelome 13. a 14. storo\u010dia. &hellip; <\/p>\n","protected":false},"author":1,"featured_media":1980,"comment_status":"open","ping_status":"open","sticky":false,"template":"","format":"standard","meta":{"_eb_attr":"","_monsterinsights_skip_tracking":false,"_monsterinsights_sitenote_active":false,"_monsterinsights_sitenote_note":"","_monsterinsights_sitenote_category":0,"_jetpack_memberships_contains_paid_content":false,"footnotes":"","jetpack_publicize_message":"","jetpack_publicize_feature_enabled":true,"jetpack_social_post_already_shared":true,"jetpack_social_options":{"image_generator_settings":{"template":"highway","enabled":false},"version":2}},"categories":[12,59,7],"tags":[],"class_list":["post-1969","post","type-post","status-publish","format-standard","has-post-thumbnail","hentry","category-historia","category-osmanska-risa","category-turecko","latest_post"],"yoast_head":"<!-- This site is optimized with the Yoast SEO plugin v27.4 - https:\/\/yoast.com\/product\/yoast-seo-wordpress\/ -->\n<title>Osman G\u00e1zi - zakladate\u013e Osmanskej r\u00ed\u0161e - Istanbul s Mi\u0161kou<\/title>\n<meta name=\"robots\" content=\"index, follow, max-snippet:-1, max-image-preview:large, max-video-preview:-1\" \/>\n<link rel=\"canonical\" href=\"https:\/\/istanbulsmiskou.sk\/?p=1969\" \/>\n<meta property=\"og:locale\" content=\"sk_SK\" \/>\n<meta property=\"og:type\" content=\"article\" \/>\n<meta property=\"og:title\" content=\"Osman G\u00e1zi - zakladate\u013e Osmanskej r\u00ed\u0161e - Istanbul s Mi\u0161kou\" \/>\n<meta property=\"og:description\" content=\"Osmansk\u00e1 r\u00ed\u0161a bola jednou z najv\u00fdznamnej\u0161\u00edch r\u00ed\u0161 v dejin\u00e1ch, zasahuj\u00faca do troch kontinentov a trvaj\u00faca viac ne\u017e 600 rokov. Ako prv\u00fd, na\u00a0jej \u010dele st\u00e1l Osman I. alebo Osman G\u00e1zi, ktor\u00fd polo\u017eil z\u00e1klady svojho imp\u00e9ria v turbulentnom obdob\u00ed Malej \u00c1zie na prelome 13. a 14. storo\u010dia. &hellip;\" \/>\n<meta property=\"og:url\" content=\"https:\/\/istanbulsmiskou.sk\/?p=1969\" \/>\n<meta property=\"og:site_name\" content=\"Istanbul s Mi\u0161kou\" \/>\n<meta property=\"article:published_time\" content=\"2025-01-01T17:56:01+00:00\" \/>\n<meta property=\"article:modified_time\" content=\"2025-01-01T18:22:28+00:00\" \/>\n<meta property=\"og:image\" content=\"https:\/\/i0.wp.com\/istanbulsmiskou.sk\/wp-content\/uploads\/2025\/01\/WhatsApp-Image-2024-12-29-at-13.20.15_fb6668ab.jpg?fit=1024%2C1792&ssl=1\" \/>\n\t<meta property=\"og:image:width\" content=\"1024\" \/>\n\t<meta property=\"og:image:height\" content=\"1792\" \/>\n\t<meta property=\"og:image:type\" content=\"image\/jpeg\" \/>\n<meta name=\"author\" content=\"Istanbul_s_miskou\" \/>\n<meta name=\"twitter:card\" content=\"summary_large_image\" \/>\n<meta name=\"twitter:label1\" content=\"Autor\" \/>\n\t<meta name=\"twitter:data1\" content=\"Istanbul_s_miskou\" \/>\n\t<meta name=\"twitter:label2\" content=\"Predpokladan\u00fd \u010das \u010d\u00edtania\" \/>\n\t<meta name=\"twitter:data2\" content=\"16 min\u00fat\" \/>\n<script type=\"application\/ld+json\" class=\"yoast-schema-graph\">{\"@context\":\"https:\\\/\\\/schema.org\",\"@graph\":[{\"@type\":\"Article\",\"@id\":\"https:\\\/\\\/istanbulsmiskou.sk\\\/?p=1969#article\",\"isPartOf\":{\"@id\":\"https:\\\/\\\/istanbulsmiskou.sk\\\/?p=1969\"},\"author\":{\"name\":\"Istanbul_s_miskou\",\"@id\":\"https:\\\/\\\/istanbulsmiskou.sk\\\/#\\\/schema\\\/person\\\/bc7275970398e2a92dfc4822e6caf7a5\"},\"headline\":\"Osman G\u00e1zi &#8211; zakladate\u013e Osmanskej r\u00ed\u0161e\",\"datePublished\":\"2025-01-01T17:56:01+00:00\",\"dateModified\":\"2025-01-01T18:22:28+00:00\",\"mainEntityOfPage\":{\"@id\":\"https:\\\/\\\/istanbulsmiskou.sk\\\/?p=1969\"},\"wordCount\":2617,\"commentCount\":0,\"publisher\":{\"@id\":\"https:\\\/\\\/istanbulsmiskou.sk\\\/#\\\/schema\\\/person\\\/bc7275970398e2a92dfc4822e6caf7a5\"},\"image\":{\"@id\":\"https:\\\/\\\/istanbulsmiskou.sk\\\/?p=1969#primaryimage\"},\"thumbnailUrl\":\"https:\\\/\\\/i0.wp.com\\\/istanbulsmiskou.sk\\\/wp-content\\\/uploads\\\/2025\\\/01\\\/WhatsApp-Image-2024-12-29-at-13.20.15_fb6668ab.jpg?fit=1024%2C1792&ssl=1\",\"articleSection\":[\"Hist\u00f3ria\",\"Osmansk\u00e1 R\u00ed\u0161a\",\"Turecko\"],\"inLanguage\":\"sk-SK\",\"potentialAction\":[{\"@type\":\"CommentAction\",\"name\":\"Comment\",\"target\":[\"https:\\\/\\\/istanbulsmiskou.sk\\\/?p=1969#respond\"]}]},{\"@type\":\"WebPage\",\"@id\":\"https:\\\/\\\/istanbulsmiskou.sk\\\/?p=1969\",\"url\":\"https:\\\/\\\/istanbulsmiskou.sk\\\/?p=1969\",\"name\":\"Osman G\u00e1zi - zakladate\u013e Osmanskej r\u00ed\u0161e - Istanbul s Mi\u0161kou\",\"isPartOf\":{\"@id\":\"https:\\\/\\\/istanbulsmiskou.sk\\\/#website\"},\"primaryImageOfPage\":{\"@id\":\"https:\\\/\\\/istanbulsmiskou.sk\\\/?p=1969#primaryimage\"},\"image\":{\"@id\":\"https:\\\/\\\/istanbulsmiskou.sk\\\/?p=1969#primaryimage\"},\"thumbnailUrl\":\"https:\\\/\\\/i0.wp.com\\\/istanbulsmiskou.sk\\\/wp-content\\\/uploads\\\/2025\\\/01\\\/WhatsApp-Image-2024-12-29-at-13.20.15_fb6668ab.jpg?fit=1024%2C1792&ssl=1\",\"datePublished\":\"2025-01-01T17:56:01+00:00\",\"dateModified\":\"2025-01-01T18:22:28+00:00\",\"breadcrumb\":{\"@id\":\"https:\\\/\\\/istanbulsmiskou.sk\\\/?p=1969#breadcrumb\"},\"inLanguage\":\"sk-SK\",\"potentialAction\":[{\"@type\":\"ReadAction\",\"target\":[\"https:\\\/\\\/istanbulsmiskou.sk\\\/?p=1969\"]}]},{\"@type\":\"ImageObject\",\"inLanguage\":\"sk-SK\",\"@id\":\"https:\\\/\\\/istanbulsmiskou.sk\\\/?p=1969#primaryimage\",\"url\":\"https:\\\/\\\/i0.wp.com\\\/istanbulsmiskou.sk\\\/wp-content\\\/uploads\\\/2025\\\/01\\\/WhatsApp-Image-2024-12-29-at-13.20.15_fb6668ab.jpg?fit=1024%2C1792&ssl=1\",\"contentUrl\":\"https:\\\/\\\/i0.wp.com\\\/istanbulsmiskou.sk\\\/wp-content\\\/uploads\\\/2025\\\/01\\\/WhatsApp-Image-2024-12-29-at-13.20.15_fb6668ab.jpg?fit=1024%2C1792&ssl=1\",\"width\":1024,\"height\":1792},{\"@type\":\"BreadcrumbList\",\"@id\":\"https:\\\/\\\/istanbulsmiskou.sk\\\/?p=1969#breadcrumb\",\"itemListElement\":[{\"@type\":\"ListItem\",\"position\":1,\"name\":\"Domov\",\"item\":\"https:\\\/\\\/istanbulsmiskou.sk\\\/\"},{\"@type\":\"ListItem\",\"position\":2,\"name\":\"Osman G\u00e1zi &#8211; zakladate\u013e Osmanskej r\u00ed\u0161e\"}]},{\"@type\":\"WebSite\",\"@id\":\"https:\\\/\\\/istanbulsmiskou.sk\\\/#website\",\"url\":\"https:\\\/\\\/istanbulsmiskou.sk\\\/\",\"name\":\"Istanbul s Mi\u0161kou\",\"description\":\"Istanbul ako ho (ne)pozn\u00e1te\",\"publisher\":{\"@id\":\"https:\\\/\\\/istanbulsmiskou.sk\\\/#\\\/schema\\\/person\\\/bc7275970398e2a92dfc4822e6caf7a5\"},\"potentialAction\":[{\"@type\":\"SearchAction\",\"target\":{\"@type\":\"EntryPoint\",\"urlTemplate\":\"https:\\\/\\\/istanbulsmiskou.sk\\\/?s={search_term_string}\"},\"query-input\":{\"@type\":\"PropertyValueSpecification\",\"valueRequired\":true,\"valueName\":\"search_term_string\"}}],\"inLanguage\":\"sk-SK\"},{\"@type\":[\"Person\",\"Organization\"],\"@id\":\"https:\\\/\\\/istanbulsmiskou.sk\\\/#\\\/schema\\\/person\\\/bc7275970398e2a92dfc4822e6caf7a5\",\"name\":\"Istanbul_s_miskou\",\"image\":{\"@type\":\"ImageObject\",\"inLanguage\":\"sk-SK\",\"@id\":\"https:\\\/\\\/istanbulsmiskou.sk\\\/wp-content\\\/uploads\\\/2024\\\/12\\\/Handdrawn-Circle-Logo-1-1024x1024.png\",\"url\":\"https:\\\/\\\/istanbulsmiskou.sk\\\/wp-content\\\/uploads\\\/2024\\\/12\\\/Handdrawn-Circle-Logo-1-1024x1024.png\",\"contentUrl\":\"https:\\\/\\\/istanbulsmiskou.sk\\\/wp-content\\\/uploads\\\/2024\\\/12\\\/Handdrawn-Circle-Logo-1-1024x1024.png\",\"width\":1024,\"height\":1024,\"caption\":\"Istanbul_s_miskou\"},\"logo\":{\"@id\":\"https:\\\/\\\/istanbulsmiskou.sk\\\/wp-content\\\/uploads\\\/2024\\\/12\\\/Handdrawn-Circle-Logo-1-1024x1024.png\"},\"sameAs\":[\"http:\\\/\\\/istanbulsmiskou.sk\"],\"url\":\"https:\\\/\\\/istanbulsmiskou.sk\\\/?author=1\"}]}<\/script>\n<!-- \/ Yoast SEO plugin. -->","yoast_head_json":{"title":"Osman G\u00e1zi - zakladate\u013e Osmanskej r\u00ed\u0161e - Istanbul s Mi\u0161kou","robots":{"index":"index","follow":"follow","max-snippet":"max-snippet:-1","max-image-preview":"max-image-preview:large","max-video-preview":"max-video-preview:-1"},"canonical":"https:\/\/istanbulsmiskou.sk\/?p=1969","og_locale":"sk_SK","og_type":"article","og_title":"Osman G\u00e1zi - zakladate\u013e Osmanskej r\u00ed\u0161e - Istanbul s Mi\u0161kou","og_description":"Osmansk\u00e1 r\u00ed\u0161a bola jednou z najv\u00fdznamnej\u0161\u00edch r\u00ed\u0161 v dejin\u00e1ch, zasahuj\u00faca do troch kontinentov a trvaj\u00faca viac ne\u017e 600 rokov. Ako prv\u00fd, na\u00a0jej \u010dele st\u00e1l Osman I. alebo Osman G\u00e1zi, ktor\u00fd polo\u017eil z\u00e1klady svojho imp\u00e9ria v turbulentnom obdob\u00ed Malej \u00c1zie na prelome 13. a 14. storo\u010dia. &hellip;","og_url":"https:\/\/istanbulsmiskou.sk\/?p=1969","og_site_name":"Istanbul s Mi\u0161kou","article_published_time":"2025-01-01T17:56:01+00:00","article_modified_time":"2025-01-01T18:22:28+00:00","og_image":[{"width":1024,"height":1792,"url":"https:\/\/i0.wp.com\/istanbulsmiskou.sk\/wp-content\/uploads\/2025\/01\/WhatsApp-Image-2024-12-29-at-13.20.15_fb6668ab.jpg?fit=1024%2C1792&ssl=1","type":"image\/jpeg"}],"author":"Istanbul_s_miskou","twitter_card":"summary_large_image","twitter_misc":{"Autor":"Istanbul_s_miskou","Predpokladan\u00fd \u010das \u010d\u00edtania":"16 min\u00fat"},"schema":{"@context":"https:\/\/schema.org","@graph":[{"@type":"Article","@id":"https:\/\/istanbulsmiskou.sk\/?p=1969#article","isPartOf":{"@id":"https:\/\/istanbulsmiskou.sk\/?p=1969"},"author":{"name":"Istanbul_s_miskou","@id":"https:\/\/istanbulsmiskou.sk\/#\/schema\/person\/bc7275970398e2a92dfc4822e6caf7a5"},"headline":"Osman G\u00e1zi &#8211; zakladate\u013e Osmanskej r\u00ed\u0161e","datePublished":"2025-01-01T17:56:01+00:00","dateModified":"2025-01-01T18:22:28+00:00","mainEntityOfPage":{"@id":"https:\/\/istanbulsmiskou.sk\/?p=1969"},"wordCount":2617,"commentCount":0,"publisher":{"@id":"https:\/\/istanbulsmiskou.sk\/#\/schema\/person\/bc7275970398e2a92dfc4822e6caf7a5"},"image":{"@id":"https:\/\/istanbulsmiskou.sk\/?p=1969#primaryimage"},"thumbnailUrl":"https:\/\/i0.wp.com\/istanbulsmiskou.sk\/wp-content\/uploads\/2025\/01\/WhatsApp-Image-2024-12-29-at-13.20.15_fb6668ab.jpg?fit=1024%2C1792&ssl=1","articleSection":["Hist\u00f3ria","Osmansk\u00e1 R\u00ed\u0161a","Turecko"],"inLanguage":"sk-SK","potentialAction":[{"@type":"CommentAction","name":"Comment","target":["https:\/\/istanbulsmiskou.sk\/?p=1969#respond"]}]},{"@type":"WebPage","@id":"https:\/\/istanbulsmiskou.sk\/?p=1969","url":"https:\/\/istanbulsmiskou.sk\/?p=1969","name":"Osman G\u00e1zi - zakladate\u013e Osmanskej r\u00ed\u0161e - Istanbul s Mi\u0161kou","isPartOf":{"@id":"https:\/\/istanbulsmiskou.sk\/#website"},"primaryImageOfPage":{"@id":"https:\/\/istanbulsmiskou.sk\/?p=1969#primaryimage"},"image":{"@id":"https:\/\/istanbulsmiskou.sk\/?p=1969#primaryimage"},"thumbnailUrl":"https:\/\/i0.wp.com\/istanbulsmiskou.sk\/wp-content\/uploads\/2025\/01\/WhatsApp-Image-2024-12-29-at-13.20.15_fb6668ab.jpg?fit=1024%2C1792&ssl=1","datePublished":"2025-01-01T17:56:01+00:00","dateModified":"2025-01-01T18:22:28+00:00","breadcrumb":{"@id":"https:\/\/istanbulsmiskou.sk\/?p=1969#breadcrumb"},"inLanguage":"sk-SK","potentialAction":[{"@type":"ReadAction","target":["https:\/\/istanbulsmiskou.sk\/?p=1969"]}]},{"@type":"ImageObject","inLanguage":"sk-SK","@id":"https:\/\/istanbulsmiskou.sk\/?p=1969#primaryimage","url":"https:\/\/i0.wp.com\/istanbulsmiskou.sk\/wp-content\/uploads\/2025\/01\/WhatsApp-Image-2024-12-29-at-13.20.15_fb6668ab.jpg?fit=1024%2C1792&ssl=1","contentUrl":"https:\/\/i0.wp.com\/istanbulsmiskou.sk\/wp-content\/uploads\/2025\/01\/WhatsApp-Image-2024-12-29-at-13.20.15_fb6668ab.jpg?fit=1024%2C1792&ssl=1","width":1024,"height":1792},{"@type":"BreadcrumbList","@id":"https:\/\/istanbulsmiskou.sk\/?p=1969#breadcrumb","itemListElement":[{"@type":"ListItem","position":1,"name":"Domov","item":"https:\/\/istanbulsmiskou.sk\/"},{"@type":"ListItem","position":2,"name":"Osman G\u00e1zi &#8211; zakladate\u013e Osmanskej r\u00ed\u0161e"}]},{"@type":"WebSite","@id":"https:\/\/istanbulsmiskou.sk\/#website","url":"https:\/\/istanbulsmiskou.sk\/","name":"Istanbul s Mi\u0161kou","description":"Istanbul ako ho (ne)pozn\u00e1te","publisher":{"@id":"https:\/\/istanbulsmiskou.sk\/#\/schema\/person\/bc7275970398e2a92dfc4822e6caf7a5"},"potentialAction":[{"@type":"SearchAction","target":{"@type":"EntryPoint","urlTemplate":"https:\/\/istanbulsmiskou.sk\/?s={search_term_string}"},"query-input":{"@type":"PropertyValueSpecification","valueRequired":true,"valueName":"search_term_string"}}],"inLanguage":"sk-SK"},{"@type":["Person","Organization"],"@id":"https:\/\/istanbulsmiskou.sk\/#\/schema\/person\/bc7275970398e2a92dfc4822e6caf7a5","name":"Istanbul_s_miskou","image":{"@type":"ImageObject","inLanguage":"sk-SK","@id":"https:\/\/istanbulsmiskou.sk\/wp-content\/uploads\/2024\/12\/Handdrawn-Circle-Logo-1-1024x1024.png","url":"https:\/\/istanbulsmiskou.sk\/wp-content\/uploads\/2024\/12\/Handdrawn-Circle-Logo-1-1024x1024.png","contentUrl":"https:\/\/istanbulsmiskou.sk\/wp-content\/uploads\/2024\/12\/Handdrawn-Circle-Logo-1-1024x1024.png","width":1024,"height":1024,"caption":"Istanbul_s_miskou"},"logo":{"@id":"https:\/\/istanbulsmiskou.sk\/wp-content\/uploads\/2024\/12\/Handdrawn-Circle-Logo-1-1024x1024.png"},"sameAs":["http:\/\/istanbulsmiskou.sk"],"url":"https:\/\/istanbulsmiskou.sk\/?author=1"}]}},"jetpack_publicize_connections":[],"jetpack_featured_media_url":"https:\/\/i0.wp.com\/istanbulsmiskou.sk\/wp-content\/uploads\/2025\/01\/WhatsApp-Image-2024-12-29-at-13.20.15_fb6668ab.jpg?fit=1024%2C1792&ssl=1","jetpack_sharing_enabled":true,"_links":{"self":[{"href":"https:\/\/istanbulsmiskou.sk\/index.php?rest_route=\/wp\/v2\/posts\/1969","targetHints":{"allow":["GET"]}}],"collection":[{"href":"https:\/\/istanbulsmiskou.sk\/index.php?rest_route=\/wp\/v2\/posts"}],"about":[{"href":"https:\/\/istanbulsmiskou.sk\/index.php?rest_route=\/wp\/v2\/types\/post"}],"author":[{"embeddable":true,"href":"https:\/\/istanbulsmiskou.sk\/index.php?rest_route=\/wp\/v2\/users\/1"}],"replies":[{"embeddable":true,"href":"https:\/\/istanbulsmiskou.sk\/index.php?rest_route=%2Fwp%2Fv2%2Fcomments&post=1969"}],"version-history":[{"count":17,"href":"https:\/\/istanbulsmiskou.sk\/index.php?rest_route=\/wp\/v2\/posts\/1969\/revisions"}],"predecessor-version":[{"id":2003,"href":"https:\/\/istanbulsmiskou.sk\/index.php?rest_route=\/wp\/v2\/posts\/1969\/revisions\/2003"}],"wp:featuredmedia":[{"embeddable":true,"href":"https:\/\/istanbulsmiskou.sk\/index.php?rest_route=\/wp\/v2\/media\/1980"}],"wp:attachment":[{"href":"https:\/\/istanbulsmiskou.sk\/index.php?rest_route=%2Fwp%2Fv2%2Fmedia&parent=1969"}],"wp:term":[{"taxonomy":"category","embeddable":true,"href":"https:\/\/istanbulsmiskou.sk\/index.php?rest_route=%2Fwp%2Fv2%2Fcategories&post=1969"},{"taxonomy":"post_tag","embeddable":true,"href":"https:\/\/istanbulsmiskou.sk\/index.php?rest_route=%2Fwp%2Fv2%2Ftags&post=1969"}],"curies":[{"name":"wp","href":"https:\/\/api.w.org\/{rel}","templated":true}]}}