{"id":404,"date":"2023-05-26T15:29:00","date_gmt":"2023-05-26T13:29:00","guid":{"rendered":"https:\/\/istanbulsmiskou.sk\/?p=404"},"modified":"2024-11-11T16:08:50","modified_gmt":"2024-11-11T15:08:50","slug":"galata-veza-istanbulska-panorama-na-dlani","status":"publish","type":"post","link":"https:\/\/istanbulsmiskou.sk\/?p=404","title":{"rendered":"Galata Ve\u017ea &#8211; Istanbulsk\u00e1 panor\u00e1ma na dlani"},"content":{"rendered":"\t\t<div data-elementor-type=\"wp-post\" data-elementor-id=\"404\" class=\"elementor elementor-404\">\n\t\t\t\t\t\t<section class=\"elementor-section elementor-top-section elementor-element elementor-element-3bbd8fe elementor-section-boxed elementor-section-height-default elementor-section-height-default\" data-id=\"3bbd8fe\" data-element_type=\"section\" data-e-type=\"section\">\n\t\t\t\t\t\t<div class=\"elementor-container elementor-column-gap-default\">\n\t\t\t\t\t<div class=\"elementor-column elementor-col-100 elementor-top-column elementor-element elementor-element-e7be6e4\" data-id=\"e7be6e4\" data-element_type=\"column\" data-e-type=\"column\">\n\t\t\t<div class=\"elementor-widget-wrap elementor-element-populated\">\n\t\t\t\t\t\t<div class=\"elementor-element elementor-element-f681733 elementor-widget elementor-widget-text-editor\" data-id=\"f681733\" data-element_type=\"widget\" data-e-type=\"widget\" data-widget_type=\"text-editor.default\">\n\t\t\t\t<div class=\"elementor-widget-container\">\n\t\t\t\t\t\t\t\t\t<p>V centre Istanbulskej panor\u00e1my sa t\u00fd\u010di impozantn\u00e1 stavba, ktor\u00e1 je \u00fazko sp\u00e4t\u00e1 s hist\u00f3riou a bohat\u00fdm kult\u00farnym dedi\u010dstvom mesta. <b>Galata ve\u017ea<\/b>, ikonick\u00e1 ve\u017ea, ktor\u00e1 stoj\u00ed na brehu Zlat\u00e9ho rohu, je jedn\u00fdm z najzn\u00e1mej\u0161\u00edch symbolov Istanbulu. Svoj\u00edm majest\u00e1tnym vzh\u013eadom, prepojen\u00edm minulosti a s\u00fa\u010dasnosti a n\u00e1dhern\u00fdm v\u00fdh\u013eadom pon\u00faka n\u00e1v\u0161tevn\u00edkom fascinuj\u00faci poh\u013ead na hist\u00f3riu Istanbulskej metropoly.<\/p><p><span style=\"font-weight: bold;\">Vstup na Galata ve\u017eu je 30<\/span><b>\u20ac<\/b><span style=\"font-weight: bold;\">.<\/span><\/p>\t\t\t\t\t\t\t\t<\/div>\n\t\t\t\t<\/div>\n\t\t\t\t\t<\/div>\n\t\t<\/div>\n\t\t\t\t\t<\/div>\n\t\t<\/section>\n\t\t\t\t<section class=\"elementor-section elementor-top-section elementor-element elementor-element-33fe770 elementor-section-boxed elementor-section-height-default elementor-section-height-default\" data-id=\"33fe770\" data-element_type=\"section\" data-e-type=\"section\">\n\t\t\t\t\t\t<div class=\"elementor-container elementor-column-gap-default\">\n\t\t\t\t\t<div class=\"elementor-column elementor-col-100 elementor-top-column elementor-element elementor-element-6a8b44a\" data-id=\"6a8b44a\" data-element_type=\"column\" data-e-type=\"column\">\n\t\t\t<div class=\"elementor-widget-wrap elementor-element-populated\">\n\t\t\t\t\t\t<div class=\"elementor-element elementor-element-2c33489 elementor-widget elementor-widget-video\" data-id=\"2c33489\" data-element_type=\"widget\" data-e-type=\"widget\" data-settings=\"{&quot;video_type&quot;:&quot;hosted&quot;,&quot;autoplay&quot;:&quot;yes&quot;,&quot;play_on_mobile&quot;:&quot;yes&quot;,&quot;mute&quot;:&quot;yes&quot;,&quot;controls&quot;:&quot;yes&quot;}\" data-widget_type=\"video.default\">\n\t\t\t\t<div class=\"elementor-widget-container\">\n\t\t\t\t\t\t\t<div class=\"e-hosted-video elementor-wrapper elementor-open-inline\">\n\t\t\t\t\t<video class=\"elementor-video\" src=\"http:\/\/istanbulsmiskou.sk\/wp-content\/uploads\/2023\/05\/WhatsApp-Video-2023-05-26-at-16.29.45.mp4\" autoplay=\"\" controls=\"\" muted=\"muted\" playsinline=\"\" controlsList=\"nodownload\"><\/video>\n\t\t\t\t<\/div>\n\t\t\t\t\t\t<\/div>\n\t\t\t\t<\/div>\n\t\t\t\t\t<\/div>\n\t\t<\/div>\n\t\t\t\t\t<\/div>\n\t\t<\/section>\n\t\t\t\t<section class=\"elementor-section elementor-top-section elementor-element elementor-element-3c87e54 elementor-section-boxed elementor-section-height-default elementor-section-height-default\" data-id=\"3c87e54\" data-element_type=\"section\" data-e-type=\"section\">\n\t\t\t\t\t\t<div class=\"elementor-container elementor-column-gap-default\">\n\t\t\t\t\t<div class=\"elementor-column elementor-col-100 elementor-top-column elementor-element elementor-element-7d5cab5\" data-id=\"7d5cab5\" data-element_type=\"column\" data-e-type=\"column\">\n\t\t\t<div class=\"elementor-widget-wrap elementor-element-populated\">\n\t\t\t\t\t\t<div class=\"elementor-element elementor-element-beee24b elementor-widget elementor-widget-heading\" data-id=\"beee24b\" data-element_type=\"widget\" data-e-type=\"widget\" data-widget_type=\"heading.default\">\n\t\t\t\t<div class=\"elementor-widget-container\">\n\t\t\t\t\t<div id=\"ez-toc-container\" class=\"ez-toc-v2_0_82_2 ez-toc-wrap-left-text counter-hierarchy ez-toc-counter ez-toc-custom ez-toc-container-direction\">\n<div class=\"ez-toc-title-container\">\n<p class=\"ez-toc-title\" style=\"cursor:inherit\">Obsah \u010dl\u00e1nku<\/p>\n<span class=\"ez-toc-title-toggle\"><a href=\"#\" class=\"ez-toc-pull-right ez-toc-btn ez-toc-btn-xs ez-toc-btn-default ez-toc-toggle\" aria-label=\"Toggle Table of Content\"><span class=\"ez-toc-js-icon-con\"><span class=\"\"><span class=\"eztoc-hide\" style=\"display:none;\">Toggle<\/span><span class=\"ez-toc-icon-toggle-span\"><svg style=\"fill: #000000;color:#000000\" xmlns=\"http:\/\/www.w3.org\/2000\/svg\" class=\"list-377408\" width=\"20px\" height=\"20px\" viewBox=\"0 0 24 24\" fill=\"none\"><path d=\"M6 6H4v2h2V6zm14 0H8v2h12V6zM4 11h2v2H4v-2zm16 0H8v2h12v-2zM4 16h2v2H4v-2zm16 0H8v2h12v-2z\" fill=\"currentColor\"><\/path><\/svg><svg style=\"fill: #000000;color:#000000\" class=\"arrow-unsorted-368013\" xmlns=\"http:\/\/www.w3.org\/2000\/svg\" width=\"10px\" height=\"10px\" viewBox=\"0 0 24 24\" version=\"1.2\" baseProfile=\"tiny\"><path d=\"M18.2 9.3l-6.2-6.3-6.2 6.3c-.2.2-.3.4-.3.7s.1.5.3.7c.2.2.4.3.7.3h11c.3 0 .5-.1.7-.3.2-.2.3-.5.3-.7s-.1-.5-.3-.7zM5.8 14.7l6.2 6.3 6.2-6.3c.2-.2.3-.5.3-.7s-.1-.5-.3-.7c-.2-.2-.4-.3-.7-.3h-11c-.3 0-.5.1-.7.3-.2.2-.3.5-.3.7s.1.5.3.7z\"\/><\/svg><\/span><\/span><\/span><\/a><\/span><\/div>\n<nav><ul class='ez-toc-list ez-toc-list-level-1 ' ><li class='ez-toc-page-1 ez-toc-heading-level-3'><a class=\"ez-toc-link ez-toc-heading-1\" href=\"https:\/\/istanbulsmiskou.sk\/?p=404\/#Historia\" >Hist\u00f3ria<\/a><\/li><li class='ez-toc-page-1 ez-toc-heading-level-3'><a class=\"ez-toc-link ez-toc-heading-2\" href=\"https:\/\/istanbulsmiskou.sk\/?p=404\/#Galata_veza_a_prvy_let\" >Galata ve\u017ea a prv\u00fd let<\/a><\/li><li class='ez-toc-page-1 ez-toc-heading-level-3'><a class=\"ez-toc-link ez-toc-heading-3\" href=\"https:\/\/istanbulsmiskou.sk\/?p=404\/#Ako_sa_ku_Galata_vezi_dostanem\" >Ako sa ku Galata ve\u017ei dostanem?<\/a><\/li><\/ul><\/nav><\/div>\n<h3 class=\"elementor-heading-title elementor-size-default\"><span class=\"ez-toc-section\" id=\"Historia\"><\/span>Hist\u00f3ria<span class=\"ez-toc-section-end\"><\/span><\/h3>\t\t\t\t<\/div>\n\t\t\t\t<\/div>\n\t\t\t\t\t<\/div>\n\t\t<\/div>\n\t\t\t\t\t<\/div>\n\t\t<\/section>\n\t\t\t\t<section class=\"elementor-section elementor-top-section elementor-element elementor-element-785cf01 elementor-section-boxed elementor-section-height-default elementor-section-height-default\" data-id=\"785cf01\" data-element_type=\"section\" data-e-type=\"section\">\n\t\t\t\t\t\t<div class=\"elementor-container elementor-column-gap-default\">\n\t\t\t\t\t<div class=\"elementor-column elementor-col-100 elementor-top-column elementor-element elementor-element-fd41baa\" data-id=\"fd41baa\" data-element_type=\"column\" data-e-type=\"column\">\n\t\t\t<div class=\"elementor-widget-wrap elementor-element-populated\">\n\t\t\t\t\t\t<div class=\"elementor-element elementor-element-148c06a elementor-widget elementor-widget-text-editor\" data-id=\"148c06a\" data-element_type=\"widget\" data-e-type=\"widget\" data-widget_type=\"text-editor.default\">\n\t\t\t\t<div class=\"elementor-widget-container\">\n\t\t\t\t\t\t\t\t\t<p><b>Prv\u00e1 zmienka<\/b> o \u0161tvrti v ktorej sa nach\u00e1dza s\u00fa\u010dasn\u00e1 ve\u017ea je z <b>neskor\u00e9ho staroveku<\/b>, kedy sa miesto naz\u00fdvalo <b>Sycae<\/b>. Okolo roku <b>425<\/b> tu bolo \u00fadajne verejn\u00e9 f\u00f3rum postaven\u00e9 cis\u00e1rom Honoriom, divadlo a 435 obydl\u00ed. Pravdepodobne u\u017e v piatom storo\u010d\u00ed bola \u0161tvr\u0165 obohnan\u00e1 hradbami. Od cis\u00e1ra Justini\u00e1na I. dostala \u0161tvr\u0165 pln\u00e9 mestsk\u00e9 pr\u00e1va, premenovala sa na Iustinianopolis, ale nesk\u00f4r upadala a v 7. storo\u010d\u00ed bola \u0161tvr\u0165 u\u017e zrejme opusten\u00e1. Zostala tu iba <b>star\u00e1 Galata ve\u017ea<\/b>, kde bol <b>upevnen\u00fd jeden z koncov re\u0165aze ur\u010denej na obranu Zlat\u00e9ho rohu <\/b><i>(\u010das\u0165<b>\u00a0<\/b>tejto\u00a0re\u0165aze je st\u00e1le mo\u017en\u00e9 vo ve\u017ei vidie\u0165)<\/i>.<b>\u00a0<\/b>Nesk\u00f4r sa tu us\u00eddlila \u017eidovsk\u00e1 komunita a v roku <b>1203<\/b> bola po\u010das <b>\u0161tvrtej kri\u017eiackej v\u00fdpravy<\/b> \u0161tvr\u0165 <b>zni\u010den\u00e1<\/b> a aj <b>star\u00e1 Galata ve\u017ea.<\/b><\/p>\t\t\t\t\t\t\t\t<\/div>\n\t\t\t\t<\/div>\n\t\t\t\t\t<\/div>\n\t\t<\/div>\n\t\t\t\t\t<\/div>\n\t\t<\/section>\n\t\t\t\t<section class=\"elementor-section elementor-top-section elementor-element elementor-element-bfa5bc6 elementor-section-boxed elementor-section-height-default elementor-section-height-default\" data-id=\"bfa5bc6\" data-element_type=\"section\" data-e-type=\"section\">\n\t\t\t\t\t\t<div class=\"elementor-container elementor-column-gap-default\">\n\t\t\t\t\t<div class=\"elementor-column elementor-col-100 elementor-top-column elementor-element elementor-element-b7af409\" data-id=\"b7af409\" data-element_type=\"column\" data-e-type=\"column\">\n\t\t\t<div class=\"elementor-widget-wrap elementor-element-populated\">\n\t\t\t\t\t\t<div class=\"elementor-element elementor-element-349d334 elementor-widget elementor-widget-image\" data-id=\"349d334\" data-element_type=\"widget\" data-e-type=\"widget\" data-widget_type=\"image.default\">\n\t\t\t\t<div class=\"elementor-widget-container\">\n\t\t\t\t\t\t\t\t\t\t\t\t<figure class=\"wp-caption\">\n\t\t\t\t\t\t\t\t\t\t<img fetchpriority=\"high\" decoding=\"async\" width=\"790\" height=\"455\" src=\"https:\/\/i0.wp.com\/istanbulsmiskou.sk\/wp-content\/uploads\/2023\/05\/Stara-Galata-Kulesi.jpg?fit=790%2C455&amp;ssl=1\" class=\"attachment-large size-large wp-image-409\" alt=\"\" srcset=\"https:\/\/i0.wp.com\/istanbulsmiskou.sk\/wp-content\/uploads\/2023\/05\/Stara-Galata-Kulesi.jpg?w=900&amp;ssl=1 900w, https:\/\/i0.wp.com\/istanbulsmiskou.sk\/wp-content\/uploads\/2023\/05\/Stara-Galata-Kulesi.jpg?resize=300%2C173&amp;ssl=1 300w, https:\/\/i0.wp.com\/istanbulsmiskou.sk\/wp-content\/uploads\/2023\/05\/Stara-Galata-Kulesi.jpg?resize=768%2C442&amp;ssl=1 768w, https:\/\/i0.wp.com\/istanbulsmiskou.sk\/wp-content\/uploads\/2023\/05\/Stara-Galata-Kulesi.jpg?resize=330%2C190&amp;ssl=1 330w, https:\/\/i0.wp.com\/istanbulsmiskou.sk\/wp-content\/uploads\/2023\/05\/Stara-Galata-Kulesi.jpg?resize=104%2C60&amp;ssl=1 104w\" sizes=\"(max-width: 790px) 100vw, 790px\" \/>\t\t\t\t\t\t\t\t\t\t\t<figcaption class=\"widget-image-caption wp-caption-text\">Poh\u013ead na Istanbul a Zlat\u00fd roh, Carlo Bossoli, 1845.<\/figcaption>\n\t\t\t\t\t\t\t\t\t\t<\/figure>\n\t\t\t\t\t\t\t\t\t<\/div>\n\t\t\t\t<\/div>\n\t\t\t\t\t<\/div>\n\t\t<\/div>\n\t\t\t\t\t<\/div>\n\t\t<\/section>\n\t\t\t\t<section class=\"elementor-section elementor-top-section elementor-element elementor-element-fb2c94e elementor-section-boxed elementor-section-height-default elementor-section-height-default\" data-id=\"fb2c94e\" data-element_type=\"section\" data-e-type=\"section\">\n\t\t\t\t\t\t<div class=\"elementor-container elementor-column-gap-default\">\n\t\t\t\t\t<div class=\"elementor-column elementor-col-100 elementor-top-column elementor-element elementor-element-59b2d3b\" data-id=\"59b2d3b\" data-element_type=\"column\" data-e-type=\"column\">\n\t\t\t<div class=\"elementor-widget-wrap elementor-element-populated\">\n\t\t\t\t\t\t<div class=\"elementor-element elementor-element-f02355c elementor-widget elementor-widget-text-editor\" data-id=\"f02355c\" data-element_type=\"widget\" data-e-type=\"widget\" data-widget_type=\"text-editor.default\">\n\t\t\t\t<div class=\"elementor-widget-container\">\n\t\t\t\t\t\t\t\t\t<p>V roku <b>1267 bola v \u010dasti Galata <\/b>v Kon\u0161tant\u00ednopole zalo\u017een\u00e1 <b>janovsk\u00e1 kol\u00f3nia<\/b>. Kol\u00f3nia bola obohnan\u00e1 hradbami a <b>Galata ve\u017ea bola prv\u00fdkr\u00e1t postaven\u00e1 na ich najvy\u0161\u0161om mieste ako Christea Turris<\/b> (Kristova ve\u017ea) v rom\u00e1nskom \u0161t\u00fdle <b>v roku 1348<\/b> po\u010das roz\u0161irovania kol\u00f3nie. V tom \u010dase bola Galatsk\u00e1 ve\u017ea s v\u00fd\u0161kou <b>66,9 m najvy\u0161\u0161ou budovou v meste.<\/b><\/p>\t\t\t\t\t\t\t\t<\/div>\n\t\t\t\t<\/div>\n\t\t\t\t\t<\/div>\n\t\t<\/div>\n\t\t\t\t\t<\/div>\n\t\t<\/section>\n\t\t\t\t<section class=\"elementor-section elementor-top-section elementor-element elementor-element-e795c27 elementor-section-boxed elementor-section-height-default elementor-section-height-default\" data-id=\"e795c27\" data-element_type=\"section\" data-e-type=\"section\">\n\t\t\t\t\t\t<div class=\"elementor-container elementor-column-gap-default\">\n\t\t\t\t\t<div class=\"elementor-column elementor-col-100 elementor-top-column elementor-element elementor-element-eb35b5b\" data-id=\"eb35b5b\" data-element_type=\"column\" data-e-type=\"column\">\n\t\t\t<div class=\"elementor-widget-wrap elementor-element-populated\">\n\t\t\t\t\t\t<div class=\"elementor-element elementor-element-b6edeed elementor-widget elementor-widget-image\" data-id=\"b6edeed\" data-element_type=\"widget\" data-e-type=\"widget\" data-widget_type=\"image.default\">\n\t\t\t\t<div class=\"elementor-widget-container\">\n\t\t\t\t\t\t\t\t\t\t\t\t<figure class=\"wp-caption\">\n\t\t\t\t\t\t\t\t\t\t<img decoding=\"async\" width=\"768\" height=\"1139\" src=\"https:\/\/i0.wp.com\/istanbulsmiskou.sk\/wp-content\/uploads\/2023\/05\/Galata.jpg?fit=768%2C1139&amp;ssl=1\" class=\"attachment-medium_large size-medium_large wp-image-410\" alt=\"\" srcset=\"https:\/\/i0.wp.com\/istanbulsmiskou.sk\/wp-content\/uploads\/2023\/05\/Galata.jpg?w=800&amp;ssl=1 800w, https:\/\/i0.wp.com\/istanbulsmiskou.sk\/wp-content\/uploads\/2023\/05\/Galata.jpg?resize=202%2C300&amp;ssl=1 202w, https:\/\/i0.wp.com\/istanbulsmiskou.sk\/wp-content\/uploads\/2023\/05\/Galata.jpg?resize=691%2C1024&amp;ssl=1 691w, https:\/\/i0.wp.com\/istanbulsmiskou.sk\/wp-content\/uploads\/2023\/05\/Galata.jpg?resize=768%2C1139&amp;ssl=1 768w, https:\/\/i0.wp.com\/istanbulsmiskou.sk\/wp-content\/uploads\/2023\/05\/Galata.jpg?resize=40%2C60&amp;ssl=1 40w\" sizes=\"(max-width: 768px) 100vw, 768px\" \/>\t\t\t\t\t\t\t\t\t\t\t<figcaption class=\"widget-image-caption wp-caption-text\">Galatsk\u00e1 ve\u017ea sa nach\u00e1dza v hornej \u010dasti mestsk\u00fdch hradieb v \u010dasti ozna\u010denej ako Pera (Liber Insularum Archipelagi od Cristofora Buondelmontiho, mapa datovan\u00e1 do obdobia okolo 20. a 30. rokov 14. storo\u010dia, Biblioteca Marciana)<\/figcaption>\n\t\t\t\t\t\t\t\t\t\t<\/figure>\n\t\t\t\t\t\t\t\t\t<\/div>\n\t\t\t\t<\/div>\n\t\t\t\t\t<\/div>\n\t\t<\/div>\n\t\t\t\t\t<\/div>\n\t\t<\/section>\n\t\t\t\t<section class=\"elementor-section elementor-top-section elementor-element elementor-element-8c43331 elementor-section-boxed elementor-section-height-default elementor-section-height-default\" data-id=\"8c43331\" data-element_type=\"section\" data-e-type=\"section\">\n\t\t\t\t\t\t<div class=\"elementor-container elementor-column-gap-default\">\n\t\t\t\t\t<div class=\"elementor-column elementor-col-100 elementor-top-column elementor-element elementor-element-4074455\" data-id=\"4074455\" data-element_type=\"column\" data-e-type=\"column\">\n\t\t\t<div class=\"elementor-widget-wrap elementor-element-populated\">\n\t\t\t\t\t\t<div class=\"elementor-element elementor-element-904676c elementor-widget elementor-widget-text-editor\" data-id=\"904676c\" data-element_type=\"widget\" data-e-type=\"widget\" data-widget_type=\"text-editor.default\">\n\t\t\t\t<div class=\"elementor-widget-container\">\n\t\t\t\t\t\t\t\t\t<p>P\u00f4vodn\u00fd vzh\u013ead ve\u017ee sa v\u0161ak od doby v\u00fdrazne zmenil. Po\u010das svojej existencie pre\u0161la viacer\u00fdmi rekon\u0161trukciami a \u00fapravami. V roku <b>1446<\/b> bola po\u010das zemetrasenia <b>v\u00e1\u017ene po\u0161koden\u00e1<\/b>, no nesk\u00f4r bola obnovovan\u00e1 a zosilnen\u00e1, aby odolala \u010fal\u0161\u00edm zemetraseniam. V <b>17. storo\u010d\u00ed<\/b> bola vyu\u017e\u00edvan\u00e1 ako <b>astronomick\u00e1 ve\u017ea<\/b> na pozorovanie astronomick\u00fdch javov, ako napr\u00edklad prechodu Venu\u0161e cez slnko, \u010do pomohlo pri meran\u00ed zemepisnej d\u013a\u017eky mesta. Ve\u017ea sl\u00fa\u017eila aj ako <b>sign\u00e1lny bod<\/b> a <b>str\u00e1\u017ena ve\u017ea<\/b>, \u010do jej umo\u017e\u0148ovalo monitorova\u0165 prich\u00e1dzaj\u00face a odch\u00e1dzaj\u00face lode v pr\u00edstave.<\/p>\n<p>Jej <b>s\u00fa\u010dasn\u00fd vzh\u013ead<\/b> je v\u00fdsledkom rozsiahlej <b>rekon\u0161trukcie <\/b>uskuto\u010dnenej<b> v 19. storo\u010d\u00ed<\/b> po\u010das obdobia Osmanskej r\u00ed\u0161e.&nbsp;<b>Po\u010das Osmanskej r\u00ed\u0161e<\/b> bola ve\u017ea taktie\u017e vyu\u017e\u00edvan\u00e1 ako <b>v\u00e4zenie<\/b> pre nepriate\u013eov.<\/p>\t\t\t\t\t\t\t\t<\/div>\n\t\t\t\t<\/div>\n\t\t\t\t\t<\/div>\n\t\t<\/div>\n\t\t\t\t\t<\/div>\n\t\t<\/section>\n\t\t\t\t<section class=\"elementor-section elementor-top-section elementor-element elementor-element-021e05b elementor-section-boxed elementor-section-height-default elementor-section-height-default\" data-id=\"021e05b\" data-element_type=\"section\" data-e-type=\"section\">\n\t\t\t\t\t\t<div class=\"elementor-container elementor-column-gap-default\">\n\t\t\t\t\t<div class=\"elementor-column elementor-col-100 elementor-top-column elementor-element elementor-element-887e777\" data-id=\"887e777\" data-element_type=\"column\" data-e-type=\"column\">\n\t\t\t<div class=\"elementor-widget-wrap elementor-element-populated\">\n\t\t\t\t\t\t<div class=\"elementor-element elementor-element-5ffd2c9 elementor-widget elementor-widget-image\" data-id=\"5ffd2c9\" data-element_type=\"widget\" data-e-type=\"widget\" data-widget_type=\"image.default\">\n\t\t\t\t<div class=\"elementor-widget-container\">\n\t\t\t\t\t\t\t\t\t\t\t\t<figure class=\"wp-caption\">\n\t\t\t\t\t\t\t\t\t\t<img decoding=\"async\" width=\"790\" height=\"394\" src=\"https:\/\/i0.wp.com\/istanbulsmiskou.sk\/wp-content\/uploads\/2023\/05\/Galata-vyhlad.jpg?fit=790%2C394&amp;ssl=1\" class=\"attachment-large size-large wp-image-411\" alt=\"\" srcset=\"https:\/\/i0.wp.com\/istanbulsmiskou.sk\/wp-content\/uploads\/2023\/05\/Galata-vyhlad.jpg?w=1024&amp;ssl=1 1024w, https:\/\/i0.wp.com\/istanbulsmiskou.sk\/wp-content\/uploads\/2023\/05\/Galata-vyhlad.jpg?resize=300%2C150&amp;ssl=1 300w, https:\/\/i0.wp.com\/istanbulsmiskou.sk\/wp-content\/uploads\/2023\/05\/Galata-vyhlad.jpg?resize=768%2C383&amp;ssl=1 768w, https:\/\/i0.wp.com\/istanbulsmiskou.sk\/wp-content\/uploads\/2023\/05\/Galata-vyhlad.jpg?resize=120%2C60&amp;ssl=1 120w\" sizes=\"(max-width: 790px) 100vw, 790px\" \/>\t\t\t\t\t\t\t\t\t\t\t<figcaption class=\"widget-image-caption wp-caption-text\">v\u00fdh\u013ead z Galata Kulesi <\/figcaption>\n\t\t\t\t\t\t\t\t\t\t<\/figure>\n\t\t\t\t\t\t\t\t\t<\/div>\n\t\t\t\t<\/div>\n\t\t\t\t\t<\/div>\n\t\t<\/div>\n\t\t\t\t\t<\/div>\n\t\t<\/section>\n\t\t\t\t<section class=\"elementor-section elementor-top-section elementor-element elementor-element-58f3c40 elementor-section-boxed elementor-section-height-default elementor-section-height-default\" data-id=\"58f3c40\" data-element_type=\"section\" data-e-type=\"section\">\n\t\t\t\t\t\t<div class=\"elementor-container elementor-column-gap-default\">\n\t\t\t\t\t<div class=\"elementor-column elementor-col-100 elementor-top-column elementor-element elementor-element-48b877b\" data-id=\"48b877b\" data-element_type=\"column\" data-e-type=\"column\">\n\t\t\t<div class=\"elementor-widget-wrap elementor-element-populated\">\n\t\t\t\t\t\t<div class=\"elementor-element elementor-element-82b2e98 elementor-widget elementor-widget-heading\" data-id=\"82b2e98\" data-element_type=\"widget\" data-e-type=\"widget\" data-widget_type=\"heading.default\">\n\t\t\t\t<div class=\"elementor-widget-container\">\n\t\t\t\t\t<h3 class=\"elementor-heading-title elementor-size-default\"><span class=\"ez-toc-section\" id=\"Galata_veza_a_prvy_let\"><\/span><span style=\"font-size: 39.006px\">Galata ve\u017ea a prv\u00fd let<\/span><span class=\"ez-toc-section-end\"><\/span><\/h3>\t\t\t\t<\/div>\n\t\t\t\t<\/div>\n\t\t\t\t\t<\/div>\n\t\t<\/div>\n\t\t\t\t\t<\/div>\n\t\t<\/section>\n\t\t\t\t<section class=\"elementor-section elementor-top-section elementor-element elementor-element-53fbfb1 elementor-section-boxed elementor-section-height-default elementor-section-height-default\" data-id=\"53fbfb1\" data-element_type=\"section\" data-e-type=\"section\">\n\t\t\t\t\t\t<div class=\"elementor-container elementor-column-gap-default\">\n\t\t\t\t\t<div class=\"elementor-column elementor-col-100 elementor-top-column elementor-element elementor-element-514cb6f\" data-id=\"514cb6f\" data-element_type=\"column\" data-e-type=\"column\">\n\t\t\t<div class=\"elementor-widget-wrap elementor-element-populated\">\n\t\t\t\t\t\t<div class=\"elementor-element elementor-element-72a79a0 elementor-widget elementor-widget-text-editor\" data-id=\"72a79a0\" data-element_type=\"widget\" data-e-type=\"widget\" data-widget_type=\"text-editor.default\">\n\t\t\t\t<div class=\"elementor-widget-container\">\n\t\t\t\t\t\t\t\t\t<p>Prv\u00fd let <b>Hezarfena Ahmeta \u00c7elebiho <\/b><i>(tureck\u00fd u\u010denec, ktor\u00fd \u017eil za vl\u00e1dy sult\u00e1na Murada IV., Ahmed \u00c7elebi, bol medzi \u013eu\u010fmi zn\u00e1my ako \u201eHezarfen\u201c, teda &#8222;s tis\u00edckou vied&#8220; pre jeho rozsiahle znalosti a sk\u00fasenosti v oblasti vedy),<\/i> bol jedn\u00fdm z najzauj\u00edmavej\u0161\u00edch momentov v hist\u00f3rii a <b>uskuto\u010dnil sa v roku 1632.<\/b>\u00a0<\/p><p>\u013dudia po\u010duli, \u017ee Hazerfan Ahmet \u00c7elebi vyliezol na Galata ve\u017eu, aby uskuto\u010dnil svoj let s umel\u00fdmi kr\u00eddlami, a za\u010dali sa zvedavo zhroma\u017e\u010fova\u0165 okolo ve\u017ee. V priebehu nieko\u013ek\u00fdch hod\u00edn cel\u00e9 obyvate\u013estvo Galaty zvedavo sledovalo Hezarfena z ulice, kde sa nach\u00e1dza ve\u017ea.<\/p><p>Pl\u00e1nom Hazerfena Ahmeta \u00c7elebiho bolo od\u0161tartova\u0165 z Galatskej ve\u017ee, zachyti\u0165 vzdu\u0161n\u00e9 pr\u00fady a prist\u00e1\u0165 na n\u00e1mest\u00ed v mestskej \u010dasti \u00dcsk\u00fcdar. Na poludnie, ke\u010f Hezarfen Ahmet \u00c7elebi zachytil vietor, vyhodil sa do vzduchu a <b>absolvoval prv\u00fd let v hist\u00f3rii sveta <\/b>z Galatskej ve\u017ee. Let, ktor\u00fd \u013eudia priv\u00edtali s nad\u0161en\u00edm mal <b>3558 metrov.<\/b><\/p>\t\t\t\t\t\t\t\t<\/div>\n\t\t\t\t<\/div>\n\t\t\t\t\t<\/div>\n\t\t<\/div>\n\t\t\t\t\t<\/div>\n\t\t<\/section>\n\t\t\t\t<section class=\"elementor-section elementor-top-section elementor-element elementor-element-842374e elementor-section-boxed elementor-section-height-default elementor-section-height-default\" data-id=\"842374e\" data-element_type=\"section\" data-e-type=\"section\">\n\t\t\t\t\t\t<div class=\"elementor-container elementor-column-gap-default\">\n\t\t\t\t\t<div class=\"elementor-column elementor-col-100 elementor-top-column elementor-element elementor-element-a82bb26\" data-id=\"a82bb26\" data-element_type=\"column\" data-e-type=\"column\">\n\t\t\t<div class=\"elementor-widget-wrap elementor-element-populated\">\n\t\t\t\t\t\t<div class=\"elementor-element elementor-element-d19fef2 elementor-widget elementor-widget-image\" data-id=\"d19fef2\" data-element_type=\"widget\" data-e-type=\"widget\" data-widget_type=\"image.default\">\n\t\t\t\t<div class=\"elementor-widget-container\">\n\t\t\t\t\t\t\t\t\t\t\t\t<figure class=\"wp-caption\">\n\t\t\t\t\t\t\t\t\t\t<img loading=\"lazy\" decoding=\"async\" width=\"504\" height=\"253\" src=\"https:\/\/i0.wp.com\/istanbulsmiskou.sk\/wp-content\/uploads\/2023\/05\/Hezarfen-Ahmed-Celebi.jpg?fit=504%2C253&amp;ssl=1\" class=\"attachment-large size-large wp-image-412\" alt=\"\" srcset=\"https:\/\/i0.wp.com\/istanbulsmiskou.sk\/wp-content\/uploads\/2023\/05\/Hezarfen-Ahmed-Celebi.jpg?w=504&amp;ssl=1 504w, https:\/\/i0.wp.com\/istanbulsmiskou.sk\/wp-content\/uploads\/2023\/05\/Hezarfen-Ahmed-Celebi.jpg?resize=300%2C151&amp;ssl=1 300w, https:\/\/i0.wp.com\/istanbulsmiskou.sk\/wp-content\/uploads\/2023\/05\/Hezarfen-Ahmed-Celebi.jpg?resize=120%2C60&amp;ssl=1 120w\" sizes=\"(max-width: 504px) 100vw, 504px\" \/>\t\t\t\t\t\t\t\t\t\t\t<figcaption class=\"widget-image-caption wp-caption-text\">Prv\u00fd let Hezarfena Ahmeta \u00c7elebiho<\/figcaption>\n\t\t\t\t\t\t\t\t\t\t<\/figure>\n\t\t\t\t\t\t\t\t\t<\/div>\n\t\t\t\t<\/div>\n\t\t\t\t\t<\/div>\n\t\t<\/div>\n\t\t\t\t\t<\/div>\n\t\t<\/section>\n\t\t\t\t<section class=\"elementor-section elementor-top-section elementor-element elementor-element-ec61a50 elementor-section-boxed elementor-section-height-default elementor-section-height-default\" data-id=\"ec61a50\" data-element_type=\"section\" data-e-type=\"section\">\n\t\t\t\t\t\t<div class=\"elementor-container elementor-column-gap-default\">\n\t\t\t\t\t<div class=\"elementor-column elementor-col-100 elementor-top-column elementor-element elementor-element-58c810d\" data-id=\"58c810d\" data-element_type=\"column\" data-e-type=\"column\">\n\t\t\t<div class=\"elementor-widget-wrap elementor-element-populated\">\n\t\t\t\t\t\t<div class=\"elementor-element elementor-element-b459dba elementor-widget elementor-widget-heading\" data-id=\"b459dba\" data-element_type=\"widget\" data-e-type=\"widget\" data-widget_type=\"heading.default\">\n\t\t\t\t<div class=\"elementor-widget-container\">\n\t\t\t\t\t<h3 class=\"elementor-heading-title elementor-size-default\"><span class=\"ez-toc-section\" id=\"Ako_sa_ku_Galata_vezi_dostanem\"><\/span>Ako sa ku Galata ve\u017ei dostanem? <span class=\"ez-toc-section-end\"><\/span><\/h3>\t\t\t\t<\/div>\n\t\t\t\t<\/div>\n\t\t\t\t\t<\/div>\n\t\t<\/div>\n\t\t\t\t\t<\/div>\n\t\t<\/section>\n\t\t\t\t<section class=\"elementor-section elementor-top-section elementor-element elementor-element-50c0ca7 elementor-section-boxed elementor-section-height-default elementor-section-height-default\" data-id=\"50c0ca7\" data-element_type=\"section\" data-e-type=\"section\">\n\t\t\t\t\t\t<div class=\"elementor-container elementor-column-gap-default\">\n\t\t\t\t\t<div class=\"elementor-column elementor-col-100 elementor-top-column elementor-element elementor-element-938f61d\" data-id=\"938f61d\" data-element_type=\"column\" data-e-type=\"column\">\n\t\t\t<div class=\"elementor-widget-wrap elementor-element-populated\">\n\t\t\t\t\t\t<div class=\"elementor-element elementor-element-a049c94 elementor-widget elementor-widget-text-editor\" data-id=\"a049c94\" data-element_type=\"widget\" data-e-type=\"widget\" data-widget_type=\"text-editor.default\">\n\t\t\t\t<div class=\"elementor-widget-container\">\n\t\t\t\t\t\t\t\t\t<p><b>Galata ve\u017ea <\/b>sa nach\u00e1dza <b>v \u0161tvrti Beyo\u011flu<\/b> (Bejolu), jednej z najcentr\u00e1lnej\u0161\u00edch \u0161tvrt\u00ed Istanbulu. <b>K ve\u017ei sa dostanete pe\u0161o z ob\u013e\u00faben\u00fdch miest ako z n\u00e1mestia Taksim, ulice Istiklal a Karak\u00f6y.<\/b><\/p><p>Na ve\u017eu sa <b>zo Sultanahmet<\/b> dostanete <b>elektri\u010dkou.<\/b> Ak p\u00f4jdete elektri\u010dkou <b>zo stanice elektri\u010dky Sultanahmet<\/b> <b>do smeru Kabata\u015f a vyst\u00fapite na zast\u00e1vke\u00a0Karak\u00f6y.\u00a0<\/b>Z elektri\u010dkovej stanice Karak\u00f6y sa k ve\u017ei dostanete pe\u0161o.<\/p><p><b>Alternat\u00edvne sa po vyst\u00fapen\u00ed z elektri\u010dky m\u00f4\u017eete odviez\u0165 druh\u00fdm metrom na svete s n\u00e1zvom \u201eTunel\u201c<\/b>. Toto metro s <b>jednou zast\u00e1vkou<\/b> v\u00e1s zavedie na Tunel n\u00e1mestie, ktor\u00e9 je z\u00e1rove\u0148 aj za\u010diatkom ulice Istiklal. Odtia\u013e trv\u00e1 prech\u00e1dzka k ve\u017ei len 5 min\u00fat.<\/p><p>Ak sa <b>nach\u00e1dzate na n\u00e1mest\u00ed Taksim<\/b>, tak sa len prejdete <b>pe\u0161o cez Ulicu Istiklal v smere ku Karak\u00f6y.<\/b><\/p><p>\u00a0<\/p>\t\t\t\t\t\t\t\t<\/div>\n\t\t\t\t<\/div>\n\t\t\t\t\t<\/div>\n\t\t<\/div>\n\t\t\t\t\t<\/div>\n\t\t<\/section>\n\t\t\t\t<section class=\"elementor-section elementor-top-section elementor-element elementor-element-460808a elementor-section-boxed elementor-section-height-default elementor-section-height-default\" data-id=\"460808a\" data-element_type=\"section\" data-e-type=\"section\">\n\t\t\t\t\t\t<div class=\"elementor-container elementor-column-gap-default\">\n\t\t\t\t\t<div class=\"elementor-column elementor-col-100 elementor-top-column elementor-element elementor-element-d2fa2dd\" data-id=\"d2fa2dd\" data-element_type=\"column\" data-e-type=\"column\">\n\t\t\t<div class=\"elementor-widget-wrap elementor-element-populated\">\n\t\t\t\t\t\t<div class=\"elementor-element elementor-element-574e075 elementor-widget elementor-widget-google_maps\" data-id=\"574e075\" data-element_type=\"widget\" data-e-type=\"widget\" data-widget_type=\"google_maps.default\">\n\t\t\t\t<div class=\"elementor-widget-container\">\n\t\t\t\t\t\t\t<div class=\"elementor-custom-embed\">\n\t\t\t<iframe loading=\"lazy\"\n\t\t\t\t\tsrc=\"https:\/\/www.google.com\/maps\/embed\/v1\/place?key=AIzaSyA1MlQUX2Sr5How-hcDFmnEWWnl8sJHhVQ&#038;q=Galata%20Kulesi&#038;zoom=10\"\n\t\t\t\t\ttitle=\"Galata Kulesi\"\n\t\t\t\t\taria-label=\"Galata Kulesi\"\n\t\t\t><\/iframe>\n\t\t<\/div>\n\t\t\t\t\t\t<\/div>\n\t\t\t\t<\/div>\n\t\t\t\t\t<\/div>\n\t\t<\/div>\n\t\t\t\t\t<\/div>\n\t\t<\/section>\n\t\t\t\t<section class=\"elementor-section elementor-top-section elementor-element elementor-element-ccf5cb0 elementor-section-boxed elementor-section-height-default elementor-section-height-default\" data-id=\"ccf5cb0\" data-element_type=\"section\" data-e-type=\"section\">\n\t\t\t\t\t\t<div class=\"elementor-container elementor-column-gap-default\">\n\t\t\t\t\t<div class=\"elementor-column elementor-col-100 elementor-top-column elementor-element elementor-element-05fb118\" data-id=\"05fb118\" data-element_type=\"column\" data-e-type=\"column\">\n\t\t\t<div class=\"elementor-widget-wrap elementor-element-populated\">\n\t\t\t\t\t\t<div class=\"elementor-element elementor-element-5d6448b elementor-widget elementor-widget-text-editor\" data-id=\"5d6448b\" data-element_type=\"widget\" data-e-type=\"widget\" data-widget_type=\"text-editor.default\">\n\t\t\t\t<div class=\"elementor-widget-container\">\n\t\t\t\t\t\t\t\t\t<p>V s\u00fa\u010dasnosti je Galata ve\u017ea otvoren\u00e1 pre verejnos\u0165 ako vyhliadkov\u00e1 ve\u017ea, ktor\u00e1 pon\u00faka <b>\u00fachvatn\u00fd panoramatick\u00fd v\u00fdh\u013ead na Istanbul.<\/b> Po\u010das n\u00e1v\u0161tevy si n\u00e1v\u0161tevn\u00edci m\u00f4\u017eu vychutna\u0165 poh\u013ead na historick\u00e9 pamiatky, ako je&nbsp;<a href=\"https:\/\/istanbulsmiskou.sk\/?p=314\" target=\"_blank\" rel=\"noopener\">Hagia Sophia<\/a>,&nbsp;<a href=\"https:\/\/istanbulsmiskou.sk\/?p=460\" target=\"_blank\" rel=\"noopener\">Modr\u00e1 me\u0161ita<\/a>, a&nbsp;<a href=\"https:\/\/istanbulsmiskou.sk\/?p=390\" target=\"_blank\" rel=\"noopener\">Topkapi pal\u00e1c<\/a>. Okrem toho je tu mo\u017enos\u0165 obdivova\u0165 kr\u00e1su mestskej architekt\u00fary, vidie\u0165 hust\u00fa mestsk\u00fa z\u00e1stavbu a pr\u00edstavn\u00fa \u010das\u0165 Istanbulu.<\/p>\t\t\t\t\t\t\t\t<\/div>\n\t\t\t\t<\/div>\n\t\t\t\t\t<\/div>\n\t\t<\/div>\n\t\t\t\t\t<\/div>\n\t\t<\/section>\n\t\t\t\t<\/div>\n\t\t","protected":false},"excerpt":{"rendered":"<p>V centre Istanbulskej panor\u00e1my sa t\u00fd\u010di impozantn\u00e1 stavba, ktor\u00e1 je \u00fazko sp\u00e4t\u00e1 s hist\u00f3riou a bohat\u00fdm kult\u00farnym dedi\u010dstvom mesta. Galata Kulesi, ikonick\u00e1 ve\u017ea, ktor\u00e1 stoj\u00ed na brehu Zlat\u00e9ho rohu, je jedn\u00fdm z najzn\u00e1mej\u0161\u00edch symbolov Istanbulu. Svoj\u00edm majest\u00e1tnym vzh\u013eadom, prepojen\u00edm minulosti a s\u00fa\u010dasnosti a n\u00e1dhern\u00fdm v\u00fdh\u013eadom &hellip; <\/p>\n","protected":false},"author":1,"featured_media":407,"comment_status":"open","ping_status":"open","sticky":false,"template":"","format":"standard","meta":{"_eb_attr":"","_monsterinsights_skip_tracking":false,"_monsterinsights_sitenote_active":false,"_monsterinsights_sitenote_note":"","_monsterinsights_sitenote_category":0,"_jetpack_memberships_contains_paid_content":false,"footnotes":"","jetpack_publicize_message":"","jetpack_publicize_feature_enabled":true,"jetpack_social_post_already_shared":false,"jetpack_social_options":{"image_generator_settings":{"template":"highway","enabled":false},"version":2}},"categories":[17,12,1],"tags":[],"class_list":["post-404","post","type-post","status-publish","format-standard","has-post-thumbnail","hentry","category-europska-strana","category-historia","category-istanbul","latest_post"],"yoast_head":"<!-- This site is optimized with the Yoast SEO plugin v27.4 - https:\/\/yoast.com\/product\/yoast-seo-wordpress\/ -->\n<title>Galata Ve\u017ea - Istanbulsk\u00e1 panor\u00e1ma na dlani - Istanbul s Mi\u0161kou<\/title>\n<meta name=\"robots\" content=\"index, follow, max-snippet:-1, max-image-preview:large, max-video-preview:-1\" \/>\n<link rel=\"canonical\" href=\"https:\/\/istanbulsmiskou.sk\/?p=404\" \/>\n<meta property=\"og:locale\" content=\"sk_SK\" \/>\n<meta property=\"og:type\" content=\"article\" \/>\n<meta property=\"og:title\" content=\"Galata Ve\u017ea - Istanbulsk\u00e1 panor\u00e1ma na dlani - Istanbul s Mi\u0161kou\" \/>\n<meta property=\"og:description\" content=\"V centre Istanbulskej panor\u00e1my sa t\u00fd\u010di impozantn\u00e1 stavba, ktor\u00e1 je \u00fazko sp\u00e4t\u00e1 s hist\u00f3riou a bohat\u00fdm kult\u00farnym dedi\u010dstvom mesta. Galata Kulesi, ikonick\u00e1 ve\u017ea, ktor\u00e1 stoj\u00ed na brehu Zlat\u00e9ho rohu, je jedn\u00fdm z najzn\u00e1mej\u0161\u00edch symbolov Istanbulu. Svoj\u00edm majest\u00e1tnym vzh\u013eadom, prepojen\u00edm minulosti a s\u00fa\u010dasnosti a n\u00e1dhern\u00fdm v\u00fdh\u013eadom &hellip;\" \/>\n<meta property=\"og:url\" content=\"https:\/\/istanbulsmiskou.sk\/?p=404\" \/>\n<meta property=\"og:site_name\" content=\"Istanbul s Mi\u0161kou\" \/>\n<meta property=\"article:published_time\" content=\"2023-05-26T13:29:00+00:00\" \/>\n<meta property=\"article:modified_time\" content=\"2024-11-11T15:08:50+00:00\" \/>\n<meta property=\"og:image\" content=\"https:\/\/i0.wp.com\/istanbulsmiskou.sk\/wp-content\/uploads\/2023\/05\/WhatsApp-Image-2023-05-26-at-14.26.32-2.jpg?fit=768%2C1024&ssl=1\" \/>\n\t<meta property=\"og:image:width\" content=\"768\" \/>\n\t<meta property=\"og:image:height\" content=\"1024\" \/>\n\t<meta property=\"og:image:type\" content=\"image\/jpeg\" \/>\n<meta name=\"author\" content=\"Istanbul_s_miskou\" \/>\n<meta name=\"twitter:card\" content=\"summary_large_image\" \/>\n<meta name=\"twitter:label1\" content=\"Autor\" \/>\n\t<meta name=\"twitter:data1\" content=\"Istanbul_s_miskou\" \/>\n\t<meta name=\"twitter:label2\" content=\"Predpokladan\u00fd \u010das \u010d\u00edtania\" \/>\n\t<meta name=\"twitter:data2\" content=\"5 min\u00fat\" \/>\n<script type=\"application\/ld+json\" class=\"yoast-schema-graph\">{\"@context\":\"https:\\\/\\\/schema.org\",\"@graph\":[{\"@type\":\"Article\",\"@id\":\"https:\\\/\\\/istanbulsmiskou.sk\\\/?p=404#article\",\"isPartOf\":{\"@id\":\"https:\\\/\\\/istanbulsmiskou.sk\\\/?p=404\"},\"author\":{\"name\":\"Istanbul_s_miskou\",\"@id\":\"https:\\\/\\\/istanbulsmiskou.sk\\\/#\\\/schema\\\/person\\\/bc7275970398e2a92dfc4822e6caf7a5\"},\"headline\":\"Galata Ve\u017ea &#8211; Istanbulsk\u00e1 panor\u00e1ma na dlani\",\"datePublished\":\"2023-05-26T13:29:00+00:00\",\"dateModified\":\"2024-11-11T15:08:50+00:00\",\"mainEntityOfPage\":{\"@id\":\"https:\\\/\\\/istanbulsmiskou.sk\\\/?p=404\"},\"wordCount\":937,\"commentCount\":0,\"publisher\":{\"@id\":\"https:\\\/\\\/istanbulsmiskou.sk\\\/#\\\/schema\\\/person\\\/bc7275970398e2a92dfc4822e6caf7a5\"},\"image\":{\"@id\":\"https:\\\/\\\/istanbulsmiskou.sk\\\/?p=404#primaryimage\"},\"thumbnailUrl\":\"https:\\\/\\\/i0.wp.com\\\/istanbulsmiskou.sk\\\/wp-content\\\/uploads\\\/2023\\\/05\\\/WhatsApp-Image-2023-05-26-at-14.26.32-2.jpg?fit=768%2C1024&ssl=1\",\"articleSection\":[\"Eur\u00f3pska strana\",\"Hist\u00f3ria\",\"Istanbul\"],\"inLanguage\":\"sk-SK\",\"potentialAction\":[{\"@type\":\"CommentAction\",\"name\":\"Comment\",\"target\":[\"https:\\\/\\\/istanbulsmiskou.sk\\\/?p=404#respond\"]}]},{\"@type\":\"WebPage\",\"@id\":\"https:\\\/\\\/istanbulsmiskou.sk\\\/?p=404\",\"url\":\"https:\\\/\\\/istanbulsmiskou.sk\\\/?p=404\",\"name\":\"Galata Ve\u017ea - Istanbulsk\u00e1 panor\u00e1ma na dlani - Istanbul s Mi\u0161kou\",\"isPartOf\":{\"@id\":\"https:\\\/\\\/istanbulsmiskou.sk\\\/#website\"},\"primaryImageOfPage\":{\"@id\":\"https:\\\/\\\/istanbulsmiskou.sk\\\/?p=404#primaryimage\"},\"image\":{\"@id\":\"https:\\\/\\\/istanbulsmiskou.sk\\\/?p=404#primaryimage\"},\"thumbnailUrl\":\"https:\\\/\\\/i0.wp.com\\\/istanbulsmiskou.sk\\\/wp-content\\\/uploads\\\/2023\\\/05\\\/WhatsApp-Image-2023-05-26-at-14.26.32-2.jpg?fit=768%2C1024&ssl=1\",\"datePublished\":\"2023-05-26T13:29:00+00:00\",\"dateModified\":\"2024-11-11T15:08:50+00:00\",\"breadcrumb\":{\"@id\":\"https:\\\/\\\/istanbulsmiskou.sk\\\/?p=404#breadcrumb\"},\"inLanguage\":\"sk-SK\",\"potentialAction\":[{\"@type\":\"ReadAction\",\"target\":[\"https:\\\/\\\/istanbulsmiskou.sk\\\/?p=404\"]}]},{\"@type\":\"ImageObject\",\"inLanguage\":\"sk-SK\",\"@id\":\"https:\\\/\\\/istanbulsmiskou.sk\\\/?p=404#primaryimage\",\"url\":\"https:\\\/\\\/i0.wp.com\\\/istanbulsmiskou.sk\\\/wp-content\\\/uploads\\\/2023\\\/05\\\/WhatsApp-Image-2023-05-26-at-14.26.32-2.jpg?fit=768%2C1024&ssl=1\",\"contentUrl\":\"https:\\\/\\\/i0.wp.com\\\/istanbulsmiskou.sk\\\/wp-content\\\/uploads\\\/2023\\\/05\\\/WhatsApp-Image-2023-05-26-at-14.26.32-2.jpg?fit=768%2C1024&ssl=1\",\"width\":768,\"height\":1024},{\"@type\":\"BreadcrumbList\",\"@id\":\"https:\\\/\\\/istanbulsmiskou.sk\\\/?p=404#breadcrumb\",\"itemListElement\":[{\"@type\":\"ListItem\",\"position\":1,\"name\":\"Domov\",\"item\":\"https:\\\/\\\/istanbulsmiskou.sk\\\/\"},{\"@type\":\"ListItem\",\"position\":2,\"name\":\"Galata Ve\u017ea &#8211; Istanbulsk\u00e1 panor\u00e1ma na dlani\"}]},{\"@type\":\"WebSite\",\"@id\":\"https:\\\/\\\/istanbulsmiskou.sk\\\/#website\",\"url\":\"https:\\\/\\\/istanbulsmiskou.sk\\\/\",\"name\":\"Istanbul s Mi\u0161kou\",\"description\":\"Istanbul ako ho (ne)pozn\u00e1te\",\"publisher\":{\"@id\":\"https:\\\/\\\/istanbulsmiskou.sk\\\/#\\\/schema\\\/person\\\/bc7275970398e2a92dfc4822e6caf7a5\"},\"potentialAction\":[{\"@type\":\"SearchAction\",\"target\":{\"@type\":\"EntryPoint\",\"urlTemplate\":\"https:\\\/\\\/istanbulsmiskou.sk\\\/?s={search_term_string}\"},\"query-input\":{\"@type\":\"PropertyValueSpecification\",\"valueRequired\":true,\"valueName\":\"search_term_string\"}}],\"inLanguage\":\"sk-SK\"},{\"@type\":[\"Person\",\"Organization\"],\"@id\":\"https:\\\/\\\/istanbulsmiskou.sk\\\/#\\\/schema\\\/person\\\/bc7275970398e2a92dfc4822e6caf7a5\",\"name\":\"Istanbul_s_miskou\",\"image\":{\"@type\":\"ImageObject\",\"inLanguage\":\"sk-SK\",\"@id\":\"https:\\\/\\\/istanbulsmiskou.sk\\\/wp-content\\\/uploads\\\/2024\\\/12\\\/Handdrawn-Circle-Logo-1-1024x1024.png\",\"url\":\"https:\\\/\\\/istanbulsmiskou.sk\\\/wp-content\\\/uploads\\\/2024\\\/12\\\/Handdrawn-Circle-Logo-1-1024x1024.png\",\"contentUrl\":\"https:\\\/\\\/istanbulsmiskou.sk\\\/wp-content\\\/uploads\\\/2024\\\/12\\\/Handdrawn-Circle-Logo-1-1024x1024.png\",\"width\":1024,\"height\":1024,\"caption\":\"Istanbul_s_miskou\"},\"logo\":{\"@id\":\"https:\\\/\\\/istanbulsmiskou.sk\\\/wp-content\\\/uploads\\\/2024\\\/12\\\/Handdrawn-Circle-Logo-1-1024x1024.png\"},\"sameAs\":[\"http:\\\/\\\/istanbulsmiskou.sk\"],\"url\":\"https:\\\/\\\/istanbulsmiskou.sk\\\/?author=1\"}]}<\/script>\n<!-- \/ Yoast SEO plugin. -->","yoast_head_json":{"title":"Galata Ve\u017ea - Istanbulsk\u00e1 panor\u00e1ma na dlani - Istanbul s Mi\u0161kou","robots":{"index":"index","follow":"follow","max-snippet":"max-snippet:-1","max-image-preview":"max-image-preview:large","max-video-preview":"max-video-preview:-1"},"canonical":"https:\/\/istanbulsmiskou.sk\/?p=404","og_locale":"sk_SK","og_type":"article","og_title":"Galata Ve\u017ea - Istanbulsk\u00e1 panor\u00e1ma na dlani - Istanbul s Mi\u0161kou","og_description":"V centre Istanbulskej panor\u00e1my sa t\u00fd\u010di impozantn\u00e1 stavba, ktor\u00e1 je \u00fazko sp\u00e4t\u00e1 s hist\u00f3riou a bohat\u00fdm kult\u00farnym dedi\u010dstvom mesta. Galata Kulesi, ikonick\u00e1 ve\u017ea, ktor\u00e1 stoj\u00ed na brehu Zlat\u00e9ho rohu, je jedn\u00fdm z najzn\u00e1mej\u0161\u00edch symbolov Istanbulu. Svoj\u00edm majest\u00e1tnym vzh\u013eadom, prepojen\u00edm minulosti a s\u00fa\u010dasnosti a n\u00e1dhern\u00fdm v\u00fdh\u013eadom &hellip;","og_url":"https:\/\/istanbulsmiskou.sk\/?p=404","og_site_name":"Istanbul s Mi\u0161kou","article_published_time":"2023-05-26T13:29:00+00:00","article_modified_time":"2024-11-11T15:08:50+00:00","og_image":[{"width":768,"height":1024,"url":"https:\/\/i0.wp.com\/istanbulsmiskou.sk\/wp-content\/uploads\/2023\/05\/WhatsApp-Image-2023-05-26-at-14.26.32-2.jpg?fit=768%2C1024&ssl=1","type":"image\/jpeg"}],"author":"Istanbul_s_miskou","twitter_card":"summary_large_image","twitter_misc":{"Autor":"Istanbul_s_miskou","Predpokladan\u00fd \u010das \u010d\u00edtania":"5 min\u00fat"},"schema":{"@context":"https:\/\/schema.org","@graph":[{"@type":"Article","@id":"https:\/\/istanbulsmiskou.sk\/?p=404#article","isPartOf":{"@id":"https:\/\/istanbulsmiskou.sk\/?p=404"},"author":{"name":"Istanbul_s_miskou","@id":"https:\/\/istanbulsmiskou.sk\/#\/schema\/person\/bc7275970398e2a92dfc4822e6caf7a5"},"headline":"Galata Ve\u017ea &#8211; Istanbulsk\u00e1 panor\u00e1ma na dlani","datePublished":"2023-05-26T13:29:00+00:00","dateModified":"2024-11-11T15:08:50+00:00","mainEntityOfPage":{"@id":"https:\/\/istanbulsmiskou.sk\/?p=404"},"wordCount":937,"commentCount":0,"publisher":{"@id":"https:\/\/istanbulsmiskou.sk\/#\/schema\/person\/bc7275970398e2a92dfc4822e6caf7a5"},"image":{"@id":"https:\/\/istanbulsmiskou.sk\/?p=404#primaryimage"},"thumbnailUrl":"https:\/\/i0.wp.com\/istanbulsmiskou.sk\/wp-content\/uploads\/2023\/05\/WhatsApp-Image-2023-05-26-at-14.26.32-2.jpg?fit=768%2C1024&ssl=1","articleSection":["Eur\u00f3pska strana","Hist\u00f3ria","Istanbul"],"inLanguage":"sk-SK","potentialAction":[{"@type":"CommentAction","name":"Comment","target":["https:\/\/istanbulsmiskou.sk\/?p=404#respond"]}]},{"@type":"WebPage","@id":"https:\/\/istanbulsmiskou.sk\/?p=404","url":"https:\/\/istanbulsmiskou.sk\/?p=404","name":"Galata Ve\u017ea - Istanbulsk\u00e1 panor\u00e1ma na dlani - Istanbul s Mi\u0161kou","isPartOf":{"@id":"https:\/\/istanbulsmiskou.sk\/#website"},"primaryImageOfPage":{"@id":"https:\/\/istanbulsmiskou.sk\/?p=404#primaryimage"},"image":{"@id":"https:\/\/istanbulsmiskou.sk\/?p=404#primaryimage"},"thumbnailUrl":"https:\/\/i0.wp.com\/istanbulsmiskou.sk\/wp-content\/uploads\/2023\/05\/WhatsApp-Image-2023-05-26-at-14.26.32-2.jpg?fit=768%2C1024&ssl=1","datePublished":"2023-05-26T13:29:00+00:00","dateModified":"2024-11-11T15:08:50+00:00","breadcrumb":{"@id":"https:\/\/istanbulsmiskou.sk\/?p=404#breadcrumb"},"inLanguage":"sk-SK","potentialAction":[{"@type":"ReadAction","target":["https:\/\/istanbulsmiskou.sk\/?p=404"]}]},{"@type":"ImageObject","inLanguage":"sk-SK","@id":"https:\/\/istanbulsmiskou.sk\/?p=404#primaryimage","url":"https:\/\/i0.wp.com\/istanbulsmiskou.sk\/wp-content\/uploads\/2023\/05\/WhatsApp-Image-2023-05-26-at-14.26.32-2.jpg?fit=768%2C1024&ssl=1","contentUrl":"https:\/\/i0.wp.com\/istanbulsmiskou.sk\/wp-content\/uploads\/2023\/05\/WhatsApp-Image-2023-05-26-at-14.26.32-2.jpg?fit=768%2C1024&ssl=1","width":768,"height":1024},{"@type":"BreadcrumbList","@id":"https:\/\/istanbulsmiskou.sk\/?p=404#breadcrumb","itemListElement":[{"@type":"ListItem","position":1,"name":"Domov","item":"https:\/\/istanbulsmiskou.sk\/"},{"@type":"ListItem","position":2,"name":"Galata Ve\u017ea &#8211; Istanbulsk\u00e1 panor\u00e1ma na dlani"}]},{"@type":"WebSite","@id":"https:\/\/istanbulsmiskou.sk\/#website","url":"https:\/\/istanbulsmiskou.sk\/","name":"Istanbul s Mi\u0161kou","description":"Istanbul ako ho (ne)pozn\u00e1te","publisher":{"@id":"https:\/\/istanbulsmiskou.sk\/#\/schema\/person\/bc7275970398e2a92dfc4822e6caf7a5"},"potentialAction":[{"@type":"SearchAction","target":{"@type":"EntryPoint","urlTemplate":"https:\/\/istanbulsmiskou.sk\/?s={search_term_string}"},"query-input":{"@type":"PropertyValueSpecification","valueRequired":true,"valueName":"search_term_string"}}],"inLanguage":"sk-SK"},{"@type":["Person","Organization"],"@id":"https:\/\/istanbulsmiskou.sk\/#\/schema\/person\/bc7275970398e2a92dfc4822e6caf7a5","name":"Istanbul_s_miskou","image":{"@type":"ImageObject","inLanguage":"sk-SK","@id":"https:\/\/istanbulsmiskou.sk\/wp-content\/uploads\/2024\/12\/Handdrawn-Circle-Logo-1-1024x1024.png","url":"https:\/\/istanbulsmiskou.sk\/wp-content\/uploads\/2024\/12\/Handdrawn-Circle-Logo-1-1024x1024.png","contentUrl":"https:\/\/istanbulsmiskou.sk\/wp-content\/uploads\/2024\/12\/Handdrawn-Circle-Logo-1-1024x1024.png","width":1024,"height":1024,"caption":"Istanbul_s_miskou"},"logo":{"@id":"https:\/\/istanbulsmiskou.sk\/wp-content\/uploads\/2024\/12\/Handdrawn-Circle-Logo-1-1024x1024.png"},"sameAs":["http:\/\/istanbulsmiskou.sk"],"url":"https:\/\/istanbulsmiskou.sk\/?author=1"}]}},"jetpack_publicize_connections":[],"jetpack_featured_media_url":"https:\/\/i0.wp.com\/istanbulsmiskou.sk\/wp-content\/uploads\/2023\/05\/WhatsApp-Image-2023-05-26-at-14.26.32-2.jpg?fit=768%2C1024&ssl=1","jetpack_sharing_enabled":true,"_links":{"self":[{"href":"https:\/\/istanbulsmiskou.sk\/index.php?rest_route=\/wp\/v2\/posts\/404","targetHints":{"allow":["GET"]}}],"collection":[{"href":"https:\/\/istanbulsmiskou.sk\/index.php?rest_route=\/wp\/v2\/posts"}],"about":[{"href":"https:\/\/istanbulsmiskou.sk\/index.php?rest_route=\/wp\/v2\/types\/post"}],"author":[{"embeddable":true,"href":"https:\/\/istanbulsmiskou.sk\/index.php?rest_route=\/wp\/v2\/users\/1"}],"replies":[{"embeddable":true,"href":"https:\/\/istanbulsmiskou.sk\/index.php?rest_route=%2Fwp%2Fv2%2Fcomments&post=404"}],"version-history":[{"count":22,"href":"https:\/\/istanbulsmiskou.sk\/index.php?rest_route=\/wp\/v2\/posts\/404\/revisions"}],"predecessor-version":[{"id":1795,"href":"https:\/\/istanbulsmiskou.sk\/index.php?rest_route=\/wp\/v2\/posts\/404\/revisions\/1795"}],"wp:featuredmedia":[{"embeddable":true,"href":"https:\/\/istanbulsmiskou.sk\/index.php?rest_route=\/wp\/v2\/media\/407"}],"wp:attachment":[{"href":"https:\/\/istanbulsmiskou.sk\/index.php?rest_route=%2Fwp%2Fv2%2Fmedia&parent=404"}],"wp:term":[{"taxonomy":"category","embeddable":true,"href":"https:\/\/istanbulsmiskou.sk\/index.php?rest_route=%2Fwp%2Fv2%2Fcategories&post=404"},{"taxonomy":"post_tag","embeddable":true,"href":"https:\/\/istanbulsmiskou.sk\/index.php?rest_route=%2Fwp%2Fv2%2Ftags&post=404"}],"curies":[{"name":"wp","href":"https:\/\/api.w.org\/{rel}","templated":true}]}}