{"id":655,"date":"2023-06-14T16:42:57","date_gmt":"2023-06-14T14:42:57","guid":{"rendered":"https:\/\/istanbulsmiskou.sk\/?p=655"},"modified":"2023-06-14T16:47:47","modified_gmt":"2023-06-14T14:47:47","slug":"efes-pycha-antickeho-sveta","status":"publish","type":"post","link":"https:\/\/istanbulsmiskou.sk\/?p=655","title":{"rendered":"Efez &#8211; P\u00fdcha antick\u00e9ho sveta"},"content":{"rendered":"\t\t<div data-elementor-type=\"wp-post\" data-elementor-id=\"655\" class=\"elementor elementor-655\">\n\t\t\t\t\t\t<section class=\"elementor-section elementor-top-section elementor-element elementor-element-8a723c2 elementor-section-boxed elementor-section-height-default elementor-section-height-default\" data-id=\"8a723c2\" data-element_type=\"section\" data-e-type=\"section\">\n\t\t\t\t\t\t<div class=\"elementor-container elementor-column-gap-default\">\n\t\t\t\t\t<div class=\"elementor-column elementor-col-100 elementor-top-column elementor-element elementor-element-e495e4c\" data-id=\"e495e4c\" data-element_type=\"column\" data-e-type=\"column\">\n\t\t\t<div class=\"elementor-widget-wrap elementor-element-populated\">\n\t\t\t\t\t\t<div class=\"elementor-element elementor-element-866eb41 elementor-widget elementor-widget-text-editor\" data-id=\"866eb41\" data-element_type=\"widget\" data-e-type=\"widget\" data-widget_type=\"text-editor.default\">\n\t\t\t\t<div class=\"elementor-widget-container\">\n\t\t\t\t\t\t\t\t\t<p><b>Efez,<\/b> mesto pova\u017eovan\u00e9 za <b>jedno z najv\u00fdznamnej\u0161\u00edch antick\u00fdch miest<\/b>, sa nach\u00e1dza pribli\u017ene <b>80km od Izmiru, alebo len 20km<\/b> <b>od<\/b> popul\u00e1rneho dovolenkov\u00e9ho letoviska <b>Ku\u015fadas\u0131<\/b> na z\u00e1padnom pobre\u017e\u00ed Turecka. S bohatou hist\u00f3riou sa Efez stal zn\u00e1mym nielen ako <b>obchodn\u00e9 a kult\u00farne centrum,<\/b> ale aj ako miesto vzniku <b>v\u00fdznamn\u00fdch udalost\u00ed a osobnost\u00ed<\/b>. V tomto \u010dl\u00e1nku sa bli\u017e\u0161ie pozrieme na hist\u00f3riu Efezu, jeho vzostupy a p\u00e1dy a najzn\u00e1mej\u0161ie pamiatky, ktor\u00e9 nem\u00f4\u017eete po\u010das n\u00e1v\u0161tevy vynecha\u0165.\u00a0<\/p><p><b>Vstupn\u00e9<\/b> do <b>starobyl\u00e9ho mesta Efez je 400<\/b><span style=\"font-weight: bolder;\">\u20ba<\/span>. Odpor\u00fa\u010dam aj <b>nav\u0161t\u00edvi\u0165 Efes M\u00fczesi (Efezsk\u00e9 m\u00fazeum), <\/b>ktor\u00e9 dopln\u00ed va\u0161u n\u00e1v\u0161tevu archeologick\u00e9ho n\u00e1leziska. <b>M\u00fazeum<\/b> sa nach\u00e1dza <b>v meste Sel\u00e7uk<\/b> v bl\u00edzkosti antick\u00e9ho mesta a<b> vstupn\u00e9 je 100\u20ba.\u00a0<\/b><\/p>\t\t\t\t\t\t\t\t<\/div>\n\t\t\t\t<\/div>\n\t\t\t\t\t<\/div>\n\t\t<\/div>\n\t\t\t\t\t<\/div>\n\t\t<\/section>\n\t\t\t\t<section class=\"elementor-section elementor-top-section elementor-element elementor-element-3eb6235 elementor-section-boxed elementor-section-height-default elementor-section-height-default\" data-id=\"3eb6235\" data-element_type=\"section\" data-e-type=\"section\">\n\t\t\t\t\t\t<div class=\"elementor-container elementor-column-gap-default\">\n\t\t\t\t\t<div class=\"elementor-column elementor-col-100 elementor-top-column elementor-element elementor-element-ec3b7c2\" data-id=\"ec3b7c2\" data-element_type=\"column\" data-e-type=\"column\">\n\t\t\t<div class=\"elementor-widget-wrap elementor-element-populated\">\n\t\t\t\t\t\t<div class=\"elementor-element elementor-element-de85a69 elementor-widget elementor-widget-image\" data-id=\"de85a69\" data-element_type=\"widget\" data-e-type=\"widget\" data-widget_type=\"image.default\">\n\t\t\t\t<div class=\"elementor-widget-container\">\n\t\t\t\t\t\t\t\t\t\t\t\t<figure class=\"wp-caption\">\n\t\t\t\t\t\t\t\t\t\t<img fetchpriority=\"high\" decoding=\"async\" width=\"474\" height=\"432\" src=\"https:\/\/i0.wp.com\/istanbulsmiskou.sk\/wp-content\/uploads\/2023\/06\/Mapa-Efez.png?fit=474%2C432&amp;ssl=1\" class=\"attachment-medium_large size-medium_large wp-image-659\" alt=\"\" srcset=\"https:\/\/i0.wp.com\/istanbulsmiskou.sk\/wp-content\/uploads\/2023\/06\/Mapa-Efez.png?w=474&amp;ssl=1 474w, https:\/\/i0.wp.com\/istanbulsmiskou.sk\/wp-content\/uploads\/2023\/06\/Mapa-Efez.png?resize=300%2C273&amp;ssl=1 300w, https:\/\/i0.wp.com\/istanbulsmiskou.sk\/wp-content\/uploads\/2023\/06\/Mapa-Efez.png?resize=66%2C60&amp;ssl=1 66w\" sizes=\"(max-width: 474px) 100vw, 474px\" \/>\t\t\t\t\t\t\t\t\t\t\t<figcaption class=\"widget-image-caption wp-caption-text\">historick\u00e1 mapa mesta Efez, z encyklop\u00e9die Meyers Konversationslexikon, 1888<\/figcaption>\n\t\t\t\t\t\t\t\t\t\t<\/figure>\n\t\t\t\t\t\t\t\t\t<\/div>\n\t\t\t\t<\/div>\n\t\t\t\t\t<\/div>\n\t\t<\/div>\n\t\t\t\t\t<\/div>\n\t\t<\/section>\n\t\t\t\t<section class=\"elementor-section elementor-top-section elementor-element elementor-element-368864e elementor-section-boxed elementor-section-height-default elementor-section-height-default\" data-id=\"368864e\" data-element_type=\"section\" data-e-type=\"section\">\n\t\t\t\t\t\t<div class=\"elementor-container elementor-column-gap-default\">\n\t\t\t\t\t<div class=\"elementor-column elementor-col-100 elementor-top-column elementor-element elementor-element-a387ff3\" data-id=\"a387ff3\" data-element_type=\"column\" data-e-type=\"column\">\n\t\t\t<div class=\"elementor-widget-wrap elementor-element-populated\">\n\t\t\t\t\t\t<div class=\"elementor-element elementor-element-0bb8a23 elementor-widget elementor-widget-heading\" data-id=\"0bb8a23\" data-element_type=\"widget\" data-e-type=\"widget\" data-widget_type=\"heading.default\">\n\t\t\t\t<div class=\"elementor-widget-container\">\n\t\t\t\t\t<div id=\"ez-toc-container\" class=\"ez-toc-v2_0_82_2 ez-toc-wrap-left-text counter-hierarchy ez-toc-counter ez-toc-custom ez-toc-container-direction\">\n<div class=\"ez-toc-title-container\">\n<p class=\"ez-toc-title\" style=\"cursor:inherit\">Obsah \u010dl\u00e1nku<\/p>\n<span class=\"ez-toc-title-toggle\"><a href=\"#\" class=\"ez-toc-pull-right ez-toc-btn ez-toc-btn-xs ez-toc-btn-default ez-toc-toggle\" aria-label=\"Toggle Table of Content\"><span class=\"ez-toc-js-icon-con\"><span class=\"\"><span class=\"eztoc-hide\" style=\"display:none;\">Toggle<\/span><span class=\"ez-toc-icon-toggle-span\"><svg style=\"fill: #000000;color:#000000\" xmlns=\"http:\/\/www.w3.org\/2000\/svg\" class=\"list-377408\" width=\"20px\" height=\"20px\" viewBox=\"0 0 24 24\" fill=\"none\"><path d=\"M6 6H4v2h2V6zm14 0H8v2h12V6zM4 11h2v2H4v-2zm16 0H8v2h12v-2zM4 16h2v2H4v-2zm16 0H8v2h12v-2z\" fill=\"currentColor\"><\/path><\/svg><svg style=\"fill: #000000;color:#000000\" class=\"arrow-unsorted-368013\" xmlns=\"http:\/\/www.w3.org\/2000\/svg\" width=\"10px\" height=\"10px\" viewBox=\"0 0 24 24\" version=\"1.2\" baseProfile=\"tiny\"><path d=\"M18.2 9.3l-6.2-6.3-6.2 6.3c-.2.2-.3.4-.3.7s.1.5.3.7c.2.2.4.3.7.3h11c.3 0 .5-.1.7-.3.2-.2.3-.5.3-.7s-.1-.5-.3-.7zM5.8 14.7l6.2 6.3 6.2-6.3c.2-.2.3-.5.3-.7s-.1-.5-.3-.7c-.2-.2-.4-.3-.7-.3h-11c-.3 0-.5.1-.7.3-.2.2-.3.5-.3.7s.1.5.3.7z\"\/><\/svg><\/span><\/span><\/span><\/a><\/span><\/div>\n<nav><ul class='ez-toc-list ez-toc-list-level-1 ' ><ul class='ez-toc-list-level-3' ><li class='ez-toc-heading-level-3'><a class=\"ez-toc-link ez-toc-heading-1\" href=\"https:\/\/istanbulsmiskou.sk\/?p=655\/#Historia\" >Hist\u00f3ria<\/a><ul class='ez-toc-list-level-5' ><li class='ez-toc-heading-level-5'><ul class='ez-toc-list-level-5' ><li class='ez-toc-heading-level-5'><a class=\"ez-toc-link ez-toc-heading-2\" href=\"https:\/\/istanbulsmiskou.sk\/?p=655\/#Kde_sa_Efez_nachadza\" >Kde sa Efez nach\u00e1dza?<\/a><\/li><\/ul><\/li><\/ul><\/li><li class='ez-toc-page-1 ez-toc-heading-level-3'><a class=\"ez-toc-link ez-toc-heading-3\" href=\"https:\/\/istanbulsmiskou.sk\/?p=655\/#Najznamejsie_pamiatky_v_Efeze\" >Najzn\u00e1mej\u0161ie pamiatky v Efeze<\/a><ul class='ez-toc-list-level-4' ><li class='ez-toc-heading-level-4'><a class=\"ez-toc-link ez-toc-heading-4\" href=\"https:\/\/istanbulsmiskou.sk\/?p=655\/#Celsova_kniznica\" >Celsova kni\u017enica<\/a><\/li><li class='ez-toc-page-1 ez-toc-heading-level-4'><a class=\"ez-toc-link ez-toc-heading-5\" href=\"https:\/\/istanbulsmiskou.sk\/?p=655\/#Velke_divadlo_-_Amfiteater\" >Ve\u013ek\u00e9 divadlo - Amfite\u00e1ter<\/a><\/li><li class='ez-toc-page-1 ez-toc-heading-level-4'><a class=\"ez-toc-link ez-toc-heading-6\" href=\"https:\/\/istanbulsmiskou.sk\/?p=655\/#Hadrianov_chram\" >Hadri\u00e1nov chr\u00e1m<\/a><\/li><li class='ez-toc-page-1 ez-toc-heading-level-4'><a class=\"ez-toc-link ez-toc-heading-7\" href=\"https:\/\/istanbulsmiskou.sk\/?p=655\/#Mazaeova_a_Mithridatova_Brana\" >Mazaeova a Mithridatova Br\u00e1na<\/a><\/li><li class='ez-toc-page-1 ez-toc-heading-level-4'><a class=\"ez-toc-link ez-toc-heading-8\" href=\"https:\/\/istanbulsmiskou.sk\/?p=655\/#Najstarsia_reklama_na_svete\" >Najstar\u0161ia reklama na svete<\/a><\/li><li class='ez-toc-page-1 ez-toc-heading-level-4'><a class=\"ez-toc-link ez-toc-heading-9\" href=\"https:\/\/istanbulsmiskou.sk\/?p=655\/#Hadrianova_brana\" >Hadri\u00e1nova br\u00e1na<\/a><\/li><li class='ez-toc-page-1 ez-toc-heading-level-4'><a class=\"ez-toc-link ez-toc-heading-10\" href=\"https:\/\/istanbulsmiskou.sk\/?p=655\/#Herkulova_brana\" >Herkulova br\u00e1na<\/a><\/li><li class='ez-toc-page-1 ez-toc-heading-level-4'><a class=\"ez-toc-link ez-toc-heading-11\" href=\"https:\/\/istanbulsmiskou.sk\/?p=655\/#Trajanova_fontana\" >Traj\u00e1nov\u00e1 font\u00e1na<\/a><\/li><\/ul><\/li><\/ul><\/li><li class='ez-toc-page-1 ez-toc-heading-level-2'><a class=\"ez-toc-link ez-toc-heading-12\" href=\"https:\/\/istanbulsmiskou.sk\/?p=655\/#A_co_dnes\" >A \u010do dnes?<\/a><\/li><\/ul><\/nav><\/div>\n<h3 class=\"elementor-heading-title elementor-size-default\"><span class=\"ez-toc-section\" id=\"Historia\"><\/span>Hist\u00f3ria<span class=\"ez-toc-section-end\"><\/span><\/h3>\t\t\t\t<\/div>\n\t\t\t\t<\/div>\n\t\t\t\t\t<\/div>\n\t\t<\/div>\n\t\t\t\t\t<\/div>\n\t\t<\/section>\n\t\t\t\t<section class=\"elementor-section elementor-top-section elementor-element elementor-element-3cc6579 elementor-section-boxed elementor-section-height-default elementor-section-height-default\" data-id=\"3cc6579\" data-element_type=\"section\" data-e-type=\"section\">\n\t\t\t\t\t\t<div class=\"elementor-container elementor-column-gap-default\">\n\t\t\t\t\t<div class=\"elementor-column elementor-col-100 elementor-top-column elementor-element elementor-element-54feae6\" data-id=\"54feae6\" data-element_type=\"column\" data-e-type=\"column\">\n\t\t\t<div class=\"elementor-widget-wrap elementor-element-populated\">\n\t\t\t\t\t\t<div class=\"elementor-element elementor-element-014b264 elementor-widget elementor-widget-text-editor\" data-id=\"014b264\" data-element_type=\"widget\" data-e-type=\"widget\" data-widget_type=\"text-editor.default\">\n\t\t\t\t<div class=\"elementor-widget-container\">\n\t\t\t\t\t\t\t\t\t<p><b>Vznik a ran\u00e9 obdobie (1200 pred Kr. &#8211; 560 pred Kr.)<\/b><\/p>\n<p>Efez m\u00e1 korene v antickom obdob\u00ed, no jeho hist\u00f3ria siaha e\u0161te \u010falej. V <b>12. storo\u010d\u00ed pred Kr<\/b>. za\u010dali Myk\u00e9nski Gr\u00e9ci zaklada\u0165 <b>prv\u00e9 osady <\/b>v oblasti Efezu. V nasleduj\u00facich storo\u010diach sa stal <b>d\u00f4le\u017eit\u00fdm pr\u00edstavom a centrom obchodu s Egyptom a Gr\u00e9ckom.<\/b><\/p>\n<p>V <b>7. storo\u010d\u00ed pred Kr<\/b>. ovl\u00e1dla Efez&nbsp;<b>L\u00fddia <\/b><i>(starovek\u00fd \u0161t\u00e1t na z\u00e1pade Malej \u00c1zie. Ob\u00fdvali ho L\u00fddi, n\u00e1rod indoeur\u00f3pskeho p\u00f4vodu, ktor\u00fd pou\u017e\u00edval gr\u00e9cku abecedu)<\/i>, ktor\u00e1 tu zriadila jedno z <b>najv\u00fdznamnej\u0161\u00edch svetov\u00fdch chr\u00e1mov, Artemidin chr\u00e1m.<\/b> Tento impozantn\u00fd chr\u00e1m, <b>jeden zo Sedem divov sveta, sa stal symbolom Efezu<\/b> a priv\u00e1dzal k nemu n\u00e1v\u0161tevn\u00edkov z cel\u00e9ho antick\u00e9ho sveta. Jedin\u00fd zachoval\u00fd st\u013ap z p\u00f4vodnej stavby stoj\u00ed dodnes a je mo\u017en\u00e9 sa k nemu \u00eds\u0165 pozrie\u0165.&nbsp;<\/p>\t\t\t\t\t\t\t\t<\/div>\n\t\t\t\t<\/div>\n\t\t\t\t\t<\/div>\n\t\t<\/div>\n\t\t\t\t\t<\/div>\n\t\t<\/section>\n\t\t\t\t<section class=\"elementor-section elementor-top-section elementor-element elementor-element-c619179 elementor-section-boxed elementor-section-height-default elementor-section-height-default\" data-id=\"c619179\" data-element_type=\"section\" data-e-type=\"section\">\n\t\t\t\t\t\t<div class=\"elementor-container elementor-column-gap-default\">\n\t\t\t\t\t<div class=\"elementor-column elementor-col-100 elementor-top-column elementor-element elementor-element-5aa8491\" data-id=\"5aa8491\" data-element_type=\"column\" data-e-type=\"column\">\n\t\t\t<div class=\"elementor-widget-wrap elementor-element-populated\">\n\t\t\t\t\t\t<div class=\"elementor-element elementor-element-46e0358 elementor-widget elementor-widget-image\" data-id=\"46e0358\" data-element_type=\"widget\" data-e-type=\"widget\" data-widget_type=\"image.default\">\n\t\t\t\t<div class=\"elementor-widget-container\">\n\t\t\t\t\t\t\t\t\t\t\t\t<figure class=\"wp-caption\">\n\t\t\t\t\t\t\t\t\t\t<img decoding=\"async\" width=\"768\" height=\"606\" src=\"https:\/\/i0.wp.com\/istanbulsmiskou.sk\/wp-content\/uploads\/2023\/06\/Efes-30.jpg?fit=768%2C606&amp;ssl=1\" class=\"attachment-medium_large size-medium_large wp-image-661\" alt=\"\" srcset=\"https:\/\/i0.wp.com\/istanbulsmiskou.sk\/wp-content\/uploads\/2023\/06\/Efes-30.jpg?w=1024&amp;ssl=1 1024w, https:\/\/i0.wp.com\/istanbulsmiskou.sk\/wp-content\/uploads\/2023\/06\/Efes-30.jpg?resize=300%2C237&amp;ssl=1 300w, https:\/\/i0.wp.com\/istanbulsmiskou.sk\/wp-content\/uploads\/2023\/06\/Efes-30.jpg?resize=768%2C606&amp;ssl=1 768w, https:\/\/i0.wp.com\/istanbulsmiskou.sk\/wp-content\/uploads\/2023\/06\/Efes-30.jpg?resize=76%2C60&amp;ssl=1 76w\" sizes=\"(max-width: 768px) 100vw, 768px\" \/>\t\t\t\t\t\t\t\t\t\t\t<figcaption class=\"widget-image-caption wp-caption-text\">model Artemidineho chr\u00e1mu v Efes M\u00fczes\u0131 <\/figcaption>\n\t\t\t\t\t\t\t\t\t\t<\/figure>\n\t\t\t\t\t\t\t\t\t<\/div>\n\t\t\t\t<\/div>\n\t\t\t\t\t<\/div>\n\t\t<\/div>\n\t\t\t\t\t<\/div>\n\t\t<\/section>\n\t\t\t\t<section class=\"elementor-section elementor-top-section elementor-element elementor-element-d51f678 elementor-section-boxed elementor-section-height-default elementor-section-height-default\" data-id=\"d51f678\" data-element_type=\"section\" data-e-type=\"section\">\n\t\t\t\t\t\t<div class=\"elementor-container elementor-column-gap-default\">\n\t\t\t\t\t<div class=\"elementor-column elementor-col-100 elementor-top-column elementor-element elementor-element-c7e4212\" data-id=\"c7e4212\" data-element_type=\"column\" data-e-type=\"column\">\n\t\t\t<div class=\"elementor-widget-wrap elementor-element-populated\">\n\t\t\t\t\t\t<div class=\"elementor-element elementor-element-91648b9 elementor-widget elementor-widget-image\" data-id=\"91648b9\" data-element_type=\"widget\" data-e-type=\"widget\" data-widget_type=\"image.default\">\n\t\t\t\t<div class=\"elementor-widget-container\">\n\t\t\t\t\t\t\t\t\t\t\t\t<figure class=\"wp-caption\">\n\t\t\t\t\t\t\t\t\t\t<img decoding=\"async\" width=\"729\" height=\"1024\" src=\"https:\/\/i0.wp.com\/istanbulsmiskou.sk\/wp-content\/uploads\/2023\/06\/Efes-29.jpg?fit=729%2C1024&amp;ssl=1\" class=\"attachment-large size-large wp-image-660\" alt=\"\" srcset=\"https:\/\/i0.wp.com\/istanbulsmiskou.sk\/wp-content\/uploads\/2023\/06\/Efes-29.jpg?w=729&amp;ssl=1 729w, https:\/\/i0.wp.com\/istanbulsmiskou.sk\/wp-content\/uploads\/2023\/06\/Efes-29.jpg?resize=214%2C300&amp;ssl=1 214w, https:\/\/i0.wp.com\/istanbulsmiskou.sk\/wp-content\/uploads\/2023\/06\/Efes-29.jpg?resize=43%2C60&amp;ssl=1 43w\" sizes=\"(max-width: 729px) 100vw, 729px\" \/>\t\t\t\t\t\t\t\t\t\t\t<figcaption class=\"widget-image-caption wp-caption-text\">dnes jedin\u00fd stojac\u00ed st\u013ap zo sl\u00e1vneho Artemidineho chr\u00e1mu <\/figcaption>\n\t\t\t\t\t\t\t\t\t\t<\/figure>\n\t\t\t\t\t\t\t\t\t<\/div>\n\t\t\t\t<\/div>\n\t\t\t\t\t<\/div>\n\t\t<\/div>\n\t\t\t\t\t<\/div>\n\t\t<\/section>\n\t\t\t\t<section class=\"elementor-section elementor-top-section elementor-element elementor-element-acf5541 elementor-section-boxed elementor-section-height-default elementor-section-height-default\" data-id=\"acf5541\" data-element_type=\"section\" data-e-type=\"section\">\n\t\t\t\t\t\t<div class=\"elementor-container elementor-column-gap-default\">\n\t\t\t\t\t<div class=\"elementor-column elementor-col-100 elementor-top-column elementor-element elementor-element-f5d4962\" data-id=\"f5d4962\" data-element_type=\"column\" data-e-type=\"column\">\n\t\t\t<div class=\"elementor-widget-wrap elementor-element-populated\">\n\t\t\t\t\t\t<div class=\"elementor-element elementor-element-c820811 elementor-widget elementor-widget-text-editor\" data-id=\"c820811\" data-element_type=\"widget\" data-e-type=\"widget\" data-widget_type=\"text-editor.default\">\n\t\t\t\t<div class=\"elementor-widget-container\">\n\t\t\t\t\t\t\t\t\t<p style=\"text-align: justify;\"><span style=\"font-weight: bold;\">Persk\u00e1 nadvl\u00e1da a dobytie Alexandrom Ve\u013ek\u00fdm (560 pred Kr. &#8211; 323 pred Kr.):<\/span><\/p><p style=\"text-align: justify;\">V <b>6. storo\u010d\u00ed pred Kr<\/b>. sa Efez stal <b>s\u00fa\u010das\u0165ou Perzskej r\u00ed\u0161e<\/b> a podst\u00fapil r\u00f4zne politick\u00e9 zmeny a konflikty. Po <b>porazen\u00ed<\/b>\u00a0Perzskej r\u00ed\u0161e <b>Alexandrom Ve\u013ek\u00fdm v roku 334 pred Kr<\/b>. sa Efez stal <b>d\u00f4le\u017eit\u00fdm gr\u00e9ckym mestom<\/b>. <b>Alexandrova smr\u0165<\/b> v roku 323 pred Kr. <b>viedla k turbulenci\u00e1m a vojensk\u00fdm konfliktom<\/b>, \u010do malo vplyv aj na Efez.<\/p><p style=\"text-align: justify;\"><span style=\"font-weight: bold;\">R\u00edmske obdobie a rozkvet (1. storo\u010die pred Kr. &#8211; 4. storo\u010die po Kr.):<\/span><\/p><p style=\"text-align: justify;\">V <b>1. storo\u010d\u00ed pred Kr. sa Efez stal s\u00fa\u010das\u0165ou R\u00edmskej r\u00ed\u0161e<\/b> a za\u017eil <b>obdobie ve\u013ek\u00e9ho rozkvetu<\/b>. R\u00edmski cis\u00e1ri postavili v Efese ve\u013ekolep\u00e9 stavby, <b>vr\u00e1tane divadla pre 25 000 div\u00e1kov, kni\u017enice Celsus a n\u00e1dhern\u00fdch me\u0161tianskych domov<\/b>. V tomto obdob\u00ed bol <b>Efez jedn\u00fdm z najv\u00e4\u010d\u0161\u00edch a najv\u00fdznamnej\u0161\u00edch miest celej R\u00edmskej r\u00ed\u0161e.<\/b><\/p><p style=\"text-align: justify;\">V <b>2. storo\u010d\u00ed po Kr. sa Efez stal jedn\u00fdm z najv\u00fdznamnej\u0161\u00edch centier kres\u0165anstva <\/b>&#8211; <b>sv\u00e4t\u00fd J\u00e1n<\/b> zalo\u017eil v Efeze <b>prv\u00fa kres\u0165ansk\u00fa komunitu.<\/b> Hovor\u00ed sa, \u017ee <b>so sebou vzal Pannu M\u00e1riu a s\u00e1m J\u00e1n postavil M\u00e1riin dom, ktor\u00fd dnes mo\u017eno vidie\u0165 ne\u010faleko Efezu<\/b>. V meste sa taktie\u017e <b>konal tret\u00ed Ekumenick\u00fd koncil<\/b>. Efez hr\u00e1val d\u00f4le\u017eit\u00fa \u00falohu v \u0161\u00edren\u00ed kres\u0165anstva po celom Stredozem\u00ed.<\/p>\t\t\t\t\t\t\t\t<\/div>\n\t\t\t\t<\/div>\n\t\t\t\t\t<\/div>\n\t\t<\/div>\n\t\t\t\t\t<\/div>\n\t\t<\/section>\n\t\t\t\t<section class=\"elementor-section elementor-top-section elementor-element elementor-element-daa6158 elementor-section-boxed elementor-section-height-default elementor-section-height-default\" data-id=\"daa6158\" data-element_type=\"section\" data-e-type=\"section\">\n\t\t\t\t\t\t<div class=\"elementor-container elementor-column-gap-default\">\n\t\t\t\t\t<div class=\"elementor-column elementor-col-100 elementor-top-column elementor-element elementor-element-a956adb\" data-id=\"a956adb\" data-element_type=\"column\" data-e-type=\"column\">\n\t\t\t<div class=\"elementor-widget-wrap elementor-element-populated\">\n\t\t\t\t\t\t<div class=\"elementor-element elementor-element-1afa9f8 elementor-widget elementor-widget-image\" data-id=\"1afa9f8\" data-element_type=\"widget\" data-e-type=\"widget\" data-widget_type=\"image.default\">\n\t\t\t\t<div class=\"elementor-widget-container\">\n\t\t\t\t\t\t\t\t\t\t\t\t<figure class=\"wp-caption\">\n\t\t\t\t\t\t\t\t\t\t<img loading=\"lazy\" decoding=\"async\" width=\"768\" height=\"561\" src=\"https:\/\/i0.wp.com\/istanbulsmiskou.sk\/wp-content\/uploads\/2023\/06\/Efes-30.png?fit=768%2C561&amp;ssl=1\" class=\"attachment-medium_large size-medium_large wp-image-662\" alt=\"\" srcset=\"https:\/\/i0.wp.com\/istanbulsmiskou.sk\/wp-content\/uploads\/2023\/06\/Efes-30.png?w=1000&amp;ssl=1 1000w, https:\/\/i0.wp.com\/istanbulsmiskou.sk\/wp-content\/uploads\/2023\/06\/Efes-30.png?resize=300%2C219&amp;ssl=1 300w, https:\/\/i0.wp.com\/istanbulsmiskou.sk\/wp-content\/uploads\/2023\/06\/Efes-30.png?resize=768%2C561&amp;ssl=1 768w, https:\/\/i0.wp.com\/istanbulsmiskou.sk\/wp-content\/uploads\/2023\/06\/Efes-30.png?resize=82%2C60&amp;ssl=1 82w\" sizes=\"(max-width: 768px) 100vw, 768px\" \/>\t\t\t\t\t\t\t\t\t\t\t<figcaption class=\"widget-image-caption wp-caption-text\">domov Panny M\u00e1rie bl\u00edzko Efezu<\/figcaption>\n\t\t\t\t\t\t\t\t\t\t<\/figure>\n\t\t\t\t\t\t\t\t\t<\/div>\n\t\t\t\t<\/div>\n\t\t\t\t\t<\/div>\n\t\t<\/div>\n\t\t\t\t\t<\/div>\n\t\t<\/section>\n\t\t\t\t<section class=\"elementor-section elementor-top-section elementor-element elementor-element-47d3b5f elementor-section-boxed elementor-section-height-default elementor-section-height-default\" data-id=\"47d3b5f\" data-element_type=\"section\" data-e-type=\"section\">\n\t\t\t\t\t\t<div class=\"elementor-container elementor-column-gap-default\">\n\t\t\t\t\t<div class=\"elementor-column elementor-col-100 elementor-top-column elementor-element elementor-element-8b02a1c\" data-id=\"8b02a1c\" data-element_type=\"column\" data-e-type=\"column\">\n\t\t\t<div class=\"elementor-widget-wrap elementor-element-populated\">\n\t\t\t\t\t\t<div class=\"elementor-element elementor-element-6a33079 elementor-widget elementor-widget-image\" data-id=\"6a33079\" data-element_type=\"widget\" data-e-type=\"widget\" data-widget_type=\"image.default\">\n\t\t\t\t<div class=\"elementor-widget-container\">\n\t\t\t\t\t\t\t\t\t\t\t\t<figure class=\"wp-caption\">\n\t\t\t\t\t\t\t\t\t\t<img loading=\"lazy\" decoding=\"async\" width=\"790\" height=\"527\" src=\"https:\/\/i0.wp.com\/istanbulsmiskou.sk\/wp-content\/uploads\/2023\/06\/Efes-31.png?fit=790%2C527&amp;ssl=1\" class=\"attachment-large size-large wp-image-663\" alt=\"\" srcset=\"https:\/\/i0.wp.com\/istanbulsmiskou.sk\/wp-content\/uploads\/2023\/06\/Efes-31.png?w=1000&amp;ssl=1 1000w, https:\/\/i0.wp.com\/istanbulsmiskou.sk\/wp-content\/uploads\/2023\/06\/Efes-31.png?resize=300%2C200&amp;ssl=1 300w, https:\/\/i0.wp.com\/istanbulsmiskou.sk\/wp-content\/uploads\/2023\/06\/Efes-31.png?resize=768%2C512&amp;ssl=1 768w, https:\/\/i0.wp.com\/istanbulsmiskou.sk\/wp-content\/uploads\/2023\/06\/Efes-31.png?resize=90%2C60&amp;ssl=1 90w, https:\/\/i0.wp.com\/istanbulsmiskou.sk\/wp-content\/uploads\/2023\/06\/Efes-31.png?resize=374%2C249&amp;ssl=1 374w\" sizes=\"(max-width: 790px) 100vw, 790px\" \/>\t\t\t\t\t\t\t\t\t\t\t<figcaption class=\"widget-image-caption wp-caption-text\">vn\u00fatro domu Panny M\u00e1rie<\/figcaption>\n\t\t\t\t\t\t\t\t\t\t<\/figure>\n\t\t\t\t\t\t\t\t\t<\/div>\n\t\t\t\t<\/div>\n\t\t\t\t\t<\/div>\n\t\t<\/div>\n\t\t\t\t\t<\/div>\n\t\t<\/section>\n\t\t\t\t<section class=\"elementor-section elementor-top-section elementor-element elementor-element-3f63d24 elementor-section-boxed elementor-section-height-default elementor-section-height-default\" data-id=\"3f63d24\" data-element_type=\"section\" data-e-type=\"section\">\n\t\t\t\t\t\t<div class=\"elementor-container elementor-column-gap-default\">\n\t\t\t\t\t<div class=\"elementor-column elementor-col-100 elementor-top-column elementor-element elementor-element-e0f5d0b\" data-id=\"e0f5d0b\" data-element_type=\"column\" data-e-type=\"column\">\n\t\t\t<div class=\"elementor-widget-wrap elementor-element-populated\">\n\t\t\t\t\t\t<div class=\"elementor-element elementor-element-c8ec3a2 elementor-widget elementor-widget-text-editor\" data-id=\"c8ec3a2\" data-element_type=\"widget\" data-e-type=\"widget\" data-widget_type=\"text-editor.default\">\n\t\t\t\t<div class=\"elementor-widget-container\">\n\t\t\t\t\t\t\t\t\t<p style=\"text-align: justify;\"><span style=\"font-weight: bold;\">\u00dapadok a z\u00e1nik (5. storo\u010die &#8211; s\u00fa\u010dasnos\u0165):<\/span><\/p><p style=\"text-align: justify;\">V <b>5. storo\u010d\u00ed za\u010dal postupn\u00fd \u00fapadok Efezu<\/b>. Vplyv na to malo najm\u00e4 <b>zmenen\u00e9 geopolitick\u00e9 situ\u00e1cie a v\u00fdvoj obchodn\u00fdch ciest<\/b>. Pr\u00edrodn\u00e9 katastrofy, vr\u00e1tane <b>zemetrasen\u00ed a rie\u010dnych zmien, tie\u017e prispeli k opusteniu mesta.<\/b> V <b>15. storo\u010d\u00ed sa Efez dostal pod osmansk\u00fa nadvl\u00e1du,<\/b> ale u\u017e nemal svoj b\u00fdval\u00fd v\u00fdznam.<\/p><p style=\"text-align: justify;\"><b>Dnes je Efez svetozn\u00e1my archeologick\u00fdm miestom a turistickou atrakciou.<\/b> Nav\u0161tevovatelia m\u00f4\u017eu obdivova\u0165 zachovan\u00e9 zvy\u0161ky Artemidinho chr\u00e1mu, divadla, kni\u017enice a mnoh\u00e9 in\u00e9 historick\u00e9 pamiatky.<\/p>\t\t\t\t\t\t\t\t<\/div>\n\t\t\t\t<\/div>\n\t\t\t\t\t<\/div>\n\t\t<\/div>\n\t\t\t\t\t<\/div>\n\t\t<\/section>\n\t\t\t\t<section class=\"elementor-section elementor-top-section elementor-element elementor-element-1620d9d elementor-section-boxed elementor-section-height-default elementor-section-height-default\" data-id=\"1620d9d\" data-element_type=\"section\" data-e-type=\"section\">\n\t\t\t\t\t\t<div class=\"elementor-container elementor-column-gap-default\">\n\t\t\t\t\t<div class=\"elementor-column elementor-col-100 elementor-top-column elementor-element elementor-element-8dd9f4a\" data-id=\"8dd9f4a\" data-element_type=\"column\" data-e-type=\"column\">\n\t\t\t<div class=\"elementor-widget-wrap elementor-element-populated\">\n\t\t\t\t\t\t<div class=\"elementor-element elementor-element-d1d6f81 elementor-widget elementor-widget-heading\" data-id=\"d1d6f81\" data-element_type=\"widget\" data-e-type=\"widget\" data-widget_type=\"heading.default\">\n\t\t\t\t<div class=\"elementor-widget-container\">\n\t\t\t\t\t<h5 class=\"elementor-heading-title elementor-size-default\"><span class=\"ez-toc-section\" id=\"Kde_sa_Efez_nachadza\"><\/span>Kde sa Efez nach\u00e1dza?<span class=\"ez-toc-section-end\"><\/span><\/h5>\t\t\t\t<\/div>\n\t\t\t\t<\/div>\n\t\t\t\t\t<\/div>\n\t\t<\/div>\n\t\t\t\t\t<\/div>\n\t\t<\/section>\n\t\t\t\t<section class=\"elementor-section elementor-top-section elementor-element elementor-element-820dabb elementor-section-boxed elementor-section-height-default elementor-section-height-default\" data-id=\"820dabb\" data-element_type=\"section\" data-e-type=\"section\">\n\t\t\t\t\t\t<div class=\"elementor-container elementor-column-gap-default\">\n\t\t\t\t\t<div class=\"elementor-column elementor-col-100 elementor-top-column elementor-element elementor-element-058e38a\" data-id=\"058e38a\" data-element_type=\"column\" data-e-type=\"column\">\n\t\t\t<div class=\"elementor-widget-wrap elementor-element-populated\">\n\t\t\t\t\t\t<div class=\"elementor-element elementor-element-9d2c8f5 elementor-widget elementor-widget-google_maps\" data-id=\"9d2c8f5\" data-element_type=\"widget\" data-e-type=\"widget\" data-widget_type=\"google_maps.default\">\n\t\t\t\t<div class=\"elementor-widget-container\">\n\t\t\t\t\t\t\t<div class=\"elementor-custom-embed\">\n\t\t\t<iframe loading=\"lazy\"\n\t\t\t\t\tsrc=\"https:\/\/www.google.com\/maps\/embed\/v1\/place?key=AIzaSyA1MlQUX2Sr5How-hcDFmnEWWnl8sJHhVQ&#038;q=Ephesus%20Ancient%20City&#038;zoom=10\"\n\t\t\t\t\ttitle=\"Ephesus Ancient City\"\n\t\t\t\t\taria-label=\"Ephesus Ancient City\"\n\t\t\t><\/iframe>\n\t\t<\/div>\n\t\t\t\t\t\t<\/div>\n\t\t\t\t<\/div>\n\t\t\t\t\t<\/div>\n\t\t<\/div>\n\t\t\t\t\t<\/div>\n\t\t<\/section>\n\t\t\t\t<section class=\"elementor-section elementor-top-section elementor-element elementor-element-b78dfb3 elementor-section-boxed elementor-section-height-default elementor-section-height-default\" data-id=\"b78dfb3\" data-element_type=\"section\" data-e-type=\"section\">\n\t\t\t\t\t\t<div class=\"elementor-container elementor-column-gap-default\">\n\t\t\t\t\t<div class=\"elementor-column elementor-col-100 elementor-top-column elementor-element elementor-element-ed59883\" data-id=\"ed59883\" data-element_type=\"column\" data-e-type=\"column\">\n\t\t\t<div class=\"elementor-widget-wrap elementor-element-populated\">\n\t\t\t\t\t\t<div class=\"elementor-element elementor-element-c95a2fb elementor-widget elementor-widget-heading\" data-id=\"c95a2fb\" data-element_type=\"widget\" data-e-type=\"widget\" data-widget_type=\"heading.default\">\n\t\t\t\t<div class=\"elementor-widget-container\">\n\t\t\t\t\t<h3 class=\"elementor-heading-title elementor-size-default\"><span class=\"ez-toc-section\" id=\"Najznamejsie_pamiatky_v_Efeze\"><\/span>Najzn\u00e1mej\u0161ie pamiatky v Efeze<span class=\"ez-toc-section-end\"><\/span><\/h3>\t\t\t\t<\/div>\n\t\t\t\t<\/div>\n\t\t\t\t\t<\/div>\n\t\t<\/div>\n\t\t\t\t\t<\/div>\n\t\t<\/section>\n\t\t\t\t<section class=\"elementor-section elementor-top-section elementor-element elementor-element-eb8f3e5 elementor-section-boxed elementor-section-height-default elementor-section-height-default\" data-id=\"eb8f3e5\" data-element_type=\"section\" data-e-type=\"section\">\n\t\t\t\t\t\t<div class=\"elementor-container elementor-column-gap-default\">\n\t\t\t\t\t<div class=\"elementor-column elementor-col-100 elementor-top-column elementor-element elementor-element-82b30cf\" data-id=\"82b30cf\" data-element_type=\"column\" data-e-type=\"column\">\n\t\t\t<div class=\"elementor-widget-wrap elementor-element-populated\">\n\t\t\t\t\t\t<div class=\"elementor-element elementor-element-81deb42 elementor-widget elementor-widget-heading\" data-id=\"81deb42\" data-element_type=\"widget\" data-e-type=\"widget\" data-widget_type=\"heading.default\">\n\t\t\t\t<div class=\"elementor-widget-container\">\n\t\t\t\t\t<h4 class=\"elementor-heading-title elementor-size-default\"><span class=\"ez-toc-section\" id=\"Celsova_kniznica\"><\/span>Celsova kni\u017enica<span class=\"ez-toc-section-end\"><\/span><\/h4>\t\t\t\t<\/div>\n\t\t\t\t<\/div>\n\t\t\t\t\t<\/div>\n\t\t<\/div>\n\t\t\t\t\t<\/div>\n\t\t<\/section>\n\t\t\t\t<section class=\"elementor-section elementor-top-section elementor-element elementor-element-d55eb38 elementor-section-boxed elementor-section-height-default elementor-section-height-default\" data-id=\"d55eb38\" data-element_type=\"section\" data-e-type=\"section\">\n\t\t\t\t\t\t<div class=\"elementor-container elementor-column-gap-default\">\n\t\t\t\t\t<div class=\"elementor-column elementor-col-100 elementor-top-column elementor-element elementor-element-d0610f5\" data-id=\"d0610f5\" data-element_type=\"column\" data-e-type=\"column\">\n\t\t\t<div class=\"elementor-widget-wrap elementor-element-populated\">\n\t\t\t\t\t\t<div class=\"elementor-element elementor-element-bf5ae0a elementor-widget elementor-widget-text-editor\" data-id=\"bf5ae0a\" data-element_type=\"widget\" data-e-type=\"widget\" data-widget_type=\"text-editor.default\">\n\t\t\t\t<div class=\"elementor-widget-container\">\n\t\t\t\t\t\t\t\t\t<p>Celsova kni\u017enica je starovek\u00e1 r\u00edmska budova v Efeze. Budovu dal postavi\u0165 v <b>110-tych rokoch n\u00e1\u0161ho letopo\u010dtu konzul Gaius Julius Aquila ako pohrebn\u00fd pomn\u00edk pre svojho otca,<\/b> <b>b\u00fdval\u00e9ho prokonzula \u00c1zie Tiberia Julia Celsa Polemaeana. <\/b>Dokon\u010dili ju za vl\u00e1dy Hadri\u00e1na , niekedy po Aquilovej smr\u0165. Kni\u017enica je pova\u017eovan\u00e1 za <b>architektonick\u00fd z\u00e1zrak a je jedn\u00fdm z m\u00e1la zost\u00e1vaj\u00facich pr\u00edkladov kni\u017enice z R\u00edmskej r\u00ed\u0161e.<\/b> Celsova kni\u017enica bola <b>tre\u0165ou najv\u00e4\u010d\u0161ou kni\u017enicou v r\u00edmskom svete za Alexandriou a Pergamonom. <\/b>takom pr\u00edpade by kni\u017enica mala kapacitu a\u017e \u0161estn\u00e1s\u0165tis\u00edc zvitkov.<\/p>\n<p>Kni\u017enica fungovala ako <b>verejn\u00fd priestor pre mesto od svojho dokon\u010denia okolo roku 117-135 a\u017e do roku 262 a mala kapacitu&nbsp;a\u017e \u0161estn\u00e1s\u0165tis\u00edc zvitkov<\/b><b>.<\/b> Hlavn\u00e9 poschodie fungovalo ako \u010dit\u00e1re\u0148. Na poli\u010dk\u00e1ch umiestnen\u00fdch vo v\u00fdklenkoch pozd\u013a\u017e stien boli zvitky papyrusov\u00fdch kn\u00edh, ktor\u00e9 si n\u00e1v\u0161tevn\u00edci mohli pre\u010d\u00edta\u0165, ale po\u017ei\u010diavanie nebolo povolen\u00e9, preto\u017ee k\u00f3pie kn\u00edh boli vz\u00e1cne a ich v\u00fdroba bola n\u00e1ro\u010dn\u00e1. \u010eal\u0161ie zvitky boli pravdepodobne ulo\u017een\u00e9 vo vo\u013ene stojacich kni\u017en\u00fdch boxoch umiestnen\u00fdch po miestnosti.<\/p>\t\t\t\t\t\t\t\t<\/div>\n\t\t\t\t<\/div>\n\t\t\t\t\t<\/div>\n\t\t<\/div>\n\t\t\t\t\t<\/div>\n\t\t<\/section>\n\t\t\t\t<section class=\"elementor-section elementor-top-section elementor-element elementor-element-a28a731 elementor-section-boxed elementor-section-height-default elementor-section-height-default\" data-id=\"a28a731\" data-element_type=\"section\" data-e-type=\"section\">\n\t\t\t\t\t\t<div class=\"elementor-container elementor-column-gap-default\">\n\t\t\t\t\t<div class=\"elementor-column elementor-col-100 elementor-top-column elementor-element elementor-element-69ee997\" data-id=\"69ee997\" data-element_type=\"column\" data-e-type=\"column\">\n\t\t\t<div class=\"elementor-widget-wrap elementor-element-populated\">\n\t\t\t\t\t\t<div class=\"elementor-element elementor-element-0113c8d elementor-widget elementor-widget-image\" data-id=\"0113c8d\" data-element_type=\"widget\" data-e-type=\"widget\" data-widget_type=\"image.default\">\n\t\t\t\t<div class=\"elementor-widget-container\">\n\t\t\t\t\t\t\t\t\t\t\t\t<figure class=\"wp-caption\">\n\t\t\t\t\t\t\t\t\t\t<img loading=\"lazy\" decoding=\"async\" width=\"768\" height=\"1024\" src=\"https:\/\/i0.wp.com\/istanbulsmiskou.sk\/wp-content\/uploads\/2023\/06\/Efes-24.jpg?fit=768%2C1024&amp;ssl=1\" class=\"attachment-large size-large wp-image-664\" alt=\"\" srcset=\"https:\/\/i0.wp.com\/istanbulsmiskou.sk\/wp-content\/uploads\/2023\/06\/Efes-24.jpg?w=768&amp;ssl=1 768w, https:\/\/i0.wp.com\/istanbulsmiskou.sk\/wp-content\/uploads\/2023\/06\/Efes-24.jpg?resize=225%2C300&amp;ssl=1 225w, https:\/\/i0.wp.com\/istanbulsmiskou.sk\/wp-content\/uploads\/2023\/06\/Efes-24.jpg?resize=45%2C60&amp;ssl=1 45w\" sizes=\"(max-width: 768px) 100vw, 768px\" \/>\t\t\t\t\t\t\t\t\t\t\t<figcaption class=\"widget-image-caption wp-caption-text\">Celsova kni\u017enica<\/figcaption>\n\t\t\t\t\t\t\t\t\t\t<\/figure>\n\t\t\t\t\t\t\t\t\t<\/div>\n\t\t\t\t<\/div>\n\t\t\t\t\t<\/div>\n\t\t<\/div>\n\t\t\t\t\t<\/div>\n\t\t<\/section>\n\t\t\t\t<section class=\"elementor-section elementor-top-section elementor-element elementor-element-f31c23f elementor-section-boxed elementor-section-height-default elementor-section-height-default\" data-id=\"f31c23f\" data-element_type=\"section\" data-e-type=\"section\">\n\t\t\t\t\t\t<div class=\"elementor-container elementor-column-gap-default\">\n\t\t\t\t\t<div class=\"elementor-column elementor-col-100 elementor-top-column elementor-element elementor-element-7bb1d26\" data-id=\"7bb1d26\" data-element_type=\"column\" data-e-type=\"column\">\n\t\t\t<div class=\"elementor-widget-wrap elementor-element-populated\">\n\t\t\t\t\t\t<div class=\"elementor-element elementor-element-14e2ad5 elementor-widget elementor-widget-image\" data-id=\"14e2ad5\" data-element_type=\"widget\" data-e-type=\"widget\" data-widget_type=\"image.default\">\n\t\t\t\t<div class=\"elementor-widget-container\">\n\t\t\t\t\t\t\t\t\t\t\t\t<figure class=\"wp-caption\">\n\t\t\t\t\t\t\t\t\t\t<img loading=\"lazy\" decoding=\"async\" width=\"768\" height=\"1024\" src=\"https:\/\/i0.wp.com\/istanbulsmiskou.sk\/wp-content\/uploads\/2023\/06\/Efes-17.jpg?fit=768%2C1024&amp;ssl=1\" class=\"attachment-large size-large wp-image-674\" alt=\"\" srcset=\"https:\/\/i0.wp.com\/istanbulsmiskou.sk\/wp-content\/uploads\/2023\/06\/Efes-17.jpg?w=768&amp;ssl=1 768w, https:\/\/i0.wp.com\/istanbulsmiskou.sk\/wp-content\/uploads\/2023\/06\/Efes-17.jpg?resize=225%2C300&amp;ssl=1 225w, https:\/\/i0.wp.com\/istanbulsmiskou.sk\/wp-content\/uploads\/2023\/06\/Efes-17.jpg?resize=45%2C60&amp;ssl=1 45w\" sizes=\"(max-width: 768px) 100vw, 768px\" \/>\t\t\t\t\t\t\t\t\t\t\t<figcaption class=\"widget-image-caption wp-caption-text\">detaily Celsovej kni\u017enice<\/figcaption>\n\t\t\t\t\t\t\t\t\t\t<\/figure>\n\t\t\t\t\t\t\t\t\t<\/div>\n\t\t\t\t<\/div>\n\t\t\t\t\t<\/div>\n\t\t<\/div>\n\t\t\t\t\t<\/div>\n\t\t<\/section>\n\t\t\t\t<section class=\"elementor-section elementor-top-section elementor-element elementor-element-1b0c12f elementor-section-boxed elementor-section-height-default elementor-section-height-default\" data-id=\"1b0c12f\" data-element_type=\"section\" data-e-type=\"section\">\n\t\t\t\t\t\t<div class=\"elementor-container elementor-column-gap-default\">\n\t\t\t\t\t<div class=\"elementor-column elementor-col-100 elementor-top-column elementor-element elementor-element-d36af2a\" data-id=\"d36af2a\" data-element_type=\"column\" data-e-type=\"column\">\n\t\t\t<div class=\"elementor-widget-wrap elementor-element-populated\">\n\t\t\t\t\t\t<div class=\"elementor-element elementor-element-79a7dae elementor-widget elementor-widget-image\" data-id=\"79a7dae\" data-element_type=\"widget\" data-e-type=\"widget\" data-widget_type=\"image.default\">\n\t\t\t\t<div class=\"elementor-widget-container\">\n\t\t\t\t\t\t\t\t\t\t\t\t<figure class=\"wp-caption\">\n\t\t\t\t\t\t\t\t\t\t<img loading=\"lazy\" decoding=\"async\" width=\"768\" height=\"1024\" src=\"https:\/\/i0.wp.com\/istanbulsmiskou.sk\/wp-content\/uploads\/2023\/06\/Efes-18.jpg?fit=768%2C1024&amp;ssl=1\" class=\"attachment-large size-large wp-image-675\" alt=\"\" srcset=\"https:\/\/i0.wp.com\/istanbulsmiskou.sk\/wp-content\/uploads\/2023\/06\/Efes-18.jpg?w=768&amp;ssl=1 768w, https:\/\/i0.wp.com\/istanbulsmiskou.sk\/wp-content\/uploads\/2023\/06\/Efes-18.jpg?resize=225%2C300&amp;ssl=1 225w, https:\/\/i0.wp.com\/istanbulsmiskou.sk\/wp-content\/uploads\/2023\/06\/Efes-18.jpg?resize=45%2C60&amp;ssl=1 45w\" sizes=\"(max-width: 768px) 100vw, 768px\" \/>\t\t\t\t\t\t\t\t\t\t\t<figcaption class=\"widget-image-caption wp-caption-text\">detaily Celsovej kni\u017enice<\/figcaption>\n\t\t\t\t\t\t\t\t\t\t<\/figure>\n\t\t\t\t\t\t\t\t\t<\/div>\n\t\t\t\t<\/div>\n\t\t\t\t\t<\/div>\n\t\t<\/div>\n\t\t\t\t\t<\/div>\n\t\t<\/section>\n\t\t\t\t<section class=\"elementor-section elementor-top-section elementor-element elementor-element-1d28ce5 elementor-section-boxed elementor-section-height-default elementor-section-height-default\" data-id=\"1d28ce5\" data-element_type=\"section\" data-e-type=\"section\">\n\t\t\t\t\t\t<div class=\"elementor-container elementor-column-gap-default\">\n\t\t\t\t\t<div class=\"elementor-column elementor-col-100 elementor-top-column elementor-element elementor-element-937d3f7\" data-id=\"937d3f7\" data-element_type=\"column\" data-e-type=\"column\">\n\t\t\t<div class=\"elementor-widget-wrap elementor-element-populated\">\n\t\t\t\t\t\t<div class=\"elementor-element elementor-element-1fa7672 elementor-widget elementor-widget-heading\" data-id=\"1fa7672\" data-element_type=\"widget\" data-e-type=\"widget\" data-widget_type=\"heading.default\">\n\t\t\t\t<div class=\"elementor-widget-container\">\n\t\t\t\t\t<h4 class=\"elementor-heading-title elementor-size-default\"><span class=\"ez-toc-section\" id=\"Velke_divadlo_-_Amfiteater\"><\/span>Ve\u013ek\u00e9 divadlo - Amfite\u00e1ter<span class=\"ez-toc-section-end\"><\/span><\/h4>\t\t\t\t<\/div>\n\t\t\t\t<\/div>\n\t\t\t\t\t<\/div>\n\t\t<\/div>\n\t\t\t\t\t<\/div>\n\t\t<\/section>\n\t\t\t\t<section class=\"elementor-section elementor-top-section elementor-element elementor-element-f15b66a elementor-section-boxed elementor-section-height-default elementor-section-height-default\" data-id=\"f15b66a\" data-element_type=\"section\" data-e-type=\"section\">\n\t\t\t\t\t\t<div class=\"elementor-container elementor-column-gap-default\">\n\t\t\t\t\t<div class=\"elementor-column elementor-col-100 elementor-top-column elementor-element elementor-element-d7dd12f\" data-id=\"d7dd12f\" data-element_type=\"column\" data-e-type=\"column\">\n\t\t\t<div class=\"elementor-widget-wrap elementor-element-populated\">\n\t\t\t\t\t\t<div class=\"elementor-element elementor-element-cdb68dd elementor-widget elementor-widget-text-editor\" data-id=\"cdb68dd\" data-element_type=\"widget\" data-e-type=\"widget\" data-widget_type=\"text-editor.default\">\n\t\t\t\t<div class=\"elementor-widget-container\">\n\t\t\t\t\t\t\t\t\t<p>Ve\u013ek\u00e9 divadlo v Efeze je n\u00e1dherne zachovan\u00e9 a ve\u013emi p\u00f4sobiv\u00e9 . T\u00e1to stavba postaven\u00e1 z mramoru m\u00e1 \u0161\u00edrku 145 metrov a jej publikum kedysi dosahovalo a\u017e 30 metrov. V \u010dasoch <b>najv\u00e4\u010d\u0161ej sl\u00e1vy sa do nej zmestilo a\u017e 24 000 div\u00e1kov.<\/b><\/p>\n<p><\/p>\n<p><b>Stavba<\/b> divadla <b>sa za\u010dala<\/b> <b>v helenistick\u00fdch \u010dasoch<\/b>. V r\u00edmskych \u010dasoch, za vl\u00e1dy cis\u00e1ra <b>Claudia (41-54 n. l.)<\/b>, bolo divadlo <b>roz\u0161\u00edren\u00e9.<\/b> <b>Dvojposchodov\u00e9 javisko <\/b>postavili za cis\u00e1ra<b> Nera (54-68 n. l.)<\/b> a <b>tretie poschodie<\/b> pribudlo nesk\u00f4r, <b>v polovici 2. storo\u010dia<\/b>. <b>K dokon\u010deniu jeho v\u00fdstavby do\u0161lo a\u017e v \u010dasoch cis\u00e1ra Traj\u00e1na<\/b> (98-117 n. l.).&nbsp;<\/p>\n<p>Divadlo nebolo <b>nikdy zastre\u0161en\u00e9.<\/b> V polovici 2<b>. storo\u010dia n\u00e1\u0161ho letopo\u010dtu<\/b> v\u0161ak pribudla<b> mark\u00edza<\/b>, ktor\u00e1 mala div\u00e1kom poskytn\u00fa\u0165 <b>ochranu pred po\u010das\u00edm<\/b>. \u013dudia v publiku si mohli predstavenia pohodlne vychutna\u0165, preto\u017ee strmos\u0165 radov sa zv\u00e4\u010d\u0161uje, v prospech t\u00fdch, ktor\u00ed sedia vzadu.<\/p>\n<p>Divadlo bolo <b>po\u0161koden\u00e9 zemetraseniami v rokoch 359 a\u017e 366,<\/b> ktor\u00e9 zni\u010dili horn\u00fa \u010das\u0165. <b>V 8. storo\u010d\u00ed n\u00e1\u0161ho letopo\u010dtu<\/b> sa divadlo stalo <b>s\u00fa\u010das\u0165ou obrann\u00fdch opevnen\u00ed Efezu<\/b>.<\/p>\t\t\t\t\t\t\t\t<\/div>\n\t\t\t\t<\/div>\n\t\t\t\t\t<\/div>\n\t\t<\/div>\n\t\t\t\t\t<\/div>\n\t\t<\/section>\n\t\t\t\t<section class=\"elementor-section elementor-top-section elementor-element elementor-element-c213649 elementor-section-boxed elementor-section-height-default elementor-section-height-default\" data-id=\"c213649\" data-element_type=\"section\" data-e-type=\"section\">\n\t\t\t\t\t\t<div class=\"elementor-container elementor-column-gap-default\">\n\t\t\t\t\t<div class=\"elementor-column elementor-col-100 elementor-top-column elementor-element elementor-element-42034ba\" data-id=\"42034ba\" data-element_type=\"column\" data-e-type=\"column\">\n\t\t\t<div class=\"elementor-widget-wrap elementor-element-populated\">\n\t\t\t\t\t\t<div class=\"elementor-element elementor-element-2ad34fa elementor-widget elementor-widget-image\" data-id=\"2ad34fa\" data-element_type=\"widget\" data-e-type=\"widget\" data-widget_type=\"image.default\">\n\t\t\t\t<div class=\"elementor-widget-container\">\n\t\t\t\t\t\t\t\t\t\t\t\t<figure class=\"wp-caption\">\n\t\t\t\t\t\t\t\t\t\t<img loading=\"lazy\" decoding=\"async\" width=\"790\" height=\"260\" src=\"https:\/\/i0.wp.com\/istanbulsmiskou.sk\/wp-content\/uploads\/2023\/06\/WhatsApp-Image-2023-06-14-at-15.58.24.jpg?fit=790%2C260&amp;ssl=1\" class=\"attachment-large size-large wp-image-668\" alt=\"\" srcset=\"https:\/\/i0.wp.com\/istanbulsmiskou.sk\/wp-content\/uploads\/2023\/06\/WhatsApp-Image-2023-06-14-at-15.58.24.jpg?w=1024&amp;ssl=1 1024w, https:\/\/i0.wp.com\/istanbulsmiskou.sk\/wp-content\/uploads\/2023\/06\/WhatsApp-Image-2023-06-14-at-15.58.24.jpg?resize=300%2C99&amp;ssl=1 300w, https:\/\/i0.wp.com\/istanbulsmiskou.sk\/wp-content\/uploads\/2023\/06\/WhatsApp-Image-2023-06-14-at-15.58.24.jpg?resize=768%2C253&amp;ssl=1 768w, https:\/\/i0.wp.com\/istanbulsmiskou.sk\/wp-content\/uploads\/2023\/06\/WhatsApp-Image-2023-06-14-at-15.58.24.jpg?resize=182%2C60&amp;ssl=1 182w\" sizes=\"(max-width: 790px) 100vw, 790px\" \/>\t\t\t\t\t\t\t\t\t\t\t<figcaption class=\"widget-image-caption wp-caption-text\">Ve\u013ek\u00e9 divadlo <\/figcaption>\n\t\t\t\t\t\t\t\t\t\t<\/figure>\n\t\t\t\t\t\t\t\t\t<\/div>\n\t\t\t\t<\/div>\n\t\t\t\t\t<\/div>\n\t\t<\/div>\n\t\t\t\t\t<\/div>\n\t\t<\/section>\n\t\t\t\t<section class=\"elementor-section elementor-top-section elementor-element elementor-element-fca4864 elementor-section-boxed elementor-section-height-default elementor-section-height-default\" data-id=\"fca4864\" data-element_type=\"section\" data-e-type=\"section\">\n\t\t\t\t\t\t<div class=\"elementor-container elementor-column-gap-default\">\n\t\t\t\t\t<div class=\"elementor-column elementor-col-100 elementor-top-column elementor-element elementor-element-c2f41ae\" data-id=\"c2f41ae\" data-element_type=\"column\" data-e-type=\"column\">\n\t\t\t<div class=\"elementor-widget-wrap elementor-element-populated\">\n\t\t\t\t\t\t<div class=\"elementor-element elementor-element-821f729 elementor-widget elementor-widget-heading\" data-id=\"821f729\" data-element_type=\"widget\" data-e-type=\"widget\" data-widget_type=\"heading.default\">\n\t\t\t\t<div class=\"elementor-widget-container\">\n\t\t\t\t\t<h4 class=\"elementor-heading-title elementor-size-default\"><span class=\"ez-toc-section\" id=\"Hadrianov_chram\"><\/span>Hadri\u00e1nov chr\u00e1m<span class=\"ez-toc-section-end\"><\/span><\/h4>\t\t\t\t<\/div>\n\t\t\t\t<\/div>\n\t\t\t\t\t<\/div>\n\t\t<\/div>\n\t\t\t\t\t<\/div>\n\t\t<\/section>\n\t\t\t\t<section class=\"elementor-section elementor-top-section elementor-element elementor-element-f0e960f elementor-section-boxed elementor-section-height-default elementor-section-height-default\" data-id=\"f0e960f\" data-element_type=\"section\" data-e-type=\"section\">\n\t\t\t\t\t\t<div class=\"elementor-container elementor-column-gap-default\">\n\t\t\t\t\t<div class=\"elementor-column elementor-col-100 elementor-top-column elementor-element elementor-element-4242fbb\" data-id=\"4242fbb\" data-element_type=\"column\" data-e-type=\"column\">\n\t\t\t<div class=\"elementor-widget-wrap elementor-element-populated\">\n\t\t\t\t\t\t<div class=\"elementor-element elementor-element-f7c557e elementor-widget elementor-widget-text-editor\" data-id=\"f7c557e\" data-element_type=\"widget\" data-e-type=\"widget\" data-widget_type=\"text-editor.default\">\n\t\t\t\t<div class=\"elementor-widget-container\">\n\t\t\t\t\t\t\t\t\t<p>Pam\u00e4tn\u00edk podobn\u00fd chr\u00e1mu, zn\u00e1my ako <b>Hadri\u00e1nov chr\u00e1m bol objaven\u00fd v roku 1956 a n\u00e1sledne znovu postaven<\/b>\u00fd. V\u0161eobecne sa predpokladalo, \u017ee to bol skuto\u010dne <b>Chr\u00e1m cis\u00e1ra Hadri\u00e1na &#8211; miesto ofici\u00e1lneho uctievania r\u00edmskeho cis\u00e1ra.<\/b> Povolenie postavi\u0165 tak\u00fdto chr\u00e1m v Efeze udelil Hadri\u00e1n medzi rokmi 130 a 132 n\u00e1\u0161ho letopo\u010dtu.<\/p>\n<p>Hadri\u00e1nov chr\u00e1m, napriek svojim mal\u00fdm rozmerom 10 a\u017e 10 metrov v pl\u00e1ne, je jednou z najatrakt\u00edvnej\u0161\u00edch stavieb v Efeze. Dosahuje v\u00fd\u0161ku okolo 8 metrov. T\u00e1to skromn\u00e1 budova je rozdelen\u00e1 na dva priestory: predn\u00fa halu (pronaos) a hlavn\u00fa miestnos\u0165 (cella).&nbsp;<\/p>\n<p><\/p>\n<p>Budova bola nesk\u00f4r <b>upraven\u00e1 po zemetrasen\u00ed v 4. storo\u010d\u00ed.<\/b> V predn\u00fdch hal\u00e1ch boli umiestnen\u00e9 <b>\u0161tyri reli\u00e9fy,<\/b> ktor\u00e9 s\u00fa naj\u010dastej\u0161ie datovan\u00e9 <b>do konca 4. storo\u010dia<\/b>, ale in\u00e9 te\u00f3rie uv\u00e1dzaj\u00fa, \u017ee poch\u00e1dzaj\u00fa z 3. storo\u010dia, alebo dokonca z p\u00f4vodnej stavby. Tieto <b>reli\u00e9fy zobrazuj\u00fa z\u00e1kladn\u00fd m\u00fdtus o Efeze, anonymnom cis\u00e1rovi obetuj\u00facom pred olt\u00e1rom s girlandou, \u0161tyroch Amazonk\u00e1ch utekaj\u00facich pred Dion\u00fdzom a zhroma\u017eden\u00ed bo\u017estiev a hrdinov.<\/b> Reli\u00e9fy, ktor\u00e9 dnes mo\u017eno vidie\u0165 v Efeze, s\u00fa k\u00f3pie a o<b>rigin\u00e1ly s\u00fa vystaven\u00e9 v Efezskom m\u00fazeu v Sel\u00e7uku.<\/b><\/p>\t\t\t\t\t\t\t\t<\/div>\n\t\t\t\t<\/div>\n\t\t\t\t\t<\/div>\n\t\t<\/div>\n\t\t\t\t\t<\/div>\n\t\t<\/section>\n\t\t\t\t<section class=\"elementor-section elementor-top-section elementor-element elementor-element-13862eb elementor-section-boxed elementor-section-height-default elementor-section-height-default\" data-id=\"13862eb\" data-element_type=\"section\" data-e-type=\"section\">\n\t\t\t\t\t\t<div class=\"elementor-container elementor-column-gap-default\">\n\t\t\t\t\t<div class=\"elementor-column elementor-col-100 elementor-top-column elementor-element elementor-element-669bb7a\" data-id=\"669bb7a\" data-element_type=\"column\" data-e-type=\"column\">\n\t\t\t<div class=\"elementor-widget-wrap elementor-element-populated\">\n\t\t\t\t\t\t<div class=\"elementor-element elementor-element-305cff0 elementor-widget elementor-widget-image\" data-id=\"305cff0\" data-element_type=\"widget\" data-e-type=\"widget\" data-widget_type=\"image.default\">\n\t\t\t\t<div class=\"elementor-widget-container\">\n\t\t\t\t\t\t\t\t\t\t\t\t<figure class=\"wp-caption\">\n\t\t\t\t\t\t\t\t\t\t<img loading=\"lazy\" decoding=\"async\" width=\"790\" height=\"593\" src=\"https:\/\/i0.wp.com\/istanbulsmiskou.sk\/wp-content\/uploads\/2023\/06\/Efes-27.jpg?fit=790%2C593&amp;ssl=1\" class=\"attachment-large size-large wp-image-669\" alt=\"\" srcset=\"https:\/\/i0.wp.com\/istanbulsmiskou.sk\/wp-content\/uploads\/2023\/06\/Efes-27.jpg?w=1024&amp;ssl=1 1024w, https:\/\/i0.wp.com\/istanbulsmiskou.sk\/wp-content\/uploads\/2023\/06\/Efes-27.jpg?resize=300%2C225&amp;ssl=1 300w, https:\/\/i0.wp.com\/istanbulsmiskou.sk\/wp-content\/uploads\/2023\/06\/Efes-27.jpg?resize=768%2C576&amp;ssl=1 768w, https:\/\/i0.wp.com\/istanbulsmiskou.sk\/wp-content\/uploads\/2023\/06\/Efes-27.jpg?resize=80%2C60&amp;ssl=1 80w\" sizes=\"(max-width: 790px) 100vw, 790px\" \/>\t\t\t\t\t\t\t\t\t\t\t<figcaption class=\"widget-image-caption wp-caption-text\">Hadri\u00e1nov chr\u00e1m<\/figcaption>\n\t\t\t\t\t\t\t\t\t\t<\/figure>\n\t\t\t\t\t\t\t\t\t<\/div>\n\t\t\t\t<\/div>\n\t\t\t\t\t<\/div>\n\t\t<\/div>\n\t\t\t\t\t<\/div>\n\t\t<\/section>\n\t\t\t\t<section class=\"elementor-section elementor-top-section elementor-element elementor-element-6c82e7a elementor-section-boxed elementor-section-height-default elementor-section-height-default\" data-id=\"6c82e7a\" data-element_type=\"section\" data-e-type=\"section\">\n\t\t\t\t\t\t<div class=\"elementor-container elementor-column-gap-default\">\n\t\t\t\t\t<div class=\"elementor-column elementor-col-100 elementor-top-column elementor-element elementor-element-3370493\" data-id=\"3370493\" data-element_type=\"column\" data-e-type=\"column\">\n\t\t\t<div class=\"elementor-widget-wrap elementor-element-populated\">\n\t\t\t\t\t\t<div class=\"elementor-element elementor-element-7211421 elementor-widget elementor-widget-heading\" data-id=\"7211421\" data-element_type=\"widget\" data-e-type=\"widget\" data-widget_type=\"heading.default\">\n\t\t\t\t<div class=\"elementor-widget-container\">\n\t\t\t\t\t<h4 class=\"elementor-heading-title elementor-size-default\"><span class=\"ez-toc-section\" id=\"Mazaeova_a_Mithridatova_Brana\"><\/span>Mazaeova a Mithridatova Br\u00e1na<span class=\"ez-toc-section-end\"><\/span><\/h4>\t\t\t\t<\/div>\n\t\t\t\t<\/div>\n\t\t\t\t\t<\/div>\n\t\t<\/div>\n\t\t\t\t\t<\/div>\n\t\t<\/section>\n\t\t\t\t<section class=\"elementor-section elementor-top-section elementor-element elementor-element-a4a757b elementor-section-boxed elementor-section-height-default elementor-section-height-default\" data-id=\"a4a757b\" data-element_type=\"section\" data-e-type=\"section\">\n\t\t\t\t\t\t<div class=\"elementor-container elementor-column-gap-default\">\n\t\t\t\t\t<div class=\"elementor-column elementor-col-100 elementor-top-column elementor-element elementor-element-0a42933\" data-id=\"0a42933\" data-element_type=\"column\" data-e-type=\"column\">\n\t\t\t<div class=\"elementor-widget-wrap elementor-element-populated\">\n\t\t\t\t\t\t<div class=\"elementor-element elementor-element-359d2c6 elementor-widget elementor-widget-text-editor\" data-id=\"359d2c6\" data-element_type=\"widget\" data-e-type=\"widget\" data-widget_type=\"text-editor.default\">\n\t\t\t\t<div class=\"elementor-widget-container\">\n\t\t\t\t\t\t\t\t\t<p>Obchodn\u00e1 <b>Agora mala tri hlavn\u00e9 br\u00e1ny,<\/b> ktor\u00e9 umo\u017e\u0148ovali pr\u00edstup zo severu, juhov\u00fdchodn\u00fa a z\u00e1padn\u00fa. <b>Najp\u00f4sobivej\u0161ia a najzachovalej\u0161ia <\/b>z t\u00fdchto br\u00e1n je takzvan\u00e1 <b>Mazaeova a Mithridatova br\u00e1na na juhov\u00fdchodnej strane<\/b>, v tesnej bl\u00edzkosti Celsovej kni\u017enice. T\u00e1to pamiatka je tie\u017e jedinou rozsiahlou stavbou augustovsk\u00e9ho stavebn\u00e9ho programu, ktor\u00e1 pre\u017eila zemetrasenie v roku 23 CE.<\/p>\n<p>Mazaeova a Mithridatova br\u00e1na m\u00e1 <b>tri klenut\u00e9 otvory, centr\u00e1lny otvor <\/b>a <b>fas\u00e1da<\/b> br\u00e1ny je kr\u00e1sne zdoben\u00e1 <b>kvetinov\u00fdmi mot\u00edvmi.<\/b>&nbsp;Br\u00e1na m\u00e1 na svojich obl\u00fakoch <b>tri hlavn\u00e9 n\u00e1pisy<\/b>: po stran\u00e1ch s\u00fa latinsk\u00e9 texty, ale centr\u00e1lny text je v gr\u00e9\u010dtine. <b>Informuj\u00fa, \u017ee br\u00e1nu postavili dvaja osloboden\u00ed otroci &#8211; jeden od Octaviana Augusta a druh\u00fd od Marcusa Agrippa, zvan\u00ed Mazaeus a Mithridates.<\/b>&nbsp;<\/p><p>Ako <b>v\u010faku za ich oslobodenie, t\u00edto dvaja otroci postavili t\u00fato br\u00e1nu<\/b> na po\u010des\u0165 Octaviana Augusta, jeho man\u017eelky L\u00edvie, jeho za\u0165a Marca Agrippu a J\u00falie star\u0161ej, dc\u00e9ry Augusta a man\u017eelky Agrippu.<\/p>\n<p>Starovek\u00e9 br\u00e1ny boli problematick\u00e9 miesta na udr\u017eiavanie \u010distoty, ako sa to st\u00e1va aj dnes. <b>N\u00e1pis n\u00e1jden\u00fd v bl\u00edzkosti Mazaeovej a Mithridatovej br\u00e1ny informuje, \u017ee \u201ekto sa tu vymo\u010d\u00ed, bude potrestan\u00fd\u201c<\/b>. Ak\u00fd trest bol pon\u00faknut\u00fd, zost\u00e1va z\u00e1hadou.<\/p>\n<p>S\u00fa\u010dasn\u00fd stav br\u00e1ny Mazaeus a Mithridates je v\u00fdsledkom projektu obnovy, ktor\u00fd sa uskuto\u010dnil v rokoch 1980 a\u017e 1989. Ju\u017en\u00e1 fas\u00e1da bola \u00faplne obnoven\u00e1 s takmer v\u00fdhradn\u00fdm pou\u017eit\u00edm star\u00fdch stavebn\u00fdch materi\u00e1lov.<\/p>\t\t\t\t\t\t\t\t<\/div>\n\t\t\t\t<\/div>\n\t\t\t\t\t<\/div>\n\t\t<\/div>\n\t\t\t\t\t<\/div>\n\t\t<\/section>\n\t\t\t\t<section class=\"elementor-section elementor-top-section elementor-element elementor-element-14fc80b elementor-section-boxed elementor-section-height-default elementor-section-height-default\" data-id=\"14fc80b\" data-element_type=\"section\" data-e-type=\"section\">\n\t\t\t\t\t\t<div class=\"elementor-container elementor-column-gap-default\">\n\t\t\t\t\t<div class=\"elementor-column elementor-col-100 elementor-top-column elementor-element elementor-element-4312a61\" data-id=\"4312a61\" data-element_type=\"column\" data-e-type=\"column\">\n\t\t\t<div class=\"elementor-widget-wrap elementor-element-populated\">\n\t\t\t\t\t\t<div class=\"elementor-element elementor-element-e2cf263 elementor-widget elementor-widget-image\" data-id=\"e2cf263\" data-element_type=\"widget\" data-e-type=\"widget\" data-widget_type=\"image.default\">\n\t\t\t\t<div class=\"elementor-widget-container\">\n\t\t\t\t\t\t\t\t\t\t\t\t<figure class=\"wp-caption\">\n\t\t\t\t\t\t\t\t\t\t<img loading=\"lazy\" decoding=\"async\" width=\"790\" height=\"593\" src=\"https:\/\/i0.wp.com\/istanbulsmiskou.sk\/wp-content\/uploads\/2023\/06\/Efes-21.jpg?fit=790%2C593&amp;ssl=1\" class=\"attachment-large size-large wp-image-670\" alt=\"\" srcset=\"https:\/\/i0.wp.com\/istanbulsmiskou.sk\/wp-content\/uploads\/2023\/06\/Efes-21.jpg?w=1024&amp;ssl=1 1024w, https:\/\/i0.wp.com\/istanbulsmiskou.sk\/wp-content\/uploads\/2023\/06\/Efes-21.jpg?resize=300%2C225&amp;ssl=1 300w, https:\/\/i0.wp.com\/istanbulsmiskou.sk\/wp-content\/uploads\/2023\/06\/Efes-21.jpg?resize=768%2C576&amp;ssl=1 768w, https:\/\/i0.wp.com\/istanbulsmiskou.sk\/wp-content\/uploads\/2023\/06\/Efes-21.jpg?resize=80%2C60&amp;ssl=1 80w\" sizes=\"(max-width: 790px) 100vw, 790px\" \/>\t\t\t\t\t\t\t\t\t\t\t<figcaption class=\"widget-image-caption wp-caption-text\">Mazaeova a Mithridatova Br\u00e1na\u200b<\/figcaption>\n\t\t\t\t\t\t\t\t\t\t<\/figure>\n\t\t\t\t\t\t\t\t\t<\/div>\n\t\t\t\t<\/div>\n\t\t\t\t\t<\/div>\n\t\t<\/div>\n\t\t\t\t\t<\/div>\n\t\t<\/section>\n\t\t\t\t<section class=\"elementor-section elementor-top-section elementor-element elementor-element-654f764 elementor-section-boxed elementor-section-height-default elementor-section-height-default\" data-id=\"654f764\" data-element_type=\"section\" data-e-type=\"section\">\n\t\t\t\t\t\t<div class=\"elementor-container elementor-column-gap-default\">\n\t\t\t\t\t<div class=\"elementor-column elementor-col-100 elementor-top-column elementor-element elementor-element-4f07e07\" data-id=\"4f07e07\" data-element_type=\"column\" data-e-type=\"column\">\n\t\t\t<div class=\"elementor-widget-wrap elementor-element-populated\">\n\t\t\t\t\t\t<div class=\"elementor-element elementor-element-6a19030 elementor-widget elementor-widget-heading\" data-id=\"6a19030\" data-element_type=\"widget\" data-e-type=\"widget\" data-widget_type=\"heading.default\">\n\t\t\t\t<div class=\"elementor-widget-container\">\n\t\t\t\t\t<h4 class=\"elementor-heading-title elementor-size-default\"><span class=\"ez-toc-section\" id=\"Najstarsia_reklama_na_svete\"><\/span>Najstar\u0161ia reklama na svete<span class=\"ez-toc-section-end\"><\/span><\/h4>\t\t\t\t<\/div>\n\t\t\t\t<\/div>\n\t\t\t\t\t<\/div>\n\t\t<\/div>\n\t\t\t\t\t<\/div>\n\t\t<\/section>\n\t\t\t\t<section class=\"elementor-section elementor-top-section elementor-element elementor-element-cd750b4 elementor-section-boxed elementor-section-height-default elementor-section-height-default\" data-id=\"cd750b4\" data-element_type=\"section\" data-e-type=\"section\">\n\t\t\t\t\t\t<div class=\"elementor-container elementor-column-gap-default\">\n\t\t\t\t\t<div class=\"elementor-column elementor-col-100 elementor-top-column elementor-element elementor-element-4e90557\" data-id=\"4e90557\" data-element_type=\"column\" data-e-type=\"column\">\n\t\t\t<div class=\"elementor-widget-wrap elementor-element-populated\">\n\t\t\t\t\t\t<div class=\"elementor-element elementor-element-f6682aa elementor-widget elementor-widget-text-editor\" data-id=\"f6682aa\" data-element_type=\"widget\" data-e-type=\"widget\" data-widget_type=\"text-editor.default\">\n\t\t\t\t<div class=\"elementor-widget-container\">\n\t\t\t\t\t\t\t\t\t<p>Pravdepodobne <b>najstar\u0161ia reklama na svete<\/b> sa nach\u00e1dza pr\u00e1ve v Efeze na <b>mramorovej ceste, ktor\u00e1 sa datuje do 1. storo\u010dia n\u00e1\u0161ho letopo\u010dtu a&nbsp;<\/b>viedla cez agoru do kni\u017enice. Ak by si starovek\u00ed u\u010denci potrebovali odd\u00fdchnu\u0165, <b>na druhej strane cesty cez podzemn\u00fa chodbu bol tie\u017e skryt\u00fd nevestinec.<\/b><\/p>\n<p>Zd\u00e1 sa, \u017ee tento nevestinec bol skryt\u00fd, ale ur\u010dite ho nebolo a\u017e tak\u00e9 \u0165a\u017ek\u00e9 n\u00e1js\u0165. Na <b>rezbe je vyobrazen\u00fd kr\u00ed\u017e, \u017eena, srdce, noha, pe\u0148a\u017eenka, kni\u017enica a navy\u0161e diera vykopan\u00e1 v skale.<\/b><\/p>\n<p><\/p>\n<p>Jedna<b> interpret\u00e1cia<\/b> ryt\u00edn je nasledovn\u00e1: <i>&#8222;hore na kri\u017eovatke v\u013eavo n\u00e1jdete \u017eeny, ktor\u00fdch l\u00e1ska sa d\u00e1 k\u00fapi\u0165. Ale pros\u00edm, zastavte sa len vtedy, ak je va\u0161a noha aspo\u0148 tak\u00e1 ve\u013ek\u00e1, mlad\u00ed mu\u017ei, a m\u00e1te dos\u0165 minc\u00ed na vyplnenie tejto diery. V opa\u010dnom pr\u00edpade v\u00e1s l\u00e1skavo nasmerujeme do kni\u017enice vpravo.&#8220;<\/i><\/p>\t\t\t\t\t\t\t\t<\/div>\n\t\t\t\t<\/div>\n\t\t\t\t\t<\/div>\n\t\t<\/div>\n\t\t\t\t\t<\/div>\n\t\t<\/section>\n\t\t\t\t<section class=\"elementor-section elementor-top-section elementor-element elementor-element-09de2e9 elementor-section-boxed elementor-section-height-default elementor-section-height-default\" data-id=\"09de2e9\" data-element_type=\"section\" data-e-type=\"section\">\n\t\t\t\t\t\t<div class=\"elementor-container elementor-column-gap-default\">\n\t\t\t\t\t<div class=\"elementor-column elementor-col-100 elementor-top-column elementor-element elementor-element-6c95cda\" data-id=\"6c95cda\" data-element_type=\"column\" data-e-type=\"column\">\n\t\t\t<div class=\"elementor-widget-wrap elementor-element-populated\">\n\t\t\t\t\t\t<div class=\"elementor-element elementor-element-474785f elementor-widget elementor-widget-image\" data-id=\"474785f\" data-element_type=\"widget\" data-e-type=\"widget\" data-widget_type=\"image.default\">\n\t\t\t\t<div class=\"elementor-widget-container\">\n\t\t\t\t\t\t\t\t\t\t\t\t<figure class=\"wp-caption\">\n\t\t\t\t\t\t\t\t\t\t<img loading=\"lazy\" decoding=\"async\" width=\"790\" height=\"989\" src=\"https:\/\/i0.wp.com\/istanbulsmiskou.sk\/wp-content\/uploads\/2023\/06\/Efes-10.jpg?fit=790%2C989&amp;ssl=1\" class=\"attachment-large size-large wp-image-671\" alt=\"\" srcset=\"https:\/\/i0.wp.com\/istanbulsmiskou.sk\/wp-content\/uploads\/2023\/06\/Efes-10.jpg?w=818&amp;ssl=1 818w, https:\/\/i0.wp.com\/istanbulsmiskou.sk\/wp-content\/uploads\/2023\/06\/Efes-10.jpg?resize=240%2C300&amp;ssl=1 240w, https:\/\/i0.wp.com\/istanbulsmiskou.sk\/wp-content\/uploads\/2023\/06\/Efes-10.jpg?resize=768%2C961&amp;ssl=1 768w, https:\/\/i0.wp.com\/istanbulsmiskou.sk\/wp-content\/uploads\/2023\/06\/Efes-10.jpg?resize=48%2C60&amp;ssl=1 48w, https:\/\/i0.wp.com\/istanbulsmiskou.sk\/wp-content\/uploads\/2023\/06\/Efes-10.jpg?resize=448%2C560&amp;ssl=1 448w\" sizes=\"(max-width: 790px) 100vw, 790px\" \/>\t\t\t\t\t\t\t\t\t\t\t<figcaption class=\"widget-image-caption wp-caption-text\">najstar\u0161ia reklama sveta<\/figcaption>\n\t\t\t\t\t\t\t\t\t\t<\/figure>\n\t\t\t\t\t\t\t\t\t<\/div>\n\t\t\t\t<\/div>\n\t\t\t\t\t<\/div>\n\t\t<\/div>\n\t\t\t\t\t<\/div>\n\t\t<\/section>\n\t\t\t\t<section class=\"elementor-section elementor-top-section elementor-element elementor-element-022becf elementor-section-boxed elementor-section-height-default elementor-section-height-default\" data-id=\"022becf\" data-element_type=\"section\" data-e-type=\"section\">\n\t\t\t\t\t\t<div class=\"elementor-container elementor-column-gap-default\">\n\t\t\t\t\t<div class=\"elementor-column elementor-col-100 elementor-top-column elementor-element elementor-element-5d4bb3b\" data-id=\"5d4bb3b\" data-element_type=\"column\" data-e-type=\"column\">\n\t\t\t<div class=\"elementor-widget-wrap elementor-element-populated\">\n\t\t\t\t\t\t<div class=\"elementor-element elementor-element-1581bf1 elementor-widget elementor-widget-heading\" data-id=\"1581bf1\" data-element_type=\"widget\" data-e-type=\"widget\" data-widget_type=\"heading.default\">\n\t\t\t\t<div class=\"elementor-widget-container\">\n\t\t\t\t\t<h4 class=\"elementor-heading-title elementor-size-default\"><span class=\"ez-toc-section\" id=\"Hadrianova_brana\"><\/span>Hadri\u00e1nova br\u00e1na<span class=\"ez-toc-section-end\"><\/span><\/h4>\t\t\t\t<\/div>\n\t\t\t\t<\/div>\n\t\t\t\t\t<\/div>\n\t\t<\/div>\n\t\t\t\t\t<\/div>\n\t\t<\/section>\n\t\t\t\t<section class=\"elementor-section elementor-top-section elementor-element elementor-element-ce0b21e elementor-section-boxed elementor-section-height-default elementor-section-height-default\" data-id=\"ce0b21e\" data-element_type=\"section\" data-e-type=\"section\">\n\t\t\t\t\t\t<div class=\"elementor-container elementor-column-gap-default\">\n\t\t\t\t\t<div class=\"elementor-column elementor-col-100 elementor-top-column elementor-element elementor-element-061f871\" data-id=\"061f871\" data-element_type=\"column\" data-e-type=\"column\">\n\t\t\t<div class=\"elementor-widget-wrap elementor-element-populated\">\n\t\t\t\t\t\t<div class=\"elementor-element elementor-element-fe4a271 elementor-widget elementor-widget-text-editor\" data-id=\"fe4a271\" data-element_type=\"widget\" data-e-type=\"widget\" data-widget_type=\"text-editor.default\">\n\t\t\t\t<div class=\"elementor-widget-container\">\n\t\t\t\t\t\t\t\t\t<p>Monument\u00e1lna br\u00e1na z r\u00edmskeho obdobia dnes zn\u00e1ma ako Hadri\u00e1nova br\u00e1na bola vy\u0161e <b>16,6 metra vysok\u00e1 a 11,4 metra \u0161irok\u00e1.<\/b> Predpoklad\u00e1 sa, \u017ee <b>stavba za\u010dala na br\u00e1ne tesne pred rokom 117 n\u00e1\u0161ho letopo\u010dtu,<\/b> za vl\u00e1dy cis\u00e1ra Traj\u00e1na (98-117 n.l.).<\/p>\n<p>Budova bola spojen\u00e1 s Hadri\u00e1nom \u010diasto\u010dne kv\u00f4li jej <b>podobnosti s Hadri\u00e1novou br\u00e1nou <\/b>v At\u00e9nach, ktor\u00e1 mohla by\u0165 modelovan\u00e1 pod\u013ea tejto a in\u00fdch podobn\u00fdch br\u00e1n postaven\u00fdch sk\u00f4r v Anat\u00f3lii (Mal\u00e1 \u00c1zia). Zd\u00e1 sa, \u017ee neexistuj\u00fa \u017eiadne priame d\u00f4kazy na podporu te\u00f3ri\u00ed, \u017ee br\u00e1na bola zasv\u00e4ten\u00e1 Traj\u00e1novi alebo Hadri\u00e1novi po\u010das n\u00e1v\u0161tevy jedn\u00e9ho z cis\u00e1rov v Efeze.<\/p>\n<p>Po\u010das zemetrasenia a n\u00e1slednom vyplienenia mesta G\u00f3tmi <b>bola br\u00e1na prestavan\u00e1<\/b> v 4. &#8211; 5. storo\u010d\u00ed n\u00e1\u0161ho letopo\u010dtu <b>na stavbu typu font\u00e1ny<\/b>. V n\u00e1pise z 5. storo\u010dia sa kres\u0165an menom <b>Demeas<\/b> chv\u00e1li, \u017ee <b>z br\u00e1ny odstr\u00e1nil sochu Artemis a pridal kr\u00ed\u017e<\/b>. Na obl\u00faku bol <b>aj kr\u00ed\u017e vytesan\u00fd<\/b>, ktor\u00fd br\u00e1nu premenil na kres\u0165ansk\u00fa pamiatku.<\/p>\t\t\t\t\t\t\t\t<\/div>\n\t\t\t\t<\/div>\n\t\t\t\t\t<\/div>\n\t\t<\/div>\n\t\t\t\t\t<\/div>\n\t\t<\/section>\n\t\t\t\t<section class=\"elementor-section elementor-top-section elementor-element elementor-element-bcf66f2 elementor-section-boxed elementor-section-height-default elementor-section-height-default\" data-id=\"bcf66f2\" data-element_type=\"section\" data-e-type=\"section\">\n\t\t\t\t\t\t<div class=\"elementor-container elementor-column-gap-default\">\n\t\t\t\t\t<div class=\"elementor-column elementor-col-100 elementor-top-column elementor-element elementor-element-4528f06\" data-id=\"4528f06\" data-element_type=\"column\" data-e-type=\"column\">\n\t\t\t<div class=\"elementor-widget-wrap elementor-element-populated\">\n\t\t\t\t\t\t<div class=\"elementor-element elementor-element-8b1a05d elementor-widget elementor-widget-image\" data-id=\"8b1a05d\" data-element_type=\"widget\" data-e-type=\"widget\" data-widget_type=\"image.default\">\n\t\t\t\t<div class=\"elementor-widget-container\">\n\t\t\t\t\t\t\t\t\t\t\t\t<figure class=\"wp-caption\">\n\t\t\t\t\t\t\t\t\t\t<img loading=\"lazy\" decoding=\"async\" width=\"768\" height=\"1024\" src=\"https:\/\/i0.wp.com\/istanbulsmiskou.sk\/wp-content\/uploads\/2023\/06\/WhatsApp-Image-2023-06-14-at-16.54.09.jpg?fit=768%2C1024&amp;ssl=1\" class=\"attachment-large size-large wp-image-672\" alt=\"\" srcset=\"https:\/\/i0.wp.com\/istanbulsmiskou.sk\/wp-content\/uploads\/2023\/06\/WhatsApp-Image-2023-06-14-at-16.54.09.jpg?w=768&amp;ssl=1 768w, https:\/\/i0.wp.com\/istanbulsmiskou.sk\/wp-content\/uploads\/2023\/06\/WhatsApp-Image-2023-06-14-at-16.54.09.jpg?resize=225%2C300&amp;ssl=1 225w, https:\/\/i0.wp.com\/istanbulsmiskou.sk\/wp-content\/uploads\/2023\/06\/WhatsApp-Image-2023-06-14-at-16.54.09.jpg?resize=45%2C60&amp;ssl=1 45w\" sizes=\"(max-width: 768px) 100vw, 768px\" \/>\t\t\t\t\t\t\t\t\t\t\t<figcaption class=\"widget-image-caption wp-caption-text\">jedna \u010das\u0165 Hadri\u00e1novej br\u00e1ny<\/figcaption>\n\t\t\t\t\t\t\t\t\t\t<\/figure>\n\t\t\t\t\t\t\t\t\t<\/div>\n\t\t\t\t<\/div>\n\t\t\t\t\t<\/div>\n\t\t<\/div>\n\t\t\t\t\t<\/div>\n\t\t<\/section>\n\t\t\t\t<section class=\"elementor-section elementor-top-section elementor-element elementor-element-14945c1 elementor-section-boxed elementor-section-height-default elementor-section-height-default\" data-id=\"14945c1\" data-element_type=\"section\" data-e-type=\"section\">\n\t\t\t\t\t\t<div class=\"elementor-container elementor-column-gap-default\">\n\t\t\t\t\t<div class=\"elementor-column elementor-col-100 elementor-top-column elementor-element elementor-element-22b5976\" data-id=\"22b5976\" data-element_type=\"column\" data-e-type=\"column\">\n\t\t\t<div class=\"elementor-widget-wrap elementor-element-populated\">\n\t\t\t\t\t\t<div class=\"elementor-element elementor-element-c58fcc3 elementor-widget elementor-widget-heading\" data-id=\"c58fcc3\" data-element_type=\"widget\" data-e-type=\"widget\" data-widget_type=\"heading.default\">\n\t\t\t\t<div class=\"elementor-widget-container\">\n\t\t\t\t\t<h4 class=\"elementor-heading-title elementor-size-default\"><span class=\"ez-toc-section\" id=\"Herkulova_brana\"><\/span>Herkulova br\u00e1na<span class=\"ez-toc-section-end\"><\/span><\/h4>\t\t\t\t<\/div>\n\t\t\t\t<\/div>\n\t\t\t\t\t<\/div>\n\t\t<\/div>\n\t\t\t\t\t<\/div>\n\t\t<\/section>\n\t\t\t\t<section class=\"elementor-section elementor-top-section elementor-element elementor-element-e170d7f elementor-section-boxed elementor-section-height-default elementor-section-height-default\" data-id=\"e170d7f\" data-element_type=\"section\" data-e-type=\"section\">\n\t\t\t\t\t\t<div class=\"elementor-container elementor-column-gap-default\">\n\t\t\t\t\t<div class=\"elementor-column elementor-col-100 elementor-top-column elementor-element elementor-element-9071156\" data-id=\"9071156\" data-element_type=\"column\" data-e-type=\"column\">\n\t\t\t<div class=\"elementor-widget-wrap elementor-element-populated\">\n\t\t\t\t\t\t<div class=\"elementor-element elementor-element-0ca7b27 elementor-widget elementor-widget-text-editor\" data-id=\"0ca7b27\" data-element_type=\"widget\" data-e-type=\"widget\" data-widget_type=\"text-editor.default\">\n\t\t\t\t<div class=\"elementor-widget-container\">\n\t\t\t\t\t\t\t\t\t<p>Herkulova br\u00e1na bola <b>postaven\u00e1 v 4. alebo 5. storo\u010d\u00ed n\u00e1\u0161ho letopo\u010dtu.<\/b> Existuj\u00fa presved\u010div\u00e9 d\u00f4kazy o tom, \u017ee br\u00e1na bola premiestnen\u00e1 do svojej s\u00fa\u010dasnej polohy z in\u00e9ho miesta alebo bola zostaven\u00e1 zo star\u0161\u00edch materi\u00e1lov, vr\u00e1tane jej reli\u00e9fov z 2. storo\u010dia n\u00e1\u0161ho letopo\u010dtu. T\u00e1to <b>\u00fazka br\u00e1na zmenila sp\u00f4sob pou\u017e\u00edvania ulice, preto\u017ee br\u00e1nila voz\u0148om a in\u00fdm vozidl\u00e1m vst\u00fapi\u0165 na ulicu.<\/b> Od tohto momentu bola ulica <b>Curetes ur\u010den\u00e1 len pre chodcov.<\/b><\/p>\n<p>Br\u00e1na sa naz\u00fdva <b>Herkulova br\u00e1na,<\/b> preto\u017ee jej zachovan\u00e9 <b>reli\u00e9fy na dvoch dver\u00e1ch zobrazuj\u00fa tohto starovek\u00e9ho superhrdinu. <\/b>Na t\u00fdchto reli\u00e9foch je <b>Herkules zobrazen\u00fd s ko\u017eou nemejsk\u00e9ho leva.<\/b> V\u0161eobecne sa uzn\u00e1va, \u017ee <b>reli\u00e9f lietaj\u00facej bohyne v\u00ed\u0165azstva Nik\u00e9<\/b> (teraz vystaven\u00fd na severoz\u00e1pade Domiti\u00e1nskeho n\u00e1mestia), bol <b>p\u00f4vodne namontovan\u00fd<\/b> na <b>obl\u00faku br\u00e1ny<\/b>. Okr\u00eddlen\u00e1 <b>bohy\u0148a v\u00ed\u0165azstva<\/b> je zobrazen\u00e1, ako dr\u017e\u00ed v \u013eavej ruke veniec z olivov\u00fdch listov. V pravej ruke dr\u017e\u00ed vetvu palmy, ktor\u00e1 symbolizuje ovocie v\u00ed\u0165azstva, ako je mier a prosperita.<\/p>\t\t\t\t\t\t\t\t<\/div>\n\t\t\t\t<\/div>\n\t\t\t\t\t<\/div>\n\t\t<\/div>\n\t\t\t\t\t<\/div>\n\t\t<\/section>\n\t\t\t\t<section class=\"elementor-section elementor-top-section elementor-element elementor-element-c0bf497 elementor-section-boxed elementor-section-height-default elementor-section-height-default\" data-id=\"c0bf497\" data-element_type=\"section\" data-e-type=\"section\">\n\t\t\t\t\t\t<div class=\"elementor-container elementor-column-gap-default\">\n\t\t\t\t\t<div class=\"elementor-column elementor-col-100 elementor-top-column elementor-element elementor-element-5a463b9\" data-id=\"5a463b9\" data-element_type=\"column\" data-e-type=\"column\">\n\t\t\t<div class=\"elementor-widget-wrap elementor-element-populated\">\n\t\t\t\t\t\t<div class=\"elementor-element elementor-element-963ab07 elementor-widget elementor-widget-image\" data-id=\"963ab07\" data-element_type=\"widget\" data-e-type=\"widget\" data-widget_type=\"image.default\">\n\t\t\t\t<div class=\"elementor-widget-container\">\n\t\t\t\t\t\t\t\t\t\t\t\t<figure class=\"wp-caption\">\n\t\t\t\t\t\t\t\t\t\t<img loading=\"lazy\" decoding=\"async\" width=\"790\" height=\"444\" src=\"https:\/\/i0.wp.com\/istanbulsmiskou.sk\/wp-content\/uploads\/2023\/06\/Efes-33.jpg?fit=790%2C444&amp;ssl=1\" class=\"attachment-large size-large wp-image-673\" alt=\"\" srcset=\"https:\/\/i0.wp.com\/istanbulsmiskou.sk\/wp-content\/uploads\/2023\/06\/Efes-33.jpg?w=1707&amp;ssl=1 1707w, https:\/\/i0.wp.com\/istanbulsmiskou.sk\/wp-content\/uploads\/2023\/06\/Efes-33.jpg?resize=300%2C169&amp;ssl=1 300w, https:\/\/i0.wp.com\/istanbulsmiskou.sk\/wp-content\/uploads\/2023\/06\/Efes-33.jpg?resize=1024%2C576&amp;ssl=1 1024w, https:\/\/i0.wp.com\/istanbulsmiskou.sk\/wp-content\/uploads\/2023\/06\/Efes-33.jpg?resize=768%2C432&amp;ssl=1 768w, https:\/\/i0.wp.com\/istanbulsmiskou.sk\/wp-content\/uploads\/2023\/06\/Efes-33.jpg?resize=1536%2C864&amp;ssl=1 1536w, https:\/\/i0.wp.com\/istanbulsmiskou.sk\/wp-content\/uploads\/2023\/06\/Efes-33.jpg?resize=107%2C60&amp;ssl=1 107w\" sizes=\"(max-width: 790px) 100vw, 790px\" \/>\t\t\t\t\t\t\t\t\t\t\t<figcaption class=\"widget-image-caption wp-caption-text\">Herkulova br\u00e1na<\/figcaption>\n\t\t\t\t\t\t\t\t\t\t<\/figure>\n\t\t\t\t\t\t\t\t\t<\/div>\n\t\t\t\t<\/div>\n\t\t\t\t\t<\/div>\n\t\t<\/div>\n\t\t\t\t\t<\/div>\n\t\t<\/section>\n\t\t\t\t<section class=\"elementor-section elementor-top-section elementor-element elementor-element-e9df792 elementor-section-boxed elementor-section-height-default elementor-section-height-default\" data-id=\"e9df792\" data-element_type=\"section\" data-e-type=\"section\">\n\t\t\t\t\t\t<div class=\"elementor-container elementor-column-gap-default\">\n\t\t\t\t\t<div class=\"elementor-column elementor-col-100 elementor-top-column elementor-element elementor-element-e4800fa\" data-id=\"e4800fa\" data-element_type=\"column\" data-e-type=\"column\">\n\t\t\t<div class=\"elementor-widget-wrap elementor-element-populated\">\n\t\t\t\t\t\t<div class=\"elementor-element elementor-element-c639539 elementor-widget elementor-widget-heading\" data-id=\"c639539\" data-element_type=\"widget\" data-e-type=\"widget\" data-widget_type=\"heading.default\">\n\t\t\t\t<div class=\"elementor-widget-container\">\n\t\t\t\t\t<h4 class=\"elementor-heading-title elementor-size-default\"><span class=\"ez-toc-section\" id=\"Trajanova_fontana\"><\/span>Traj\u00e1nov\u00e1 font\u00e1na<span class=\"ez-toc-section-end\"><\/span><\/h4>\t\t\t\t<\/div>\n\t\t\t\t<\/div>\n\t\t\t\t\t<\/div>\n\t\t<\/div>\n\t\t\t\t\t<\/div>\n\t\t<\/section>\n\t\t\t\t<section class=\"elementor-section elementor-top-section elementor-element elementor-element-9d7867d elementor-section-boxed elementor-section-height-default elementor-section-height-default\" data-id=\"9d7867d\" data-element_type=\"section\" data-e-type=\"section\">\n\t\t\t\t\t\t<div class=\"elementor-container elementor-column-gap-default\">\n\t\t\t\t\t<div class=\"elementor-column elementor-col-100 elementor-top-column elementor-element elementor-element-5309bc9\" data-id=\"5309bc9\" data-element_type=\"column\" data-e-type=\"column\">\n\t\t\t<div class=\"elementor-widget-wrap elementor-element-populated\">\n\t\t\t\t\t\t<div class=\"elementor-element elementor-element-9d4de4f elementor-widget elementor-widget-text-editor\" data-id=\"9d4de4f\" data-element_type=\"widget\" data-e-type=\"widget\" data-widget_type=\"text-editor.default\">\n\t\t\t\t<div class=\"elementor-widget-container\">\n\t\t\t\t\t\t\t\t\t<p>Traj\u00e1nov\u00e1 font\u00e1na m\u00e1 <b>tvar baz\u00e9na obklopen\u00e9ho z troch str\u00e1n dvojpodla\u017enou kon\u0161trukciou<\/b>. Rovnako ako R\u00edm, aj starovek\u00fd <b>Efez bol mestom font\u00e1n<\/b>. V starovek\u00fdch mest\u00e1ch r\u00edmskej \u00e9ry v\u00e4\u010d\u0161ina dom\u00e1cnost\u00ed musela <b>\u010derpa\u0165 pitn\u00fa vodu z tak\u00fdchto font\u00e1n<\/b> a ka\u017ed\u00fd de\u0148 sa ob\u010dania, sluhovia a otroci pon\u00e1h\u013eali s n\u00e1dobami a vedrami, aby ich naplnili pri verejn\u00fdch font\u00e1nach. Tieto stavby sa l\u00ed\u0161ili od jednoduch\u00fdch a\u017e po prepracovan\u00e9 pam\u00e4tn\u00edky, ktor\u00e9 <b>zaplatili bohat\u00ed sponzori,<\/b> aby si pripomenuli ich men\u00e1 alebo vzdali \u00factu vl\u00e1dcom Imp\u00e9ria.<\/p>\n<p>T\u00e1to monument\u00e1lna stavba bola <b>postaven\u00e1 na po\u010des\u0165 Artemidy Efezskej a cis\u00e1ra Traj\u00e1na Tiberius Claudius Aristion<\/b> a jeho man\u017eelky. Font\u00e1na bola asi 9,5 metra vysok\u00e1 a 17 metrov dlh\u00e1. <b>Vo v\u00fdklenkoch<\/b> font\u00e1ny bolo umiestnen\u00fdch <b>najmenej desa\u0165 s\u00f4ch<\/b>. Po\u010das archeologick\u00fdch vykop\u00e1vok v okol\u00ed vedci <b>na\u0161li sochu Afrodity, dve sochy Dion\u00fdsa, nah\u00e9ho a oble\u010den\u00e9ho, mlad\u00e9ho lovca symbolizuj\u00faceho zakladate\u013ea mesta Androklosa, cis\u00e1ra Nervu, nieko\u013eko \u017eien a jedn\u00e9ho satyra v le\u017eiacej polohe.<\/b>&nbsp;V\u0161etky tieto n\u00e1lezy s\u00fa teraz vystaven\u00e9 v Efezskom m\u00fazeu v Sel\u00e7uku.<\/p>\n<p>Najd\u00f4le\u017eitej\u0161ou ozdobou font\u00e1ny bola <b>kolos\u00e1lna socha cis\u00e1ra Traj\u00e1na, dvakr\u00e1t v\u00e4\u010d\u0161ia ako ostatn\u00e9 sochy, <\/b>stojaca v strede budovy, z ktorej stekala voda do baz\u00e9na. Cis\u00e1r bol <b>zobrazen\u00fd so zemegu\u013eou pod nohami v nahej hrdinskej polohe pod\u013ea gr\u00e9ckej trad\u00edcie.<\/b> \u017dia\u013e, zachoval sa len podstavec sochy a cis\u00e1rske nohy.<\/p>\t\t\t\t\t\t\t\t<\/div>\n\t\t\t\t<\/div>\n\t\t\t\t\t<\/div>\n\t\t<\/div>\n\t\t\t\t\t<\/div>\n\t\t<\/section>\n\t\t\t\t<section class=\"elementor-section elementor-top-section elementor-element elementor-element-c74b82a elementor-section-boxed elementor-section-height-default elementor-section-height-default\" data-id=\"c74b82a\" data-element_type=\"section\" data-e-type=\"section\">\n\t\t\t\t\t\t<div class=\"elementor-container elementor-column-gap-default\">\n\t\t\t\t\t<div class=\"elementor-column elementor-col-100 elementor-top-column elementor-element elementor-element-ddc2c61\" data-id=\"ddc2c61\" data-element_type=\"column\" data-e-type=\"column\">\n\t\t\t<div class=\"elementor-widget-wrap elementor-element-populated\">\n\t\t\t\t\t\t<div class=\"elementor-element elementor-element-fe5e9be elementor-widget elementor-widget-image\" data-id=\"fe5e9be\" data-element_type=\"widget\" data-e-type=\"widget\" data-widget_type=\"image.default\">\n\t\t\t\t<div class=\"elementor-widget-container\">\n\t\t\t\t\t\t\t\t\t\t\t\t<figure class=\"wp-caption\">\n\t\t\t\t\t\t\t\t\t\t<img loading=\"lazy\" decoding=\"async\" width=\"790\" height=\"528\" src=\"https:\/\/i0.wp.com\/istanbulsmiskou.sk\/wp-content\/uploads\/2023\/06\/Efes-34-scaled.jpg?fit=790%2C528&amp;ssl=1\" class=\"attachment-large size-large wp-image-676\" alt=\"\" srcset=\"https:\/\/i0.wp.com\/istanbulsmiskou.sk\/wp-content\/uploads\/2023\/06\/Efes-34-scaled.jpg?w=2560&amp;ssl=1 2560w, https:\/\/i0.wp.com\/istanbulsmiskou.sk\/wp-content\/uploads\/2023\/06\/Efes-34-scaled.jpg?resize=300%2C200&amp;ssl=1 300w, https:\/\/i0.wp.com\/istanbulsmiskou.sk\/wp-content\/uploads\/2023\/06\/Efes-34-scaled.jpg?resize=1024%2C684&amp;ssl=1 1024w, https:\/\/i0.wp.com\/istanbulsmiskou.sk\/wp-content\/uploads\/2023\/06\/Efes-34-scaled.jpg?resize=768%2C513&amp;ssl=1 768w, https:\/\/i0.wp.com\/istanbulsmiskou.sk\/wp-content\/uploads\/2023\/06\/Efes-34-scaled.jpg?resize=1536%2C1025&amp;ssl=1 1536w, https:\/\/i0.wp.com\/istanbulsmiskou.sk\/wp-content\/uploads\/2023\/06\/Efes-34-scaled.jpg?resize=2048%2C1367&amp;ssl=1 2048w, https:\/\/i0.wp.com\/istanbulsmiskou.sk\/wp-content\/uploads\/2023\/06\/Efes-34-scaled.jpg?resize=90%2C60&amp;ssl=1 90w, https:\/\/i0.wp.com\/istanbulsmiskou.sk\/wp-content\/uploads\/2023\/06\/Efes-34-scaled.jpg?resize=374%2C249&amp;ssl=1 374w, https:\/\/i0.wp.com\/istanbulsmiskou.sk\/wp-content\/uploads\/2023\/06\/Efes-34-scaled.jpg?w=2370 2370w\" sizes=\"(max-width: 790px) 100vw, 790px\" \/>\t\t\t\t\t\t\t\t\t\t\t<figcaption class=\"widget-image-caption wp-caption-text\">Traj\u00e1nov\u00e1 font\u00e1na<\/figcaption>\n\t\t\t\t\t\t\t\t\t\t<\/figure>\n\t\t\t\t\t\t\t\t\t<\/div>\n\t\t\t\t<\/div>\n\t\t\t\t\t<\/div>\n\t\t<\/div>\n\t\t\t\t\t<\/div>\n\t\t<\/section>\n\t\t\t\t<section class=\"elementor-section elementor-top-section elementor-element elementor-element-2c6a9e1 elementor-section-boxed elementor-section-height-default elementor-section-height-default\" data-id=\"2c6a9e1\" data-element_type=\"section\" data-e-type=\"section\">\n\t\t\t\t\t\t<div class=\"elementor-container elementor-column-gap-default\">\n\t\t\t\t\t<div class=\"elementor-column elementor-col-100 elementor-top-column elementor-element elementor-element-6b8f92a\" data-id=\"6b8f92a\" data-element_type=\"column\" data-e-type=\"column\">\n\t\t\t<div class=\"elementor-widget-wrap elementor-element-populated\">\n\t\t\t\t\t\t<div class=\"elementor-element elementor-element-7b1c3b0 elementor-widget elementor-widget-heading\" data-id=\"7b1c3b0\" data-element_type=\"widget\" data-e-type=\"widget\" data-widget_type=\"heading.default\">\n\t\t\t\t<div class=\"elementor-widget-container\">\n\t\t\t\t\t<h2 class=\"elementor-heading-title elementor-size-default\"><span class=\"ez-toc-section\" id=\"A_co_dnes\"><\/span>A \u010do dnes? <span class=\"ez-toc-section-end\"><\/span><\/h2>\t\t\t\t<\/div>\n\t\t\t\t<\/div>\n\t\t\t\t\t<\/div>\n\t\t<\/div>\n\t\t\t\t\t<\/div>\n\t\t<\/section>\n\t\t\t\t<section class=\"elementor-section elementor-top-section elementor-element elementor-element-068a484 elementor-section-boxed elementor-section-height-default elementor-section-height-default\" data-id=\"068a484\" data-element_type=\"section\" data-e-type=\"section\">\n\t\t\t\t\t\t<div class=\"elementor-container elementor-column-gap-default\">\n\t\t\t\t\t<div class=\"elementor-column elementor-col-100 elementor-top-column elementor-element elementor-element-ae37800\" data-id=\"ae37800\" data-element_type=\"column\" data-e-type=\"column\">\n\t\t\t<div class=\"elementor-widget-wrap elementor-element-populated\">\n\t\t\t\t\t\t<div class=\"elementor-element elementor-element-fc13b23 elementor-widget elementor-widget-text-editor\" data-id=\"fc13b23\" data-element_type=\"widget\" data-e-type=\"widget\" data-widget_type=\"text-editor.default\">\n\t\t\t\t<div class=\"elementor-widget-container\">\n\t\t\t\t\t\t\t\t\t<p>Efez &#8211; starovek\u00e9 mesto pln\u00e9 hist\u00f3rie a kult\u00farneho bohatstva, n\u00e1m pon\u00faka <b>fascinuj\u00faci poh\u013ead do minulosti<\/b>. Jeho v\u00fdznamn\u00e1 \u00faloha v Gr\u00e9cku a R\u00edme, <b>bohat\u00e9 n\u00e1bo\u017eensk\u00e9 a kult\u00farne dedi\u010dstvo, v\u00fdznamn\u00e9 stavby<\/b> a umenie robia z Efezu jedno z najv\u00fdznamnej\u0161\u00edch antick\u00fdch miest na svete.<\/p>\n<p>Dnes je Efez <b>turistickou atrakciou, ktor\u00e1 pri\u0165ahuje n\u00e1v\u0161tevn\u00edkov z cel\u00e9ho sveta. <\/b>Je pre n\u00e1s d\u00f4le\u017eitou pripomienkou, \u017ee <b>starovek\u00e9 civiliz\u00e1cie mali vplyv na formovanie sveta, v ktorom \u017eijeme dnes<\/b>. Jeho hist\u00f3ria a dedi\u010dstvo n\u00e1m poskytuje hodnotn\u00fd poh\u013ead na na\u0161u vlastn\u00fa kult\u00faru a identitu.<\/p>\t\t\t\t\t\t\t\t<\/div>\n\t\t\t\t<\/div>\n\t\t\t\t\t<\/div>\n\t\t<\/div>\n\t\t\t\t\t<\/div>\n\t\t<\/section>\n\t\t\t\t<\/div>\n\t\t","protected":false},"excerpt":{"rendered":"<p>Efez, mesto pova\u017eovan\u00e9 za jedno z najv\u00fdznamnej\u0161\u00edch antick\u00fdch miest, sa nach\u00e1dza pribli\u017ene 80km od Izmiru, alebo len 20km od popul\u00e1rneho dovolenkov\u00e9ho letoviska Ku\u015fadas\u0131 na z\u00e1padnom pobre\u017e\u00ed Turecka. S bohatou hist\u00f3riou sa Efez stal zn\u00e1mym nielen ako obchodn\u00e9 a kult\u00farne centrum, ale aj ako miesto vzniku &hellip; <\/p>\n","protected":false},"author":1,"featured_media":656,"comment_status":"open","ping_status":"open","sticky":false,"template":"","format":"standard","meta":{"_eb_attr":"","_monsterinsights_skip_tracking":false,"_monsterinsights_sitenote_active":false,"_monsterinsights_sitenote_note":"","_monsterinsights_sitenote_category":0,"_jetpack_memberships_contains_paid_content":false,"footnotes":"","jetpack_publicize_message":"","jetpack_publicize_feature_enabled":true,"jetpack_social_post_already_shared":false,"jetpack_social_options":{"image_generator_settings":{"template":"highway","default_image_id":0,"font":"","enabled":false},"version":2}},"categories":[12,7],"tags":[],"class_list":["post-655","post","type-post","status-publish","format-standard","has-post-thumbnail","hentry","category-historia","category-turecko","latest_post"],"yoast_head":"<!-- This site is optimized with the Yoast SEO plugin v27.4 - https:\/\/yoast.com\/product\/yoast-seo-wordpress\/ -->\n<title>Efez - P\u00fdcha antick\u00e9ho sveta - Istanbul s Mi\u0161kou<\/title>\n<meta name=\"robots\" content=\"index, follow, max-snippet:-1, max-image-preview:large, max-video-preview:-1\" \/>\n<link rel=\"canonical\" href=\"https:\/\/istanbulsmiskou.sk\/?p=655\" \/>\n<meta property=\"og:locale\" content=\"sk_SK\" \/>\n<meta property=\"og:type\" content=\"article\" \/>\n<meta property=\"og:title\" content=\"Efez - P\u00fdcha antick\u00e9ho sveta - Istanbul s Mi\u0161kou\" \/>\n<meta property=\"og:description\" content=\"Efez, mesto pova\u017eovan\u00e9 za jedno z najv\u00fdznamnej\u0161\u00edch antick\u00fdch miest, sa nach\u00e1dza pribli\u017ene 80km od Izmiru, alebo len 20km od popul\u00e1rneho dovolenkov\u00e9ho letoviska Ku\u015fadas\u0131 na z\u00e1padnom pobre\u017e\u00ed Turecka. S bohatou hist\u00f3riou sa Efez stal zn\u00e1mym nielen ako obchodn\u00e9 a kult\u00farne centrum, ale aj ako miesto vzniku &hellip;\" \/>\n<meta property=\"og:url\" content=\"https:\/\/istanbulsmiskou.sk\/?p=655\" \/>\n<meta property=\"og:site_name\" content=\"Istanbul s Mi\u0161kou\" \/>\n<meta property=\"article:published_time\" content=\"2023-06-14T14:42:57+00:00\" \/>\n<meta property=\"article:modified_time\" content=\"2023-06-14T14:47:47+00:00\" \/>\n<meta property=\"og:image\" content=\"https:\/\/i0.wp.com\/istanbulsmiskou.sk\/wp-content\/uploads\/2023\/06\/Efes-15.jpg?fit=768%2C1024&ssl=1\" \/>\n\t<meta property=\"og:image:width\" content=\"768\" \/>\n\t<meta property=\"og:image:height\" content=\"1024\" \/>\n\t<meta property=\"og:image:type\" content=\"image\/jpeg\" \/>\n<meta name=\"author\" content=\"Istanbul_s_miskou\" \/>\n<meta name=\"twitter:card\" content=\"summary_large_image\" \/>\n<meta name=\"twitter:label1\" content=\"Autor\" \/>\n\t<meta name=\"twitter:data1\" content=\"Istanbul_s_miskou\" \/>\n\t<meta name=\"twitter:label2\" content=\"Predpokladan\u00fd \u010das \u010d\u00edtania\" \/>\n\t<meta name=\"twitter:data2\" content=\"14 min\u00fat\" \/>\n<script type=\"application\/ld+json\" class=\"yoast-schema-graph\">{\"@context\":\"https:\\\/\\\/schema.org\",\"@graph\":[{\"@type\":\"Article\",\"@id\":\"https:\\\/\\\/istanbulsmiskou.sk\\\/?p=655#article\",\"isPartOf\":{\"@id\":\"https:\\\/\\\/istanbulsmiskou.sk\\\/?p=655\"},\"author\":{\"name\":\"Istanbul_s_miskou\",\"@id\":\"https:\\\/\\\/istanbulsmiskou.sk\\\/#\\\/schema\\\/person\\\/bc7275970398e2a92dfc4822e6caf7a5\"},\"headline\":\"Efez &#8211; P\u00fdcha antick\u00e9ho sveta\",\"datePublished\":\"2023-06-14T14:42:57+00:00\",\"dateModified\":\"2023-06-14T14:47:47+00:00\",\"mainEntityOfPage\":{\"@id\":\"https:\\\/\\\/istanbulsmiskou.sk\\\/?p=655\"},\"wordCount\":2594,\"commentCount\":0,\"publisher\":{\"@id\":\"https:\\\/\\\/istanbulsmiskou.sk\\\/#\\\/schema\\\/person\\\/bc7275970398e2a92dfc4822e6caf7a5\"},\"image\":{\"@id\":\"https:\\\/\\\/istanbulsmiskou.sk\\\/?p=655#primaryimage\"},\"thumbnailUrl\":\"https:\\\/\\\/i0.wp.com\\\/istanbulsmiskou.sk\\\/wp-content\\\/uploads\\\/2023\\\/06\\\/Efes-15.jpg?fit=768%2C1024&ssl=1\",\"articleSection\":[\"Hist\u00f3ria\",\"Turecko\"],\"inLanguage\":\"sk-SK\",\"potentialAction\":[{\"@type\":\"CommentAction\",\"name\":\"Comment\",\"target\":[\"https:\\\/\\\/istanbulsmiskou.sk\\\/?p=655#respond\"]}]},{\"@type\":\"WebPage\",\"@id\":\"https:\\\/\\\/istanbulsmiskou.sk\\\/?p=655\",\"url\":\"https:\\\/\\\/istanbulsmiskou.sk\\\/?p=655\",\"name\":\"Efez - P\u00fdcha antick\u00e9ho sveta - Istanbul s Mi\u0161kou\",\"isPartOf\":{\"@id\":\"https:\\\/\\\/istanbulsmiskou.sk\\\/#website\"},\"primaryImageOfPage\":{\"@id\":\"https:\\\/\\\/istanbulsmiskou.sk\\\/?p=655#primaryimage\"},\"image\":{\"@id\":\"https:\\\/\\\/istanbulsmiskou.sk\\\/?p=655#primaryimage\"},\"thumbnailUrl\":\"https:\\\/\\\/i0.wp.com\\\/istanbulsmiskou.sk\\\/wp-content\\\/uploads\\\/2023\\\/06\\\/Efes-15.jpg?fit=768%2C1024&ssl=1\",\"datePublished\":\"2023-06-14T14:42:57+00:00\",\"dateModified\":\"2023-06-14T14:47:47+00:00\",\"breadcrumb\":{\"@id\":\"https:\\\/\\\/istanbulsmiskou.sk\\\/?p=655#breadcrumb\"},\"inLanguage\":\"sk-SK\",\"potentialAction\":[{\"@type\":\"ReadAction\",\"target\":[\"https:\\\/\\\/istanbulsmiskou.sk\\\/?p=655\"]}]},{\"@type\":\"ImageObject\",\"inLanguage\":\"sk-SK\",\"@id\":\"https:\\\/\\\/istanbulsmiskou.sk\\\/?p=655#primaryimage\",\"url\":\"https:\\\/\\\/i0.wp.com\\\/istanbulsmiskou.sk\\\/wp-content\\\/uploads\\\/2023\\\/06\\\/Efes-15.jpg?fit=768%2C1024&ssl=1\",\"contentUrl\":\"https:\\\/\\\/i0.wp.com\\\/istanbulsmiskou.sk\\\/wp-content\\\/uploads\\\/2023\\\/06\\\/Efes-15.jpg?fit=768%2C1024&ssl=1\",\"width\":768,\"height\":1024},{\"@type\":\"BreadcrumbList\",\"@id\":\"https:\\\/\\\/istanbulsmiskou.sk\\\/?p=655#breadcrumb\",\"itemListElement\":[{\"@type\":\"ListItem\",\"position\":1,\"name\":\"Domov\",\"item\":\"https:\\\/\\\/istanbulsmiskou.sk\\\/\"},{\"@type\":\"ListItem\",\"position\":2,\"name\":\"Efez &#8211; P\u00fdcha antick\u00e9ho sveta\"}]},{\"@type\":\"WebSite\",\"@id\":\"https:\\\/\\\/istanbulsmiskou.sk\\\/#website\",\"url\":\"https:\\\/\\\/istanbulsmiskou.sk\\\/\",\"name\":\"Istanbul s Mi\u0161kou\",\"description\":\"Istanbul ako ho (ne)pozn\u00e1te\",\"publisher\":{\"@id\":\"https:\\\/\\\/istanbulsmiskou.sk\\\/#\\\/schema\\\/person\\\/bc7275970398e2a92dfc4822e6caf7a5\"},\"potentialAction\":[{\"@type\":\"SearchAction\",\"target\":{\"@type\":\"EntryPoint\",\"urlTemplate\":\"https:\\\/\\\/istanbulsmiskou.sk\\\/?s={search_term_string}\"},\"query-input\":{\"@type\":\"PropertyValueSpecification\",\"valueRequired\":true,\"valueName\":\"search_term_string\"}}],\"inLanguage\":\"sk-SK\"},{\"@type\":[\"Person\",\"Organization\"],\"@id\":\"https:\\\/\\\/istanbulsmiskou.sk\\\/#\\\/schema\\\/person\\\/bc7275970398e2a92dfc4822e6caf7a5\",\"name\":\"Istanbul_s_miskou\",\"image\":{\"@type\":\"ImageObject\",\"inLanguage\":\"sk-SK\",\"@id\":\"https:\\\/\\\/istanbulsmiskou.sk\\\/wp-content\\\/uploads\\\/2024\\\/12\\\/Handdrawn-Circle-Logo-1-1024x1024.png\",\"url\":\"https:\\\/\\\/istanbulsmiskou.sk\\\/wp-content\\\/uploads\\\/2024\\\/12\\\/Handdrawn-Circle-Logo-1-1024x1024.png\",\"contentUrl\":\"https:\\\/\\\/istanbulsmiskou.sk\\\/wp-content\\\/uploads\\\/2024\\\/12\\\/Handdrawn-Circle-Logo-1-1024x1024.png\",\"width\":1024,\"height\":1024,\"caption\":\"Istanbul_s_miskou\"},\"logo\":{\"@id\":\"https:\\\/\\\/istanbulsmiskou.sk\\\/wp-content\\\/uploads\\\/2024\\\/12\\\/Handdrawn-Circle-Logo-1-1024x1024.png\"},\"sameAs\":[\"http:\\\/\\\/istanbulsmiskou.sk\"],\"url\":\"https:\\\/\\\/istanbulsmiskou.sk\\\/?author=1\"}]}<\/script>\n<!-- \/ Yoast SEO plugin. -->","yoast_head_json":{"title":"Efez - P\u00fdcha antick\u00e9ho sveta - Istanbul s Mi\u0161kou","robots":{"index":"index","follow":"follow","max-snippet":"max-snippet:-1","max-image-preview":"max-image-preview:large","max-video-preview":"max-video-preview:-1"},"canonical":"https:\/\/istanbulsmiskou.sk\/?p=655","og_locale":"sk_SK","og_type":"article","og_title":"Efez - P\u00fdcha antick\u00e9ho sveta - Istanbul s Mi\u0161kou","og_description":"Efez, mesto pova\u017eovan\u00e9 za jedno z najv\u00fdznamnej\u0161\u00edch antick\u00fdch miest, sa nach\u00e1dza pribli\u017ene 80km od Izmiru, alebo len 20km od popul\u00e1rneho dovolenkov\u00e9ho letoviska Ku\u015fadas\u0131 na z\u00e1padnom pobre\u017e\u00ed Turecka. S bohatou hist\u00f3riou sa Efez stal zn\u00e1mym nielen ako obchodn\u00e9 a kult\u00farne centrum, ale aj ako miesto vzniku &hellip;","og_url":"https:\/\/istanbulsmiskou.sk\/?p=655","og_site_name":"Istanbul s Mi\u0161kou","article_published_time":"2023-06-14T14:42:57+00:00","article_modified_time":"2023-06-14T14:47:47+00:00","og_image":[{"width":768,"height":1024,"url":"https:\/\/i0.wp.com\/istanbulsmiskou.sk\/wp-content\/uploads\/2023\/06\/Efes-15.jpg?fit=768%2C1024&ssl=1","type":"image\/jpeg"}],"author":"Istanbul_s_miskou","twitter_card":"summary_large_image","twitter_misc":{"Autor":"Istanbul_s_miskou","Predpokladan\u00fd \u010das \u010d\u00edtania":"14 min\u00fat"},"schema":{"@context":"https:\/\/schema.org","@graph":[{"@type":"Article","@id":"https:\/\/istanbulsmiskou.sk\/?p=655#article","isPartOf":{"@id":"https:\/\/istanbulsmiskou.sk\/?p=655"},"author":{"name":"Istanbul_s_miskou","@id":"https:\/\/istanbulsmiskou.sk\/#\/schema\/person\/bc7275970398e2a92dfc4822e6caf7a5"},"headline":"Efez &#8211; P\u00fdcha antick\u00e9ho sveta","datePublished":"2023-06-14T14:42:57+00:00","dateModified":"2023-06-14T14:47:47+00:00","mainEntityOfPage":{"@id":"https:\/\/istanbulsmiskou.sk\/?p=655"},"wordCount":2594,"commentCount":0,"publisher":{"@id":"https:\/\/istanbulsmiskou.sk\/#\/schema\/person\/bc7275970398e2a92dfc4822e6caf7a5"},"image":{"@id":"https:\/\/istanbulsmiskou.sk\/?p=655#primaryimage"},"thumbnailUrl":"https:\/\/i0.wp.com\/istanbulsmiskou.sk\/wp-content\/uploads\/2023\/06\/Efes-15.jpg?fit=768%2C1024&ssl=1","articleSection":["Hist\u00f3ria","Turecko"],"inLanguage":"sk-SK","potentialAction":[{"@type":"CommentAction","name":"Comment","target":["https:\/\/istanbulsmiskou.sk\/?p=655#respond"]}]},{"@type":"WebPage","@id":"https:\/\/istanbulsmiskou.sk\/?p=655","url":"https:\/\/istanbulsmiskou.sk\/?p=655","name":"Efez - P\u00fdcha antick\u00e9ho sveta - Istanbul s Mi\u0161kou","isPartOf":{"@id":"https:\/\/istanbulsmiskou.sk\/#website"},"primaryImageOfPage":{"@id":"https:\/\/istanbulsmiskou.sk\/?p=655#primaryimage"},"image":{"@id":"https:\/\/istanbulsmiskou.sk\/?p=655#primaryimage"},"thumbnailUrl":"https:\/\/i0.wp.com\/istanbulsmiskou.sk\/wp-content\/uploads\/2023\/06\/Efes-15.jpg?fit=768%2C1024&ssl=1","datePublished":"2023-06-14T14:42:57+00:00","dateModified":"2023-06-14T14:47:47+00:00","breadcrumb":{"@id":"https:\/\/istanbulsmiskou.sk\/?p=655#breadcrumb"},"inLanguage":"sk-SK","potentialAction":[{"@type":"ReadAction","target":["https:\/\/istanbulsmiskou.sk\/?p=655"]}]},{"@type":"ImageObject","inLanguage":"sk-SK","@id":"https:\/\/istanbulsmiskou.sk\/?p=655#primaryimage","url":"https:\/\/i0.wp.com\/istanbulsmiskou.sk\/wp-content\/uploads\/2023\/06\/Efes-15.jpg?fit=768%2C1024&ssl=1","contentUrl":"https:\/\/i0.wp.com\/istanbulsmiskou.sk\/wp-content\/uploads\/2023\/06\/Efes-15.jpg?fit=768%2C1024&ssl=1","width":768,"height":1024},{"@type":"BreadcrumbList","@id":"https:\/\/istanbulsmiskou.sk\/?p=655#breadcrumb","itemListElement":[{"@type":"ListItem","position":1,"name":"Domov","item":"https:\/\/istanbulsmiskou.sk\/"},{"@type":"ListItem","position":2,"name":"Efez &#8211; P\u00fdcha antick\u00e9ho sveta"}]},{"@type":"WebSite","@id":"https:\/\/istanbulsmiskou.sk\/#website","url":"https:\/\/istanbulsmiskou.sk\/","name":"Istanbul s Mi\u0161kou","description":"Istanbul ako ho (ne)pozn\u00e1te","publisher":{"@id":"https:\/\/istanbulsmiskou.sk\/#\/schema\/person\/bc7275970398e2a92dfc4822e6caf7a5"},"potentialAction":[{"@type":"SearchAction","target":{"@type":"EntryPoint","urlTemplate":"https:\/\/istanbulsmiskou.sk\/?s={search_term_string}"},"query-input":{"@type":"PropertyValueSpecification","valueRequired":true,"valueName":"search_term_string"}}],"inLanguage":"sk-SK"},{"@type":["Person","Organization"],"@id":"https:\/\/istanbulsmiskou.sk\/#\/schema\/person\/bc7275970398e2a92dfc4822e6caf7a5","name":"Istanbul_s_miskou","image":{"@type":"ImageObject","inLanguage":"sk-SK","@id":"https:\/\/istanbulsmiskou.sk\/wp-content\/uploads\/2024\/12\/Handdrawn-Circle-Logo-1-1024x1024.png","url":"https:\/\/istanbulsmiskou.sk\/wp-content\/uploads\/2024\/12\/Handdrawn-Circle-Logo-1-1024x1024.png","contentUrl":"https:\/\/istanbulsmiskou.sk\/wp-content\/uploads\/2024\/12\/Handdrawn-Circle-Logo-1-1024x1024.png","width":1024,"height":1024,"caption":"Istanbul_s_miskou"},"logo":{"@id":"https:\/\/istanbulsmiskou.sk\/wp-content\/uploads\/2024\/12\/Handdrawn-Circle-Logo-1-1024x1024.png"},"sameAs":["http:\/\/istanbulsmiskou.sk"],"url":"https:\/\/istanbulsmiskou.sk\/?author=1"}]}},"jetpack_publicize_connections":[],"jetpack_featured_media_url":"https:\/\/i0.wp.com\/istanbulsmiskou.sk\/wp-content\/uploads\/2023\/06\/Efes-15.jpg?fit=768%2C1024&ssl=1","jetpack_sharing_enabled":true,"_links":{"self":[{"href":"https:\/\/istanbulsmiskou.sk\/index.php?rest_route=\/wp\/v2\/posts\/655","targetHints":{"allow":["GET"]}}],"collection":[{"href":"https:\/\/istanbulsmiskou.sk\/index.php?rest_route=\/wp\/v2\/posts"}],"about":[{"href":"https:\/\/istanbulsmiskou.sk\/index.php?rest_route=\/wp\/v2\/types\/post"}],"author":[{"embeddable":true,"href":"https:\/\/istanbulsmiskou.sk\/index.php?rest_route=\/wp\/v2\/users\/1"}],"replies":[{"embeddable":true,"href":"https:\/\/istanbulsmiskou.sk\/index.php?rest_route=%2Fwp%2Fv2%2Fcomments&post=655"}],"version-history":[{"count":5,"href":"https:\/\/istanbulsmiskou.sk\/index.php?rest_route=\/wp\/v2\/posts\/655\/revisions"}],"predecessor-version":[{"id":680,"href":"https:\/\/istanbulsmiskou.sk\/index.php?rest_route=\/wp\/v2\/posts\/655\/revisions\/680"}],"wp:featuredmedia":[{"embeddable":true,"href":"https:\/\/istanbulsmiskou.sk\/index.php?rest_route=\/wp\/v2\/media\/656"}],"wp:attachment":[{"href":"https:\/\/istanbulsmiskou.sk\/index.php?rest_route=%2Fwp%2Fv2%2Fmedia&parent=655"}],"wp:term":[{"taxonomy":"category","embeddable":true,"href":"https:\/\/istanbulsmiskou.sk\/index.php?rest_route=%2Fwp%2Fv2%2Fcategories&post=655"},{"taxonomy":"post_tag","embeddable":true,"href":"https:\/\/istanbulsmiskou.sk\/index.php?rest_route=%2Fwp%2Fv2%2Ftags&post=655"}],"curies":[{"name":"wp","href":"https:\/\/api.w.org\/{rel}","templated":true}]}}